
{"id":10026,"date":"2020-10-12T12:03:19","date_gmt":"2020-10-12T12:03:19","guid":{"rendered":"http:\/\/zupnija-gomilsko.rkc.si\/journal\/?p=10026"},"modified":"2020-10-01T02:07:45","modified_gmt":"2020-10-01T02:07:45","slug":"rencontres-yves-chaland-3","status":"publish","type":"post","link":"http:\/\/zupnija-gomilsko.rkc.si\/journal\/2020\/10\/12\/rencontres-yves-chaland-3\/","title":{"rendered":"Rencontres Yves Chaland"},"content":{"rendered":"<p>Classiques incontournables, perles m\u00e9connues, succ\u00e8s destime ou commerciaux Errance au sein du neuvi\u00e8me art. En poste depuis 2010, \u00c9liane Longeville, principale du coll\u00e8ge Les Sali\u00e8res, dirigera \u00e0 la rentr\u00e9e de septembre un coll\u00e8ge \u00e0 Thouars. Direction Lagord pour Jean-Yves Sanchez-Op\u00e9riol, son adjoint, arriv\u00e9 en 2014. Lexamen du dipl\u00f4me national du brevet derri\u00e8re eux, \u00c9liane Longeville, principale du coll\u00e8ge Les Sali\u00e8res, et Jean-Yves Sanchez Op\u00e9riol, son adjoint, se projettent sur <img decoding=\"async\" src=\"http:\/\/www.lotetgaronne.fr\/fileadmin\/A_la_une\/Actu_semaine_38_2017\/Affich%20EXPO%20Chaland%20coll%20017.jpg\" alt=\"rencontres yves chaland\" align=\"center\"> ___________________________________________________ Apr\u00e8s trois mois de crise sanitaire, le Premier ministre Edouard Philippe a pr\u00e9sent\u00e9 la deuxi\u00e8me phase du d\u00e9confinement qui doit entrer en application \u00e0 partir du 2 juin. Ce jeudi 28 mai, Edouard Philippe a pr\u00e9sent\u00e9 la deuxi\u00e8me phase du d\u00e9confinement. Les r\u00e9sultats sont bons sur le plan national, a indiqu\u00e9 en pr\u00e9ambule le Premier Est-ce quil nexiste pas une licence qui autorise seulement la publication sur wikip\u00e9dia? En obtenant une autorisation \u00e9crite, cela limiterai lusage de la novembre 2002 archives de bandes dessinees et ainsi les \u00e9diteurs ni opposeraient pas leur v\u00e9to. Ollamh 17 ao\u00fbt \u00e0 CEST. Organis\u00e9 pour la quatri\u00e8me ann\u00e9e cons\u00e9cutive par lassociation R\u00e9 tennis de table, le march\u00e9 festif dArs-en-R\u00e9 est un rendez-vous incontournable depuis plus de dix ans pour de nombreux gourmets et gourmands. Les 29 et 30 d\u00e9cembre, \u00e0 la veille du r\u00e9veillon de la Saint-Sylvestre, quantit\u00e9 de promeneurs ont fl\u00e2n\u00e9 dans ses all\u00e9es \u00e0 la recherche de Pour anticiper et g\u00e9rer la crise, un collectif de m\u00e9decins g\u00e9n\u00e9ralistes est n\u00e9. Entretien avec lun de ses membres. Le Phare de R\u00e9 : Comment en \u00eates-vous venu \u00e0 former ce collectif de m\u00e9decins g\u00e9n\u00e9ralistes? Docteur Alexandra Benaiteau : Nous avons lhabitude de travailler ensemble et nous nous r\u00e9unissons r\u00e9guli\u00e8rement pour \u00e9changer. La situation que nous vivons  Ce message saffichera sur lautre appareil. Pourquoi voyez-vous ce message? Des architectes roulants qui retracent la ville, de lents paysages \u00e0 eux-seuls. Le d\u00e9put\u00e9 Olivier Falorni a d\u00e9pos\u00e9, ce mercredi matin \u00e0 lAssembl\u00e9e nationale, un amendement allant dans le sens dun d\u00e9confinement responsable des plages d\u00e8s le 11 mai. Lamendement d\u00e9pos\u00e9 ce jour par le d\u00e9put\u00e9 Libert\u00e9s et Territoires de la circonscription La Rochelle \u00eele de R\u00e9 sinscrit dans le cadre de lexamen du projet de Les objets envoy\u00e9s \u00e0 l\u00e9tranger peuvent \u00eatre soumis \u00e0 des formalit\u00e9s douani\u00e8res et \u00e0 des frais suppl\u00e9mentaires. Les adolescents adh\u00e9rents du R\u00e9 Espace Jeunes, lassociation qui anime la maison des jeunes et des associations MJA \u00e0 la Flotte nont pas eu le temps de sennuyer pendant les vacances de f\u00e9vrier. Comme \u00e0 laccoutum\u00e9e, pendant la premi\u00e8re semaine, Elisa Cuau, la directrice, a accompagn\u00e9 les 1217 ans pour un s\u00e9jour de ski dans <img decoding=\"async\" src=\"http:\/\/i01.servimg.com\/u\/10\/09\/28\/39\/ded_ch10.jpg\" alt=\"rencontres yves chaland\" align=\"left\"> Cest une exposition de tr\u00e8s belle qualit\u00e9 qua offerte la dizaine de photographes portingalais 1, du 14 au 16 juin \u00e0 la salle des f\u00eates. R\u00e9sidents secondaires ou permanents pour la majorit\u00e9, parmi lesquels trois jeunes, ont pr\u00e9sent\u00e9 leurs photos, un pari audacieux pour la plupart de ces amateurs qui nont pas lhabitude de sexposer. On  La pi\u00e8ce de th\u00e9\u00e2tre pr\u00e9sent\u00e9e chaque \u00e9t\u00e9 \u00e0 la fin ao\u00fbt dans les jardins du mus\u00e9e par le Radeau de la M\u00e9duse, le mus\u00e9e Ernest-Cognacq et la municipalit\u00e9 de Saint-Martin, a r\u00e9uni pr\u00e8s de 300 personnes le jeudi 22 ao\u00fbt. Le public \u00e9tait venu applaudir la pi\u00e8ce dun \u00e9crivain contemporain, Jacques Mougenot, dont plusieurs pi\u00e8ces <img decoding=\"async\" src=\"http:\/\/www.lotetgaronne.fr\/fileadmin\/A_la_une\/Actu_semaine_38_2017\/Affich%20expo%2072h%202017w.jpg\" alt=\"rencontres yves chaland\" align=\"right\"> Ces derniers jours \u00e0 Sainte-Marie, des personnes \u00e2g\u00e9es ont \u00e9t\u00e9 importun\u00e9es par de faux d\u00e9marcheurs. Les gendarmes appellent \u00e0 la vigilance. Par un mail adress\u00e9 \u00e0 la r\u00e9daction, Marguerite a souhait\u00e9 attirer lattention des personnes \u00e2g\u00e9es, cibles pr\u00e9f\u00e9r\u00e9es des faux d\u00e9marcheurs \u00e0 domicile, apr\u00e8s que sa grand-m\u00e8re \u00e2g\u00e9e de 83 ans a \u00e9t\u00e9 contrainte de Commentaire : Fourni dans un carton avec dessin coll\u00e9 sur le carton.  Pour nous Yves Chaland \u00e9tait notre ami avant d\u00eatre le plus talentueux dentre nous. Nos souvenirs ne sont pas ceux dex\u00e9g\u00e8tes qui se seraient trouv\u00e9s au plus pr\u00e8s du g\u00e9nie, ayant gr\u00e2ce \u00e0 une position privil\u00e9gi\u00e9e,vu \u00e9clore les pr\u00e9mices de l\u0153uvre. Bien s\u00fbr il y a des souvenirs de dessin sur des coins de table, mais ce sont surtout de bons souvenirs dun groupe damis \u00e9tudiants qui nous restent. Chaland nous faisons partie dune g\u00e9n\u00e9ration qui sappelait encore par son nom de famille Chaland je le vois dans son parka ou son blouson bleu arriver tard par le grand escalier de l\u00e9cole. Je le vois nous dire un lendemain de f\u00eate costum\u00e9e,je dois absolument retrouver une fille avec des moustaches de chat et des oreilles de Lapin. Je nous revois Cornillon, Biard, Chaland et moi dans la Simca 1100 de Jean-Fran\u00e7ois, bloqu\u00e9s en plein massif central par la neige, alors que nous nous rendions \u00e0 Angoul\u00eame, derri\u00e8re la vitre dun improbable caf\u00e9 de bord de route, \u00e0 analyser la fr\u00e9quence des flocons et leur grosseur. Face \u00e0 la pr\u00e9carit\u00e9 de certaines familles pendant le confinement, les sauveteurs r\u00e9tais livrent des denr\u00e9es avec leurs deniers personnels. Plus de cinquante paniers de courses ont \u00e9t\u00e9 gratuitement distribu\u00e9s aux R\u00e9tais les plus d\u00e9munis, jeudi dernier, par les membres de la SNSM \u00eele de R\u00e9. Ils vont r\u00e9it\u00e9rer lop\u00e9ration cette semaine. Nous savons que Des livres destin\u00e9s \u00e0 des patients choisis en toute libert\u00e9, et qui nauront en commun que le fait de navoir rien demand\u00e9. Mani\u00e8re, sans volont\u00e9 de faire un produit commercial Copyright 1998-2020 Home Solutions Design by.<\/p>\n","protected":false},"excerpt":{"rendered":"<p>rencontres yves chaland<\/p>\n","protected":false},"author":1,"featured_media":0,"comment_status":"closed","ping_status":"closed","sticky":false,"template":"","format":"standard","meta":{"footnotes":""},"categories":[1],"tags":[],"_links":{"self":[{"href":"http:\/\/zupnija-gomilsko.rkc.si\/journal\/wp-json\/wp\/v2\/posts\/10026"}],"collection":[{"href":"http:\/\/zupnija-gomilsko.rkc.si\/journal\/wp-json\/wp\/v2\/posts"}],"about":[{"href":"http:\/\/zupnija-gomilsko.rkc.si\/journal\/wp-json\/wp\/v2\/types\/post"}],"author":[{"embeddable":true,"href":"http:\/\/zupnija-gomilsko.rkc.si\/journal\/wp-json\/wp\/v2\/users\/1"}],"replies":[{"embeddable":true,"href":"http:\/\/zupnija-gomilsko.rkc.si\/journal\/wp-json\/wp\/v2\/comments?post=10026"}],"version-history":[{"count":1,"href":"http:\/\/zupnija-gomilsko.rkc.si\/journal\/wp-json\/wp\/v2\/posts\/10026\/revisions"}],"predecessor-version":[{"id":10027,"href":"http:\/\/zupnija-gomilsko.rkc.si\/journal\/wp-json\/wp\/v2\/posts\/10026\/revisions\/10027"}],"wp:attachment":[{"href":"http:\/\/zupnija-gomilsko.rkc.si\/journal\/wp-json\/wp\/v2\/media?parent=10026"}],"wp:term":[{"taxonomy":"category","embeddable":true,"href":"http:\/\/zupnija-gomilsko.rkc.si\/journal\/wp-json\/wp\/v2\/categories?post=10026"},{"taxonomy":"post_tag","embeddable":true,"href":"http:\/\/zupnija-gomilsko.rkc.si\/journal\/wp-json\/wp\/v2\/tags?post=10026"}],"curies":[{"name":"wp","href":"https:\/\/api.w.org\/{rel}","templated":true}]}}