
{"id":10038,"date":"2020-10-13T04:05:30","date_gmt":"2020-10-13T04:05:30","guid":{"rendered":"http:\/\/zupnija-gomilsko.rkc.si\/journal\/?p=10038"},"modified":"2020-10-01T02:41:49","modified_gmt":"2020-10-01T02:41:49","slug":"rencontrer-andy-schleck-3","status":"publish","type":"post","link":"http:\/\/zupnija-gomilsko.rkc.si\/journal\/2020\/10\/13\/rencontrer-andy-schleck-3\/","title":{"rendered":"Rencontrer Andy Schleck"},"content":{"rendered":"<p>Frank sentra\u00eene avec Andy et Voigt r\u00e9guli\u00e8rement mais bon il attend impatiemment lann\u00e9e prochaine pour pouvoir recourir! <img decoding=\"async\" src=\"http:\/\/sportspress.lu\/sites\/default\/files\/Ma1_160810_Gerry_Schmit_0009.jpg\" alt=\"rencontrer andy schleck\" align=\"left\"> D\u00e9part imminent pour la Corse ou je suivrai Andy sur mon \u00e9cran de t\u00e9l\u00e9. Jesp\u00e8re que tu es en grande forme pour ce 100\u00e8me Tour de France Andy, tous les fans te soutiennent et esp\u00e8re te voir au plus Et surtout jai une pens\u00e9e pour Andy et Fr\u00e4nk qui vont \u00eatre papas pour Andy pour la 1\u00e8re, pour Fr\u00e4nk la 2\u00e8me en mars et avril 2014! F\u00e9licitations \u00e0 tous les deux, vous reviendrez encore plus fort! Du kanns der guer net virstellen, wifill Freed s Du eis Velo-Supporter, d\u00e9i mer un der Streck stungen, bereet hues-dat war einfach onbeschreiwlech. 1 Valable pour les livraisons dans le pays suivant : Luxembourg. Plus dinfos sur les d\u00e9lais de livraison dans dautres pays ici : Je souhaite une Bonne et Heureuse ann\u00e9e 2015, \u00e0 Andy et \u00e0 Frank,..C\u00e9tait pr\u00e9visible effectivement, et Bob Jungels na pas vol\u00e9 sa s\u00e9lection puisquil a \u00e9t\u00e9 pr\u00e9sent depuis le d\u00e9but de la saison en remportant une belle course en Italie, une \u00e9tape du Tour du journ\u00e9e encore-Traduction en anglais-exemples fran\u00e7ais Reverso Context Bonsoir \u00e0 touts les fans. Je viens de lire les commentaires sur le livre dor et je suis tout \u00e0 fait daccord avec vous Frank ne m\u00e9rite pas d\u00eatre trait\u00e9 de cette fa\u00e7on. Jesp\u00e8re que pour Andy le <img decoding=\"async\" src=\"http:\/\/www.sucgarandspice.cf\/17247-home_default\/mug-ceramique-blanc-quadri-32-cl.jpg\" alt=\"rencontrer andy schleck\" align=\"right\"> Good luck for the future-and I wish you, and your family all the very best, and good fortune in the next career in your life.  Je tiens \u00e0 vous remercier pour vos commentaires qui d\u00e9notent lint\u00e9r\u00eat que vous avez apport\u00e9 sur laspect sportif et humain des fr\u00e8res Schleck. <img decoding=\"async\" src=\"http:\/\/nfl24.ru\/components\/com_joomgallery\/img_originals\/3_7\/___20100804_1850735635.jpg\" alt=\"rencontrer andy schleck\" align=\"center\"> ,je gagne, je gagne, je gagne et en avant&#8230; Au d\u00e9part du Tour 2007, Alberto Contador Discovery Channel se d\u00e9tache au g\u00e9n\u00e9ral en compagnie du Danois Michael Rasmussen. Le duel entre les deux hommes est \u00e9pique. LEspagnol est toutefois rel\u00e9gu\u00e9 \u00e0 plus de trois minutes avant que le grimpeur de la Rabobank ne soit exclu par son \u00e9quipe probl\u00e8me de localisation durant sa pr\u00e9paration au soir de la 17e \u00e9tape. Contador se pare de jaune et r\u00e9siste \u00e0 Cadel Evans et Levi Leipheimer. Deux ans apr\u00e8s, il revient sur le Tour avec Astana, en tant que favori aux c\u00f4t\u00e9s de Lance Armstrong, sorti de sa retraite. Contador sempare du Maillot Jaune apr\u00e8s une performance ph\u00e9nom\u00e9nale dans lascension de Verbier 15e \u00e9tape, puis contr\u00f4le Andy Schleck pour remporter son 2e Tour. Vainqueur du Tour de France 2010, le cycliste luxembourgeois a annonc\u00e9 sa retraite \u00e0 29 ans. Concernant Frank, il \u00e9tait bien en 30\u00e8me position dans le peloton quand la chute a eut lieu juste devant lui. Il nest pas tomb\u00e9 mais a \u00e9t\u00e9 bloqu\u00e9 par celle-ci et a \u00e9t\u00e9 retard\u00e9. Il na jamais pu Afin de montrer ces publicit\u00e9s personnalis\u00e9es, nous essayons davoir une id\u00e9e de vos int\u00e9r\u00eats probables en fonction des sites que vous visitez sur Internet. Sur la base de ces int\u00e9r\u00eats, nous adaptons le contenu sur notre site web aux diff\u00e9rents groupes de clients. Par exemple, en fonction de vos habitudes de navigation sur Internet, vous pouvez \u00eatre inclus dans une certaine cat\u00e9gorie, telle que homme, groupe d\u00e2ge 30 \u00e0 45 ans, mari\u00e9 avec enfants, sint\u00e9resse au football. Bien \u00e9videmment, ce groupe verra dautres publicit\u00e9s que le segment femme, groupe d\u00e2ge 20 \u00e0 30 ans, c\u00e9libataire et aime voyager. .<\/p>\n","protected":false},"excerpt":{"rendered":"<p>rencontrer andy schleck<\/p>\n","protected":false},"author":1,"featured_media":0,"comment_status":"closed","ping_status":"closed","sticky":false,"template":"","format":"standard","meta":{"footnotes":""},"categories":[1],"tags":[],"_links":{"self":[{"href":"http:\/\/zupnija-gomilsko.rkc.si\/journal\/wp-json\/wp\/v2\/posts\/10038"}],"collection":[{"href":"http:\/\/zupnija-gomilsko.rkc.si\/journal\/wp-json\/wp\/v2\/posts"}],"about":[{"href":"http:\/\/zupnija-gomilsko.rkc.si\/journal\/wp-json\/wp\/v2\/types\/post"}],"author":[{"embeddable":true,"href":"http:\/\/zupnija-gomilsko.rkc.si\/journal\/wp-json\/wp\/v2\/users\/1"}],"replies":[{"embeddable":true,"href":"http:\/\/zupnija-gomilsko.rkc.si\/journal\/wp-json\/wp\/v2\/comments?post=10038"}],"version-history":[{"count":1,"href":"http:\/\/zupnija-gomilsko.rkc.si\/journal\/wp-json\/wp\/v2\/posts\/10038\/revisions"}],"predecessor-version":[{"id":10039,"href":"http:\/\/zupnija-gomilsko.rkc.si\/journal\/wp-json\/wp\/v2\/posts\/10038\/revisions\/10039"}],"wp:attachment":[{"href":"http:\/\/zupnija-gomilsko.rkc.si\/journal\/wp-json\/wp\/v2\/media?parent=10038"}],"wp:term":[{"taxonomy":"category","embeddable":true,"href":"http:\/\/zupnija-gomilsko.rkc.si\/journal\/wp-json\/wp\/v2\/categories?post=10038"},{"taxonomy":"post_tag","embeddable":true,"href":"http:\/\/zupnija-gomilsko.rkc.si\/journal\/wp-json\/wp\/v2\/tags?post=10038"}],"curies":[{"name":"wp","href":"https:\/\/api.w.org\/{rel}","templated":true}]}}