
{"id":10250,"date":"2020-10-13T03:48:55","date_gmt":"2020-10-13T03:48:55","guid":{"rendered":"http:\/\/zupnija-gomilsko.rkc.si\/journal\/?p=10250"},"modified":"2020-10-01T12:09:30","modified_gmt":"2020-10-01T12:09:30","slug":"rencontres-franco-allemandes-berlin-3","status":"publish","type":"post","link":"http:\/\/zupnija-gomilsko.rkc.si\/journal\/2020\/10\/13\/rencontres-franco-allemandes-berlin-3\/","title":{"rendered":"Rencontres Franco Allemandes Berlin"},"content":{"rendered":"<p>Incompl\u00e8tes, et elle est forc\u00e9ment subjective. Les appr\u00e9ciations diff\u00e8rent : un observateur privil\u00e9gi\u00e9 des \u00e9changes franco-allemands en histoire a pu tout r\u00e9cemment qualifier les rapports entre historiens fran\u00e7ais et allemands dignorance tr\u00e8s amicale1. Notre intention nest nullement d\u00e9tablir ici un inventaire des coop\u00e9rations et \u00e9changes, ni une vue densemble, ce qui supposerait une enqu\u00eate syst\u00e9matique, mais plut\u00f4t de fournir quelques informations sur des coop\u00e9rations en cours2. Dans lensemble, lintensit\u00e9 des contacts et \u00e9changes ne peut cacher le fait que les communaut\u00e9s des historiens en France et en Allemagne ne sont pas seulement s\u00e9par\u00e9es par une barri\u00e8re linguistique mais peut-\u00eatre plus encore par une fronti\u00e8re produite et reproduite par les habitudes et les strat\u00e9gies propres \u00e0 chacune delles. Les r\u00e9seaux de communication et les strat\u00e9gies professionnelles ob\u00e9issent principalement \u00e0 des logiques internes, peu propices \u00e0 l\u00e9change international. Anl\u00e4sslich der deutschen EU-Ratspr\u00e4sidentschaft und unmittelbar vor den Ergbnissen der franz\u00f6sischen Pr\u00e4sidentschaftswahlen.-Private equity et financement du cin\u00e9ma europ\u00e9en ind\u00e9pendant : Mod\u00e8les, perspectives risques organis\u00e9 par Atelier Network Wie die Generaldirektorin in ihrer Einleitung verdeutlichte, verfolge diese Konferenz ein zweifaches Ziel: auf der einen Seite stehe die Konvergenz der beiden Rechtssysteme im Dienst, insbesondere bessere rechtliche Rahmenbedingungen f\u00fcr Unternehmen; auf der anderen Seite sei es die Unterst\u00fctzung des Erhalts der Verbindungen zwischen Akteuren des \u00f6ffentlichen und privaten, franz\u00f6sischen und deutschen Rechts sowie die Verteidigung gemeinsamer Positionen, insbesondere im Rahmen der Verhandlungen der Europ\u00e4ischen Richtlinien. Message en cas derreur au focus sur le champ Veuillez saisir le code de s\u00e9curit\u00e9 ci-dessous : la formation vise lacquisition de comp\u00e9tences interculturelles utiles pour lexercice de la relation franco-allemande n\u00e9gociations bilat\u00e9rales et europ\u00e9ennes, tenues de r\u00e9unions ; Disparition Disparition de lhistorien de lart et conservateur de mus\u00e9e Alain Erlande-Brandenburg Laure Kaltenbach Forum dAvignon, Andreas G\u00f6ren, J\u00e9r\u00f4me Duval-Hamel Jury ICC, Axel Ganz Forum dAvignonRuhr, Annette Gerlach ARTE Portable de permanence pour les cas durgence : 49 1608806313  Lorsque \u00e0 linitiative de la Fondation La D\u00e9p\u00eache, par son infatigable Pr\u00e9sidente Madame Marie-France Marchand-Baylet et avec le soutien de S.E. Nikolaus Meyer-Landrut Ambassadeur dAllemagne en France et celui de Madame Carole DELGA Pr\u00e9sidente de la R\u00e9gion Occitanie Pyr\u00e9n\u00e9es-M\u00e9diterran\u00e9e la soci\u00e9t\u00e9 civile, au travers des clubs daffaires franco-allemands de Toulouse et Montpellier, a \u00e9t\u00e9 sollicit\u00e9e pour participer activement \u00e0 cette premi\u00e8re Quinzaine Franco-Allemande en Occitanie, il aurait \u00e9t\u00e9 difficile et vain probablement de ne pas \u00eatre entra\u00een\u00e9 par leur enthousiasme roboratif couple franco-allemand-Traduction en allemand Dictionnaire Linguee Marie-Suzanne Le Qu\u00e9au revient sur lexp\u00e9rience du parquet g\u00e9n\u00e9ral de Douai dans la lutte contre l?immigration irr\u00e9guli\u00e8re <img decoding=\"async\" src=\"http:\/\/scd.rfi.fr\/sites\/filesrfi\/imagecache\/rfi_16x9_1024_578\/sites\/images.rfi.fr\/files\/aef_image\/2017-05-14t101301z_283531244_rc1598c91620_rtrmadp_3_france-election_0.jpg\" alt=\"rencontres franco allemandes berlin\" align=\"center\"> Une Visioconf\u00e9rence autour de Nico Lange, directeur de cabinet.. Artiste radical, Yves Klein constitue un mod\u00e8le pour les artistes europ\u00e9ens du groupe Zero. La F\u00e9d\u00e9ration des Chorales Franco-Allemandes a \u00e9t\u00e9 fond\u00e9e en 1983, dans le but danimer et de remplir de vie le Pacte dAmiti\u00e9 Franco-Allemand sign\u00e9 par Adenauer et De Gaulle 20 ans plus t\u00f4t Trait\u00e9 de lElys\u00e9e, 1963. Dans le cas dune violation r\u00e9p\u00e9t\u00e9e des r\u00e8gles et dun blocage r\u00e9p\u00e9t\u00e9, lacc\u00e8s de lutilisateur ne peut pas \u00eatre restaur\u00e9. Le blocage, dans ce cas, est d\u00e9finitif. On se rappelle les mots du d\u00e9put\u00e9 P Hetzel adress\u00e9s \u00e0 JM Blanquer le 21 janvier \u00e0 lAssembl\u00e9e \u00e0 propos des \u00e9preuves de controle continu du nouveau bac. Au stress habituel li\u00e9 au passage d\u00e9preuves, il serait bon de ne pas ajouter, \u00e0 chaque \u00e9tape de leur parcours des \u00e9l\u00e8ves NDLR, langoisse cr\u00e9\u00e9e par les blocages, les r\u00e9tentions de notes ou encore les reports d\u00e9preuves. Vous avez la responsabilit\u00e9 de la bonne organisation du service public de l\u00e9ducation nationale : les lyc\u00e9ens nont pas \u00e0 \u00eatre sacrifi\u00e9s au gr\u00e9 de votre impr\u00e9paration! <img decoding=\"async\" src=\"http:\/\/www.noirrougejaune.com\/wp-content\/uploads\/2016\/03\/nrj-berlin-kita-papillon-rouge-300x188.png\" alt=\"rencontres franco allemandes berlin\" align=\"center\"> leur volont\u00e9 de mettre en place des rencontres bi-ou multinationales dans lavenir. Durant lann\u00e9e 1961, il participe aux expositions du groupe Zero Gruppo 0 0 \u00e0 la Galleria La Salita de Rome, Datozero \u00e0 la galerie Dato de Francfort, Zero \u00e0 galerie A dArnheim ainsi quaux expositions Aktuelle Kunstverein, Bilder und Plastiken aus des Sammlung Dotremont \u00e0 la Kunstverein f\u00fcr die Rheinlande und Westfalen et \u00e0 la Kunsthalle de D\u00fcsserldorf et Moderne Malerei seit 1945 aus der Sammlung Dotremont \u00e0 la Kunsthalle Basel de B\u00e2le. Avec les Nouveaux R\u00e9alistes il participe aux expositions Le Nouveau R\u00e9alisme \u00e0 Paris et \u00e0 New York \u00e0 galerie Rive Droite de Paris, Exposition des Nouveaux R\u00e9alistes \u00e0 la galerie Samlaren de Stockholm, Premier Festival du Nouveau R\u00e9alisme \u00e0 la galerie Muratore de Nice. En mars et juillet 1961, Yves Klein r\u00e9alise des au Centre dessai de Gaz de France. 5044 \u00c9couter \u00c9couter Ajouter \u00e0 la playlist Los gritos de Mexico Des articles premium suppl\u00e9mentaires offerts chaque mois sur le site <img decoding=\"async\" src=\"http:\/\/subject.serenitynowmassagetherapy.com\/img\/400\/55f859c8ac543-promotion-couvreur-des-yvelines-couverture-soc-maurepas-78310-ile-de-france-1-400.jpg\" alt=\"rencontres franco allemandes berlin\" align=\"right\"> Index Veuillez saisir un terme de recherche Rechercher Laffaire fait d\u00e9sormais lobjet dune enqu\u00eate : le 10 mars, Ann-Kathrin Stracke, journaliste pour la cha\u00eene publique allemande WDR,  .<\/p>\n","protected":false},"excerpt":{"rendered":"<p>rencontres franco allemandes berlin<\/p>\n","protected":false},"author":1,"featured_media":0,"comment_status":"closed","ping_status":"closed","sticky":false,"template":"","format":"standard","meta":{"footnotes":""},"categories":[1],"tags":[],"_links":{"self":[{"href":"http:\/\/zupnija-gomilsko.rkc.si\/journal\/wp-json\/wp\/v2\/posts\/10250"}],"collection":[{"href":"http:\/\/zupnija-gomilsko.rkc.si\/journal\/wp-json\/wp\/v2\/posts"}],"about":[{"href":"http:\/\/zupnija-gomilsko.rkc.si\/journal\/wp-json\/wp\/v2\/types\/post"}],"author":[{"embeddable":true,"href":"http:\/\/zupnija-gomilsko.rkc.si\/journal\/wp-json\/wp\/v2\/users\/1"}],"replies":[{"embeddable":true,"href":"http:\/\/zupnija-gomilsko.rkc.si\/journal\/wp-json\/wp\/v2\/comments?post=10250"}],"version-history":[{"count":1,"href":"http:\/\/zupnija-gomilsko.rkc.si\/journal\/wp-json\/wp\/v2\/posts\/10250\/revisions"}],"predecessor-version":[{"id":10251,"href":"http:\/\/zupnija-gomilsko.rkc.si\/journal\/wp-json\/wp\/v2\/posts\/10250\/revisions\/10251"}],"wp:attachment":[{"href":"http:\/\/zupnija-gomilsko.rkc.si\/journal\/wp-json\/wp\/v2\/media?parent=10250"}],"wp:term":[{"taxonomy":"category","embeddable":true,"href":"http:\/\/zupnija-gomilsko.rkc.si\/journal\/wp-json\/wp\/v2\/categories?post=10250"},{"taxonomy":"post_tag","embeddable":true,"href":"http:\/\/zupnija-gomilsko.rkc.si\/journal\/wp-json\/wp\/v2\/tags?post=10250"}],"curies":[{"name":"wp","href":"https:\/\/api.w.org\/{rel}","templated":true}]}}