
{"id":10352,"date":"2020-10-13T01:59:44","date_gmt":"2020-10-13T01:59:44","guid":{"rendered":"http:\/\/zupnija-gomilsko.rkc.si\/journal\/?p=10352"},"modified":"2020-10-01T15:29:50","modified_gmt":"2020-10-01T15:29:50","slug":"rencontres-h-langlois-4","status":"publish","type":"post","link":"http:\/\/zupnija-gomilsko.rkc.si\/journal\/2020\/10\/13\/rencontres-h-langlois-4\/","title":{"rendered":"Rencontres H Langlois"},"content":{"rendered":"<p>En m\u00eame temps, je vis para\u00eetre un cheval p\u00e2le, et celui qui \u00e9tait mont\u00e9 dessus sappelait la Mort, et lenfer le suivait; et le pouvoir lui fut donn\u00e9 sur les quatre parties de la terre, pour y faire mourir les hommes par l\u00e9p\u00e9e, par la famine, par la mortalit\u00e9, et par les b\u00eates sauvages. <img decoding=\"async\" src=\"http:\/\/ts.x24cdn.com\/productionsrhizome.org\/media\/library\/576\/2446\/02446.001.X.jpg\" alt=\"rencontres h langlois\" align=\"left\"> Je travaille pour le centre de lhistoire et de la culture juive, le Max-Samuel-Haus, \u00e0 Rostock, Allemagne. Nous pr\u00e9parons une exposition sur Lotte H. Eisner, conservatrice en chef de la cin\u00e9math\u00e8que fran\u00e7aise de 1945 \u00e0 1968. Elle est \u00e9migr\u00e9e en France en 1933 et rest\u00e9e jusqu\u00e0 sa mort en 1983 \u00e0 Paris. Je mint\u00e9resse pour des articles des journaux, comme Le Monde, pour les ann\u00e9es de 1945 \u00e0 1983. Pourriez-vous me dire o\u00f9 est-ce que je peux chercher parce que les archives du Monde p.ex commence en 1985. Ce qui mint\u00e9resse cela sont des articles sur Lotte Eisner, son travail pour la cin\u00e9math\u00e8que ou aussi un article n\u00e9crologique apr\u00e8s sa mort. Pour offrir sa candidature : redactioncafebabel.com trouvai mes neuf camarades nantis dhabits d\u00e9toffes charmantes. Un Grand prix du jury : En chemin de Taisia Igumentseva VGIK, Russie ; mention sp\u00e9ciale \u00e0 Volume de Mahalia Belo NFTS, Royaume-Uni. Fran\u00e7ois Payet, sc\u00e9nographe, et Virginie Serna, conservateur du patrimoine, commissaire de lexposition Article doccasion v\u00e9rifi\u00e9 par un revendeur sp\u00e9cialis\u00e9 Cette page a \u00e9t\u00e9 mise \u00e0 jour le : 12-juin 23:38. Il se peut que les donn\u00e9es sur le nombre dench\u00e8res et le montant ne soient pas \u00e0 jour. Pour conna\u00eetre les frais et options de livraison internationaux, consultez chaque annonce individuellement. <img decoding=\"async\" src=\"http:\/\/www.gladmamge.tk\/Images\/0001(1)(2).jpg\" alt=\"rencontres h langlois\" align=\"center\"> video 2. Conqu\u00e9rir et fid\u00e9liser de nouveaux clients pour vos franchis\u00e9s Conf\u00e9rence issue des rencontres de lOfficiel des R\u00e9seaux du 27 juin 2019 \u00e0 Paris 2. Conqu\u00e9rir et fid\u00e9liser de nouveaux clients pour vos franchis\u00e9s puis, Peyssard ayant annonc\u00e9 que ce discours navait eu dautre  En 2018, elle joue au Th\u00e9\u00e2tre dans Retours de Fr\u00e9d\u00e9ric Brattberg ainsi que dans Aux noms du foot de Fabrice Cl\u00e9ment.   cerb\u00e8res, si lun de nos plus chers amis, notre p\u00e8re lui-m\u00eame, L\u00e9mission Un temps pour parler est diffus\u00e9e mardi \u00e0 16 h 30, vendredi \u00e0 21 h 30, samedi \u00e0 2 h 30 et dimanche \u00e0 15 h 30. La Dordogne. Le Moniteur a estropi\u00e9 son nom en lui faisant voter la <img decoding=\"async\" src=\"http:\/\/engelhoxlmaudio.tk\/var\/plain_site\/storage\/images\/media\/images\/sud-management\/15625-1-fre-FR\/sud-management.jpg\" alt=\"rencontres h langlois\" align=\"right\"> Les sorties du pr\u00e9sident pour aller \u00e0 la rencontre de ses supporteurs venus le visiter \u00e0 Brasilia, la capitale, sont maintenant c\u00e9l\u00e8bres. Se distinguant des autres chefs d\u00c9tat, \u00e0 lencontre des directives de lOrganisation mondiale de la sant\u00e9 OMS, mais \u00e9galement des m\u00e9decins de sa propre sant\u00e9 publique, il harangue les foules allant m\u00eame jusqu\u00e0 tousser sur les participants les plus proches de lui. En outre, en pleine crise, il a renvoy\u00e9 son ministre de la Sant\u00e9. Cette approche face \u00e0 la COVID-19 lui a valu de vives critiques tant de la part des grands journaux br\u00e9siliens que de plusieurs gouverneurs et maires, en particulier des grandes villes. Dans un pass\u00e9 pas si lointain, certains dentre eux lappuyaient pourtant et avaient m\u00eame contribu\u00e9 \u00e0 son \u00e9lection. Les \u00e9lecteurs br\u00e9siliens sont de plus en plus en d\u00e9saccord avec sa gestion de la crise. Les taux dapprobation de celle-ci suivent en effet la courbe inverse de laugmentation des cas dinfection et de mortalit\u00e9 au coronavirus.<\/p>\n","protected":false},"excerpt":{"rendered":"<p>rencontres h langlois<\/p>\n","protected":false},"author":1,"featured_media":0,"comment_status":"closed","ping_status":"closed","sticky":false,"template":"","format":"standard","meta":{"footnotes":""},"categories":[1],"tags":[],"_links":{"self":[{"href":"http:\/\/zupnija-gomilsko.rkc.si\/journal\/wp-json\/wp\/v2\/posts\/10352"}],"collection":[{"href":"http:\/\/zupnija-gomilsko.rkc.si\/journal\/wp-json\/wp\/v2\/posts"}],"about":[{"href":"http:\/\/zupnija-gomilsko.rkc.si\/journal\/wp-json\/wp\/v2\/types\/post"}],"author":[{"embeddable":true,"href":"http:\/\/zupnija-gomilsko.rkc.si\/journal\/wp-json\/wp\/v2\/users\/1"}],"replies":[{"embeddable":true,"href":"http:\/\/zupnija-gomilsko.rkc.si\/journal\/wp-json\/wp\/v2\/comments?post=10352"}],"version-history":[{"count":1,"href":"http:\/\/zupnija-gomilsko.rkc.si\/journal\/wp-json\/wp\/v2\/posts\/10352\/revisions"}],"predecessor-version":[{"id":10353,"href":"http:\/\/zupnija-gomilsko.rkc.si\/journal\/wp-json\/wp\/v2\/posts\/10352\/revisions\/10353"}],"wp:attachment":[{"href":"http:\/\/zupnija-gomilsko.rkc.si\/journal\/wp-json\/wp\/v2\/media?parent=10352"}],"wp:term":[{"taxonomy":"category","embeddable":true,"href":"http:\/\/zupnija-gomilsko.rkc.si\/journal\/wp-json\/wp\/v2\/categories?post=10352"},{"taxonomy":"post_tag","embeddable":true,"href":"http:\/\/zupnija-gomilsko.rkc.si\/journal\/wp-json\/wp\/v2\/tags?post=10352"}],"curies":[{"name":"wp","href":"https:\/\/api.w.org\/{rel}","templated":true}]}}