
{"id":10436,"date":"2020-10-13T03:27:12","date_gmt":"2020-10-13T03:27:12","guid":{"rendered":"http:\/\/zupnija-gomilsko.rkc.si\/journal\/?p=10436"},"modified":"2020-10-01T18:25:52","modified_gmt":"2020-10-01T18:25:52","slug":"soirees-rencontres-jacques-3","status":"publish","type":"post","link":"http:\/\/zupnija-gomilsko.rkc.si\/journal\/2020\/10\/13\/soirees-rencontres-jacques-3\/","title":{"rendered":"Soirees Rencontres Jacques"},"content":{"rendered":"<p> En 2009, il d\u00e9cide de revenir vers le design li\u00e9 aux objets physiques. Il fonde Volumique qui est une maison d\u00e9dition, mais aussi un studio dinvention, de conception et de d\u00e9veloppement de nouveaux types de jeux, de jouets et de livres, bas\u00e9 sur la mise en relation du tangible et du num\u00e9rique. OM : Zubizarreta vers la sortie-Football MAXIFOOT ou encore, sest \u00e9panch\u00e9 sur ses meilleurs souvenirs, \u00e0 loccasion dun entretien accord\u00e9 au Parisien de ce jeudi 4 ao\u00fbt 2016. <img decoding=\"async\" src=\"http:\/\/institutfrancais.nl\/uploads\/37eaac962ff673e8e0e1c0ca37d7c44f.png\" alt=\"soirees rencontres jacques\" align=\"left\"> <img decoding=\"async\" src=\"http:\/\/cabinet-revel.com\/prochaineVente\/deburaux\/EB_DEBURAUX_livres_Page_57.jpg\" alt=\"soirees rencontres jacques\" align=\"center\"> DENFERT Caf\u00e9 58 bd Saint-Jacques 75014 Paris M\u00e9tro: Denfert-Rochereau lignes 4, 6, RER B En 2017, pour la 3 e ann\u00e9e cons\u00e9cutive, la Nuit de lAnn\u00e9e sest d\u00e9roul\u00e9e aux Papeteries \u00c9tienne et a accueilli plus de 5000 visiteurs. Lhistoire de ComPublics en 63 rencontres-Marie-Pierre P\u00e9 Samedi 6 Juillet \u00e0 23h Parc des Ateliers M\u00e9canique G\u00e9n\u00e9rale conception graphique : Axel Pelletanche Thevenart cr\u00e9dit typographique : Didier Stable <img decoding=\"async\" src=\"http:\/\/www.recremorges.org\/adultes\/images\/images-site\/Affiche-2015\/Affiche-Morges-2015-v2-1280.jpg\" alt=\"soirees rencontres jacques\" align=\"right\"> Pour son film Que la diable nous emporte Cin\u00e9ma LUX  La f\u00eate r\u00e9uni 1500 personnes. Le champagne coule \u00e0 flot. Le Palace semble d\u00e9j\u00e0 devenir le futur lieu incontournable de la nuit parisienne. Et il le sera: lann\u00e9e suivante, Gainsbourg y donnera des concerts qui relanceront sa carri\u00e8re et Karl Lagerfeld y organisera son Bal V\u00e9nitien. Prince y donne son premier concert parisien en 1983. Peu \u00e0 peu, Le Palace devient un lieu mythique de la vie nocturne parisienne. Les cours de salsa cubaine sont dispens\u00e9s le lundi, le mardi et le mercredi par S\u00e9verine, Thierry N, Thierry M et C\u00e9dric. Votre adresse de messagerie ne sera pas publi\u00e9e. Les champs obligatoires sont indiqu\u00e9s avec Vous pouvez envoyer cet article par email \u00e0 vos amis. La voiture existe, il faut sen accommoder et il sagit dadapter Paris \u00e0 la fois \u00e0 la vie des Parisiens et aux n\u00e9cessit\u00e9s de lautomobile, \u00e0 condition que les automobilistes veuillent bien se discipliner, d\u00e9clarait Georges Pompidou en 1971. Si les effets de ce volontarisme il est vrai un peu trop univoque pour anticiper tout \u00e0 fait les d\u00e9fis \u00e0 venir des nouveaux environnements de mobilit\u00e9 se sont dissip\u00e9s, la voiture occupe encore une place singuli\u00e8re dans nos vies et y convoque la typographie de fa\u00e7on parfois surprenante. Identit\u00e9 de marque, tableaux de bord, le signal, linformation empruntent parfois des chemins inattendus. Ainsi que lexposeront J\u00e9r\u00e9mie Hornus et Yorgo Tloupas de cette soir\u00e9e exceptionnelle, la typographie, plus que jamais, sait \u00eatre le v\u00e9hicule du texte et de bien dautres choses. La plateforme a \u00e9galement \u00e9t\u00e9 enrichie dune section intitul\u00e9e Plan\u00e8te Photographie qui comprend des rep\u00e8res chronologiques des principales techniques par le biais dune frise chronologique, un lexique comportant pr\u00e8s de 200 d\u00e9finitions en lien avec la photographie, des sites ressources, une cartographie de France des principaux lieux d\u00e9di\u00e9s \u00e0 la photographie et \u00e0 l\u00e9ducation aux images, des fiches m\u00e9tiers et une page dactualit\u00e9s. 11 juin 2020 Par Quentin M\u00fcller, Margaux Solinas  Les Fran\u00e7ais vouent une passion inconditionnelle aux chiens, la France en compte dailleurs plus de 7 millions sur son territoire.. Merci \u00e0 Patricia pour son accueil et sa sollicitude. Sid Grossman, Ethan Levitas, Garry Winogrand, Peter Mitchell, Eamonn Doyle, Christian Marclay, Bernard Plossu, Charles Fr\u00e9ger, Sara Galbiati, Peter Helles Eriksen, Tobias Selnaes Markussen, Maud Sulter, Laia Abril, Piero Martinello, Jo\u00e3o Pina, St\u00e9phanie Solinas, Yan Morvan, Alexandre Guirkinger, Don McCullin, PJ Harvey Seamus Murphy, Yann Gross, Alinka Echeverr\u00eda, Maurizio Cattelan Pierpaolo Ferrari, Augustin Rebetez, Frank Berger, Stephanie Kiwitt, Basma Alsharif, Daisuke Yokota, Marie Angeletti, Christodoulos Panayiotou, Nader Adem, Sarah Waiswa, Beni Bischof, Sara Cwynar. Rencontres de la Photo 2019 \u00e0 Arles : le programme et les bons plans.<\/p>\n","protected":false},"excerpt":{"rendered":"<p>soirees rencontres jacques<\/p>\n","protected":false},"author":1,"featured_media":0,"comment_status":"closed","ping_status":"closed","sticky":false,"template":"","format":"standard","meta":{"footnotes":""},"categories":[1],"tags":[],"_links":{"self":[{"href":"http:\/\/zupnija-gomilsko.rkc.si\/journal\/wp-json\/wp\/v2\/posts\/10436"}],"collection":[{"href":"http:\/\/zupnija-gomilsko.rkc.si\/journal\/wp-json\/wp\/v2\/posts"}],"about":[{"href":"http:\/\/zupnija-gomilsko.rkc.si\/journal\/wp-json\/wp\/v2\/types\/post"}],"author":[{"embeddable":true,"href":"http:\/\/zupnija-gomilsko.rkc.si\/journal\/wp-json\/wp\/v2\/users\/1"}],"replies":[{"embeddable":true,"href":"http:\/\/zupnija-gomilsko.rkc.si\/journal\/wp-json\/wp\/v2\/comments?post=10436"}],"version-history":[{"count":1,"href":"http:\/\/zupnija-gomilsko.rkc.si\/journal\/wp-json\/wp\/v2\/posts\/10436\/revisions"}],"predecessor-version":[{"id":10437,"href":"http:\/\/zupnija-gomilsko.rkc.si\/journal\/wp-json\/wp\/v2\/posts\/10436\/revisions\/10437"}],"wp:attachment":[{"href":"http:\/\/zupnija-gomilsko.rkc.si\/journal\/wp-json\/wp\/v2\/media?parent=10436"}],"wp:term":[{"taxonomy":"category","embeddable":true,"href":"http:\/\/zupnija-gomilsko.rkc.si\/journal\/wp-json\/wp\/v2\/categories?post=10436"},{"taxonomy":"post_tag","embeddable":true,"href":"http:\/\/zupnija-gomilsko.rkc.si\/journal\/wp-json\/wp\/v2\/tags?post=10436"}],"curies":[{"name":"wp","href":"https:\/\/api.w.org\/{rel}","templated":true}]}}