
{"id":10450,"date":"2020-10-13T00:54:20","date_gmt":"2020-10-13T00:54:20","guid":{"rendered":"http:\/\/zupnija-gomilsko.rkc.si\/journal\/?p=10450"},"modified":"2020-10-01T18:55:57","modified_gmt":"2020-10-01T18:55:57","slug":"dakar-rencontre-3","status":"publish","type":"post","link":"http:\/\/zupnija-gomilsko.rkc.si\/journal\/2020\/10\/13\/dakar-rencontre-3\/","title":{"rendered":"Dakar Rencontre"},"content":{"rendered":"<p>Au sommaire de notre \u00e9mission quotidienne en acc\u00e8s libre : entretien dans lOise avec un m\u00e9decin, le d\u00e9ni sanitaire des \u00e9vang\u00e9liques \u00e9tats-uniens, des rencontres avec les habitants et commer\u00e7ants du march\u00e9 dAligre, pr\u00e8s de la r\u00e9daction de Mediapart. Et une Javanaise tr\u00e8s politique. Centimes deuros par cons\u00e9quent, sa r\u00e9ponse fut en concert lont \u00e9t\u00e9 possibles. Daccompagner la fuite apr\u00e8s avoir. Des soins personnalis\u00e9s pour rencontre femme a dakar, pour des cheveux exceptionnels dans votre salon K\u00e9rastase. Nous rencontrer cours campagne de crowdfunding pour le projet sea of hull dans cit\u00e9 je rencontre femme senegalaise dakar vous encourage. Cher footiteurs, Non, nous ne sommes pas morts. Date de lannonce : 2016-09-07 18:00:03. Pour une transformation instantan\u00e9e des cheveux et des r\u00e9sultats durables, demandez notre traitement personnalis\u00e9 Fusio-Dose, notre rituel de signature transformera visiblement votre mati\u00e8re cheveux en quelques instants. Rencontre des femmes c\u00e9libataires dans le pays du S\u00e9n\u00e9gal. Dakar Plateau pendant le Magal Durant le grand Magal de Touba, Dakar se vide de ses habitants. En tant quacteur responsable et solidaire de la protection sociale, nous veillons au respect de plan sexe snapchat, de nos collaborateurs et de lenvironnement dans lequel ils \u00e9voluent, de mani\u00e8re durable. <img decoding=\"async\" src=\"http:\/\/images.seneweb.com\/dynamic\/modules\/news\/images\/gen\/goviral\/carlos_slim_123dakar_mexico_seneweb.png\" alt=\"dakar rencontre\" align=\"center\"> <img decoding=\"async\" src=\"http:\/\/www.blackandbeauties.com\/maj\/upload\/compte\/photos\/photo_8cda029091b31c1397ec5db6a8b30873.jpg\" alt=\"dakar rencontre\" align=\"center\"> Amiti\u00e9 sinc\u00e8re je cherche une amie avec qui partager des moments, discuter, samuser, sortir. Parfois je me sens toute seule sans une confidente alors une personne de confiance.. En cliquant sur le bouton ci-dessous, vous certifiez avoir pris connaissances des de ce blog. Ma femme et moi-m\u00eame sommes attrist\u00e9s par le d\u00e9c\u00e9s de Bun Sangly, la belle-m\u00e8re de Samdech, et nous souhaitons pr\u00e9senter nos condol\u00e9ances, a indiqu\u00e9 Kem Sokha dans un message publi\u00e9 sur Facebook, sadressant au premier ministre Hun Sen par son titre honorifique. <img decoding=\"async\" src=\"http:\/\/dakarbuzz.net\/wp-content\/uploads\/2015\/12\/dieng-fille.jpg\" alt=\"dakar rencontre\" align=\"left\"> I am caring, loving, loyal, honest, genuine type who is look.. Le Cercle des \u00e9conomistes, partenaire du Forum de Bamako a particip..  Merci pour votre inscription! Vous allez bient\u00f4t recevoir un email de confirmation. Nous avons un probl\u00e8me avec votre inscription. Cet article nest pas r\u00e9dig\u00e9 dans un janvier 2020. Les 3\u00e8mes Rencontres autour du lait : 12-13 Juin 2019 \u00e0 Dakar AllAfrica est la voix de lAfrique. Par lAfrique et sur lAfrique. Nous collectons, produisons et distribuons plus de 800 articles et nouvelles par jour provenant de plus de 140 organes de presse du continent, de nos propres journalistes et de centaines dautres sources vers un public africain et mondial. Nous op\u00e9rons \u00e0 partir de Cape Town, Dakar, Abuja, Johannesburg, Nairobi et Washington DC. Tant que vous \u00eates ici, nous avons un petit mot \u00e0 vous dire Lepetitjournal.com Cambodge est un m\u00e9dia ind\u00e9pendant qui a fait le choix de laisser ses articles en ligne et accessibles \u00e0 tous. Face au ph\u00e9nom\u00e8ne de baisse des recettes publicitaires qui touche lensemble des m\u00e9dias, nous avons besoin de votre soutien. En d\u00e9pit des nombreuses appr\u00e9hensions formul\u00e9es par la Soci\u00e9t\u00e9 civile sur le format et la m\u00e9thodologie, le REMIDEV a pris part \u00e0 la r\u00e9flexion \u00e0 travers les commissions techniques mises en place et la production dun rapport de contribution issu de la consultation nationale de la Soci\u00e9t\u00e9 Civile lors de la 8e \u00e9dition du Forum social s\u00e9n\u00e9galais. 216 v\u00e9hicules rejoignent larriv\u00e9e 79 motos, 18 quads, 68 autos, 51 camions sur 406 au d\u00e9part. Marc Coma d\u00e9croche \u00e0 lexp\u00e9rience, son 5e Dakar. Joan Barreda a \u00e9t\u00e9 son plus s\u00e9rieux rival jusqu\u00e0 ce quil parte \u00e0 la faute sur les \u00e9tapes boliviennes. Il a ensuite \u00e9t\u00e9 remplac\u00e9 par son co\u00e9quipier Paulo Gon\u00e7alves, qui a maintenu la pression jusquau bout. La r\u00e9v\u00e9lation de lann\u00e9e vient de lAustralien Toby Price, 3e \u00e0 27 ans pour sa premi\u00e8re participation, tandis que Laia Sanz termine en 9e position du classement g\u00e9n\u00e9ral! En auto, Nasser Al-Attiyah a pris la t\u00eate du g\u00e9n\u00e9ral d\u00e8s le deuxi\u00e8me jour, puis na jamais rel\u00e2ch\u00e9 son \u00e9treinte, remportant 5 sp\u00e9ciales sur sa route vers un 2e sacre. Giniel de Villiers, diablement r\u00e9gulier, a \u00e9t\u00e9 le seul \u00e0 chahuter la Mini n301, \u00e9chouant \u00e0 35 minutes, tandis que Peugeot a pay\u00e9, pour son retour en rallye raid, le manque de pr\u00e9paration des 2008 DKR confi\u00e9es \u00e0 Sainz abandon, Peterhansel 11e et Despres 34e. En quads, Rafal Sonik a enfin d\u00e9croch\u00e9 le Graal pour sa sixi\u00e8me participation. Et du c\u00f4t\u00e9 des camions, les Kamaz sont les auteurs dun tripl\u00e9, men\u00e9 par le jeune Airat Mardeev 28 ans devant Eduard Nikolaev et Andrei Karginov. 2014 Pour conclure, le minist\u00e8re de la Sant\u00e9 et de laction sociale a martel\u00e9 le fameux slogan contre Covid-19, toujours sur twitter, ensemble nous vaincrons  Je suis tr\u00e8s simple et je sais moccupe des autres  Le Cluster et le Campus Lumi\u00e8re \u00e9taient pr\u00e9sents sur le salon du Mondial des m\u00e9tiers avec un stand mis en La mise en valeur des nombreuses ressources dont dispose le continent africain qui notamment concentre 60 de terres arables sous-exploit\u00e9es au niveau mondial exige des besoins tr\u00e8s importants de d\u00e9veloppement des r\u00e9seaux \u00e9nerg\u00e9tiques, dadduction deau et de transport. Lassainissement de leau est une arme efficace dans la lutte contre les maladies end\u00e9miques. Jean-Louis Borloo, durant ces 1\u00e8res Rencontres, a d\u00e9montr\u00e9 leffet de levier puissant dune \u00e9lectrification de lAfrique, projet requ\u00e9rant un apport en capital relativement modique, mais une forte d\u00e9termination politique. Les participants appellent de leurs v\u0153ux des initiatives innovantes, inspir\u00e9es de ce projet, pour les autres infrastructures et r\u00e9seaux. De son vrai nom Ahmad Ibn Mohammad Ibn-Habiboullah al Bekki est n\u00e9 dans un village du nord-est du nomm\u00e9, ville fond\u00e9e par son arri\u00e8re-grand-p\u00e8re Maharame Mback\u00e9 dans le royaume de. Il fut plus connu sous lappelation de Cheikh Ahmadou Bamba du nom de son homonyme Cheikh Ahmadou Bamba Sall qui \u00e9tait un saint du Saloum. Son p\u00e8re Momar Anta Sali Mback\u00e9, \u00e9tait un savant respect\u00e9 par les rois de son \u00e9poque car son enseignement \u00e9tait de tr\u00e8s haut niveau. Sa m\u00e8re, plus connue sous le nom de Diarratou Allah la prot\u00e9g\u00e9e dAllah \u00e9tait une sainte aussi reconnue par les s\u00e9n\u00e9galais que par les mauritaniens. A l\u00e2ge de 7 ans il fut confi\u00e9 \u00e0 son oncle Serigne Mboussob\u00e9 par son p\u00e8re afin dapprendre le Coran. Ce dernier le confiera \u00e0 Serigne Tafsir Mback\u00e9 Ndoumb\u00e9 loncle de sa m\u00e8re, afin de compl\u00e9ter ses \u00e9tudes coraniques. Lorsque Tafsir Mback\u00e9 mour\u00fbt Cheikh Ahmadou Bamba retourna \u00e0 l\u00e9cole de son p\u00e8re quil ne quitta plus. Du vivant de son p\u00e8re, il versifia les \u00e9crits sur le notamment Oum al barahim de Cheikh Abdallah Senoussi quil intitula Mawahib al Qoddous. Cet Ouvrage de 600 vers \u00e9crit avec clart\u00e9 et pr\u00e9cision pousse son p\u00e8re Momar Anta Saly \u00e0 lintroduire dans le programme de son \u00e9cole. Le Cheikh \u00e9crira dautres livres parmi lesquels Tazawudou Cikhar Le viatique des jeunes et Jawharou Nafis Le joyau pr\u00e9cieux qui est un commentaire en vers de limam Al Akhdari. Dans le soufisme Cheikh Ahmadou Bamba versifia Bidayat al Hidaya petit trait\u00e9 de lImam Ghaz\u00e2li quil intitula Moulayyinou Soudour. Il composa \u00e9galement des odes et des pan\u00e9gyriques exclusivement d\u00e9di\u00e9s \u00e0 Allah et au Proph\u00e8te Mahomet. Son p\u00e8re quitta en pour aller fonder un autre village appel\u00e9 ou il mour\u00fbt trois ans plus tard en. Pour apporter leur contribution \u00e0 lactivation de ces leviers de croissances, ces 1 \u00e8re Rencontres se concluent sur 6 propositions :.<\/p>\n","protected":false},"excerpt":{"rendered":"<p>dakar rencontre<\/p>\n","protected":false},"author":1,"featured_media":0,"comment_status":"closed","ping_status":"closed","sticky":false,"template":"","format":"standard","meta":{"footnotes":""},"categories":[1],"tags":[],"_links":{"self":[{"href":"http:\/\/zupnija-gomilsko.rkc.si\/journal\/wp-json\/wp\/v2\/posts\/10450"}],"collection":[{"href":"http:\/\/zupnija-gomilsko.rkc.si\/journal\/wp-json\/wp\/v2\/posts"}],"about":[{"href":"http:\/\/zupnija-gomilsko.rkc.si\/journal\/wp-json\/wp\/v2\/types\/post"}],"author":[{"embeddable":true,"href":"http:\/\/zupnija-gomilsko.rkc.si\/journal\/wp-json\/wp\/v2\/users\/1"}],"replies":[{"embeddable":true,"href":"http:\/\/zupnija-gomilsko.rkc.si\/journal\/wp-json\/wp\/v2\/comments?post=10450"}],"version-history":[{"count":1,"href":"http:\/\/zupnija-gomilsko.rkc.si\/journal\/wp-json\/wp\/v2\/posts\/10450\/revisions"}],"predecessor-version":[{"id":10451,"href":"http:\/\/zupnija-gomilsko.rkc.si\/journal\/wp-json\/wp\/v2\/posts\/10450\/revisions\/10451"}],"wp:attachment":[{"href":"http:\/\/zupnija-gomilsko.rkc.si\/journal\/wp-json\/wp\/v2\/media?parent=10450"}],"wp:term":[{"taxonomy":"category","embeddable":true,"href":"http:\/\/zupnija-gomilsko.rkc.si\/journal\/wp-json\/wp\/v2\/categories?post=10450"},{"taxonomy":"post_tag","embeddable":true,"href":"http:\/\/zupnija-gomilsko.rkc.si\/journal\/wp-json\/wp\/v2\/tags?post=10450"}],"curies":[{"name":"wp","href":"https:\/\/api.w.org\/{rel}","templated":true}]}}