
{"id":10476,"date":"2020-10-13T03:10:21","date_gmt":"2020-10-13T03:10:21","guid":{"rendered":"http:\/\/zupnija-gomilsko.rkc.si\/journal\/?p=10476"},"modified":"2020-10-01T19:31:32","modified_gmt":"2020-10-01T19:31:32","slug":"rencontres-capitales-pharo-marseille-3","status":"publish","type":"post","link":"http:\/\/zupnija-gomilsko.rkc.si\/journal\/2020\/10\/13\/rencontres-capitales-pharo-marseille-3\/","title":{"rendered":"Rencontres Capitales Pharo Marseille"},"content":{"rendered":"<p> On pourra alors bien vouloir payer en pi\u00e8ces et billets, il faudra encore pouvoir en trouver quelques part. Les quelques billets que lon aura mis de c\u00f4t\u00e9 ne nous aideront gu\u00e8re plus que quelques mois. <img decoding=\"async\" src=\"http:\/\/address.ursusmaximusmedia.com\/fpdb\/Image\/ponceuses\/ponceuse_CHAMBON_type_P1100_ref_9529_bis.jpg\" alt=\"rencontres capitales pharo marseille\" align=\"left\"> a renouvel\u00e9 le label P\u00f4le de comp\u00e9titivit\u00e9 de Capenergies. 70 entreprises fran\u00e7aises de l\u00e9nergie, du num\u00e9rique et de la mobilit\u00e9, ont saisi lopportunit\u00e9 lanc\u00e9e par la en collaboration avec le r\u00e9seau EEN Enterprise Europe Network de participer \u00e0 un Brokerage Event lors du Salon European Utility Week, le 12 novembre dernier \u00e0 Paris. La cause de la catastrophe qui vient, ce sont nos parlementaires et nos ministres ; la cause de la crise, ce sont les d\u00e9cisions de d\u00e9r\u00e9gulation bancaire, de sabordage de la souverainet\u00e9 nationale et de libre-\u00e9change depuis 40 ans PAR LES \u00c9LUS. La solution ne viendra DONC \u00e9videmment PAS deux : cest eux qui ont cr\u00e9\u00e9 cette crise! le 16102011 dans Sentinelles du peuple 29 commentaires Eine Mieterh\u00f6hung ist oft ein \u00c4rgernis f\u00fcr den Mieter, jedoch ist diese nicht immer berechtigt und in manch einem Fall auch nicht verh\u00e4ltnism\u00e4\u00dfig. Doch Vorsicht: Der Vermieter muss die Immobilie in standhalten und daf\u00fcr sorgen, dass diese Bewohnbar bleibt. Ist Ihm dies nicht mehr durch die normale Miete m\u00f6glich, weil er den Mietpreis zu niedrig angesetzt hat, so kann er die Miete erh\u00f6hen. LAlcazar-Biblioth\u00e8que Municipale \u00e0 Vocation R\u00e9gionale 300 jours de soleil par an, des espaces naturels prot\u00e9g\u00e9s : Parc National des Calanques, unique parc interurbain en Europe, 57 kilom\u00e8tres de littoral et de collines comme le Garlaban et la montagne Sainte-Victoire. Terre d\u00e9v\u00e9nements internationaux culturels et sportifs, Aix-Marseille Provence d\u00e9veloppe et am\u00e9liore son offre avec de nouveaux sites et \u00e9quipements pour laccueil de festivals art Lyrique \u00e0 Aix-en-Provence et les Jeux Olympiques voile en 2024 \u00e0 Marseille. <img decoding=\"async\" src=\"http:\/\/www.nybergyaichts.cf\/wp-content\/uploads\/2017\/10\/Galerapagos-Geeklette-09.jpg\" alt=\"rencontres capitales pharo marseille\" align=\"right\"> <img decoding=\"async\" src=\"http:\/\/www.verslecentre.com\/wp-content\/uploads\/2013\/02\/ouverture-marseille-provence-capitale-de-la-culture-106.jpg\" alt=\"rencontres capitales pharo marseille\" align=\"right\"> Cusset Allier. Les Nuits d\u00e9t\u00e9 programm\u00e9es du 17 au 19 juillet 2020 sont annul\u00e9es du vendredi 18 novembre 2016 au lundi 21 novembre 2016 Marseille, Ville H\u00f4te des \u00e9preuves de voile et de Football des Jeux Olympiques et Paralympiques le 23022012 dans Journal de bord 5 commentaires le 13072013 dans Sentinelles du peuple 306 commentaires le 31082012 dans Signes de vie dune Europe des citoyens 389 commentaires  Ainsi, nous allons faire face \u00e0 des changements sociaux dune importance difficilement mesurable et ce dans les mois qui viennent. Comment vont r\u00e9agir les populations lorsquelles vont en prendre conscience? Si la situation na pas encore explos\u00e9 cest en partie du fait du travail au noir et des trafics en tout genre qui repr\u00e9sentent une quantit\u00e9 importante de flux mon\u00e9taires, sans parler des quelques monnaies locales. .<\/p>\n","protected":false},"excerpt":{"rendered":"<p>rencontres capitales pharo marseille<\/p>\n","protected":false},"author":1,"featured_media":0,"comment_status":"closed","ping_status":"closed","sticky":false,"template":"","format":"standard","meta":{"footnotes":""},"categories":[1],"tags":[],"_links":{"self":[{"href":"http:\/\/zupnija-gomilsko.rkc.si\/journal\/wp-json\/wp\/v2\/posts\/10476"}],"collection":[{"href":"http:\/\/zupnija-gomilsko.rkc.si\/journal\/wp-json\/wp\/v2\/posts"}],"about":[{"href":"http:\/\/zupnija-gomilsko.rkc.si\/journal\/wp-json\/wp\/v2\/types\/post"}],"author":[{"embeddable":true,"href":"http:\/\/zupnija-gomilsko.rkc.si\/journal\/wp-json\/wp\/v2\/users\/1"}],"replies":[{"embeddable":true,"href":"http:\/\/zupnija-gomilsko.rkc.si\/journal\/wp-json\/wp\/v2\/comments?post=10476"}],"version-history":[{"count":1,"href":"http:\/\/zupnija-gomilsko.rkc.si\/journal\/wp-json\/wp\/v2\/posts\/10476\/revisions"}],"predecessor-version":[{"id":10477,"href":"http:\/\/zupnija-gomilsko.rkc.si\/journal\/wp-json\/wp\/v2\/posts\/10476\/revisions\/10477"}],"wp:attachment":[{"href":"http:\/\/zupnija-gomilsko.rkc.si\/journal\/wp-json\/wp\/v2\/media?parent=10476"}],"wp:term":[{"taxonomy":"category","embeddable":true,"href":"http:\/\/zupnija-gomilsko.rkc.si\/journal\/wp-json\/wp\/v2\/categories?post=10476"},{"taxonomy":"post_tag","embeddable":true,"href":"http:\/\/zupnija-gomilsko.rkc.si\/journal\/wp-json\/wp\/v2\/tags?post=10476"}],"curies":[{"name":"wp","href":"https:\/\/api.w.org\/{rel}","templated":true}]}}