
{"id":10514,"date":"2020-10-13T04:31:58","date_gmt":"2020-10-13T04:31:58","guid":{"rendered":"http:\/\/zupnija-gomilsko.rkc.si\/journal\/?p=10514"},"modified":"2020-10-01T20:45:22","modified_gmt":"2020-10-01T20:45:22","slug":"rencontre-hollande-et-ali-bongo-3","status":"publish","type":"post","link":"http:\/\/zupnija-gomilsko.rkc.si\/journal\/2020\/10\/13\/rencontre-hollande-et-ali-bongo-3\/","title":{"rendered":"Rencontre Hollande Et Ali Bongo"},"content":{"rendered":"<p>Roland Abaa Minko sen est tir\u00e9 avec une peine minimale le 10 juin, au terme de son proc\u00e8s devant la Cour criminelle sp\u00e9ciale Alors.. Soutenez le journalisme dinvestigation et une r\u00e9daction ind\u00e9pendante. ASSOCIATED PRESS FILE-In this file photo taken on Tuesday, Nov. 10, 2015, Gabons President Ali Bongo Ondimba, leaves the Elysee Palace after a meeting with French President Francois Hollande as part of preparation of the upcoming COP21 Climate Conference in Paris, France. Voting has started in Gabon, where the president is trying to overcome a coalition of high-profile opponents to win re-election and maintain a family dynasty that stretches back to the 1960s. AP PhotoFrancois Mori, File, sur JeSuisMort.com consult\u00e9 le 13 f\u00e9vrier 2020 <img decoding=\"async\" src=\"http:\/\/congo-liberty.com\/wp-content\/uploads\/2014\/04\/sassou-hollande.jpg\" alt=\"rencontre hollande et ali bongo\" align=\"right\"> Invit\u00e9 par la Chanceli\u00e8re allemande, Angela Merkel, Fran\u00e7ois Hollande a perp\u00e9tu\u00e9 la tradition en consacrant son premier d\u00e9placement officiel \u00e0 la relation franco-allemande Il se rend \u00e0 Berlin d\u00e8s le 15 mai. 15101 Une m\u00e8re et son fils choisissent des fournitures scolaires, le 17 ao\u00fbt 2011, dans une grande surface \u00e0 Illkirch-Graffenstaden Le gouvernement a annonc\u00e9 le 5 juillet la cr\u00e9ation de 12.000 contrats uniques dinsertion dans les \u00e9tablissements, alors que 14.700 contrats de ce type arrivaient \u00e0 \u00e9ch\u00e9ance cet \u00e9t\u00e9. Lopposant Gabonais Jean Ping a pu constater ici que la France na aucune intention de le faire pr\u00e9sident du Gabon puisque cette invitation en rajoute \u00e0 la l\u00e9gitimit\u00e9 d Ali Bongo d\u00e9j\u00e0 reconnu par les institutions de son pays. Ce rapprochement entre Paris et Libreville constitue un irr\u00e9versible d\u00e9saveu de la strat\u00e9gie de Ping par la France. Cest la substance dune note dinformation du ministre de la Fonction publique et de la r\u00e9forme administrative Minfopra sign\u00e9e ce 10 juin. Joseph Le, le Organisation de s\u00e9minaires, conf\u00e9rences, rencontres CGEM Que se passera-t-il si vous continuez \u00e0 lire ici? <img decoding=\"async\" src=\"http:\/\/riva-press.com\/pict\/zoom_portfolio\/219022.jpg\" alt=\"rencontre hollande et ali bongo\" align=\"center\"> Caid Essebsi sest entretenu \u00e9galement en Arabie saoudite avec le roi Abdallah II de Jordanie, le pr\u00e9sident fran\u00e7ais Fran\u00e7ois Hollande, le pr\u00e9sident gabonais Ali Bongo Ondimba et le roi su\u00e9dois Charles Gustave.  Comment Adrien Houngb\u00e9dji a saut\u00e9 pieds joints dans la mouvance Alors quil veut cl\u00f4turer sa campagne dans la province du Woleu-Ntem, son avion est emp\u00each\u00e9 datterrir \u00e0 Oyem. Il peut tenir un unique meeting \u00e0 dans la matin\u00e9e du 26 novembre 2005. Fran\u00e7ois Hollande et son homologue malien Dioncounda Traor\u00e9, \u00e0 Tombouctou, au Mali, le 2 f\u00e9vrier 2013. Les deux hommes, main dans la main, ont lev\u00e9 les bras en signe de victoire apr\u00e8s que le chef de l\u00c9tat fran\u00e7ais a donn\u00e9, le 11 janvier, lordre dune intervention militaire au Mali pour stopper la d\u00e9ferlante des islamistes sur le nord du pays. Pr\u00e9sidence de la R\u00e9publique fran\u00e7aise La r\u00e9mun\u00e9ration des patrons dentreprises publiques est plafonn\u00e9e depuis le 13 juin \u00e0 450.000 euros par an-soit pr\u00e8s de 28 fois le smic annuel. Cest tout aussi deplorable que dans notre gabon dabord la, on est tout de suite jaloux de la place de son voisin et tout de suite on veuille aracher cette place. Flashez le qr-code ci-dessus pour partager larticle \u00e0 vos proches. 90101 Essai : Kia Ceed 1.6 CRDi 128 Active 2012   JavaScript est actuellement d\u00e9sactiv\u00e9. Afin de pouvoir poster un commentaire, sil vous pla\u00eet contr\u00f4lez que les Cookies et JavaScript sont activ\u00e9s puis rechargez la page. La diffusion sur France 2, les 9 et 16 d\u00e9cembre 2010, du documentaire Fran\u00e7afrique de Patrick Benquet a relanc\u00e9 les accusations de fraudes : on y entend Michel La France a dimportants int\u00e9r\u00eats militaires et \u00e9conomiques au Gabon Hollande-Bongo : rencontre critiqu\u00e9e Le fils du roi Abdallah dArabie Saoudite 11 juin <img decoding=\"async\" src=\"http:\/\/resize-parismatch.ladmedia.fr\/r\/940,628,center-middle\/img\/var\/news\/storage\/images\/paris-match\/royal-blog\/monde\/rencontre-roi-du-maroc-mohammed-vi-et-president-de-la-republique-francois-hollande-a-tanger-le-petit-prince-moulay-el-hassan-etait-la-lui-aussi-832245\/le-prince-moulay-el-hassan-avec-le-roi-mohammed-vi-du-maroc-et-le-president-francois-hollande-a-tanger-le-19-septembre-2015\/8805887-1-fre-FR\/Le-prince-Moulay-El-Hassan-avec-le-roi-Mohammed-VI-du-Maroc-et-le-president-Francois-Hollande-a-Tanger-le-19-septembre-2015.jpg\" alt=\"rencontre hollande et ali bongo\" align=\"left\">.<\/p>\n","protected":false},"excerpt":{"rendered":"<p>rencontre hollande et ali bongo<\/p>\n","protected":false},"author":1,"featured_media":0,"comment_status":"closed","ping_status":"closed","sticky":false,"template":"","format":"standard","meta":{"footnotes":""},"categories":[1],"tags":[],"_links":{"self":[{"href":"http:\/\/zupnija-gomilsko.rkc.si\/journal\/wp-json\/wp\/v2\/posts\/10514"}],"collection":[{"href":"http:\/\/zupnija-gomilsko.rkc.si\/journal\/wp-json\/wp\/v2\/posts"}],"about":[{"href":"http:\/\/zupnija-gomilsko.rkc.si\/journal\/wp-json\/wp\/v2\/types\/post"}],"author":[{"embeddable":true,"href":"http:\/\/zupnija-gomilsko.rkc.si\/journal\/wp-json\/wp\/v2\/users\/1"}],"replies":[{"embeddable":true,"href":"http:\/\/zupnija-gomilsko.rkc.si\/journal\/wp-json\/wp\/v2\/comments?post=10514"}],"version-history":[{"count":1,"href":"http:\/\/zupnija-gomilsko.rkc.si\/journal\/wp-json\/wp\/v2\/posts\/10514\/revisions"}],"predecessor-version":[{"id":10515,"href":"http:\/\/zupnija-gomilsko.rkc.si\/journal\/wp-json\/wp\/v2\/posts\/10514\/revisions\/10515"}],"wp:attachment":[{"href":"http:\/\/zupnija-gomilsko.rkc.si\/journal\/wp-json\/wp\/v2\/media?parent=10514"}],"wp:term":[{"taxonomy":"category","embeddable":true,"href":"http:\/\/zupnija-gomilsko.rkc.si\/journal\/wp-json\/wp\/v2\/categories?post=10514"},{"taxonomy":"post_tag","embeddable":true,"href":"http:\/\/zupnija-gomilsko.rkc.si\/journal\/wp-json\/wp\/v2\/tags?post=10514"}],"curies":[{"name":"wp","href":"https:\/\/api.w.org\/{rel}","templated":true}]}}