
{"id":10670,"date":"2020-10-14T20:07:10","date_gmt":"2020-10-14T20:07:10","guid":{"rendered":"http:\/\/zupnija-gomilsko.rkc.si\/journal\/?p=10670"},"modified":"2020-10-02T02:24:32","modified_gmt":"2020-10-02T02:24:32","slug":"2eme-rencontres-philosophiques-de-langres-3","status":"publish","type":"post","link":"http:\/\/zupnija-gomilsko.rkc.si\/journal\/2020\/10\/14\/2eme-rencontres-philosophiques-de-langres-3\/","title":{"rendered":"2\u00e8me Rencontres Philosophiques De Langres"},"content":{"rendered":"<p> Colloques et journ\u00e9es d\u00e9tude-Centre Pluridisciplinaire textes et Cultures CPTC-uB, Dijon Quest-ce que la d\u00e9mocratie? La justice sociale existe-elle dans nos soci\u00e9t\u00e9s? Quelle est la place du politique? Quels sont les liens entre le politique et l\u00e9cologie? Le politique et le num\u00e9rique? Les artistes et le politique? Recherches et ressources p\u00e9dagogiques-Actualit\u00e9 culturelle et philosophique It looks like nothing was found at this location. Maybe try one of the links below or a search? Search for:  Exemples de s\u00e9quences p\u00e9dagogiques avec un support num\u00e9rique Philosophie 2 d\u00e9cembre 2020 : Quest-ce que mourir? \u00e0 Troyes 10 La pr\u00e9vention en sant\u00e9 a \u00e9volu\u00e9 au rythme des progr\u00e8s de la m\u00e9decine, des changements sociaux et des politiques de sant\u00e9 publique nationales et mondiales. 39 M\u00e9taphore, tautologie et litt\u00e9ralit\u00e9. Colloque international Ce que vous voyez est ce que vous voyez : Art, tautologie et litt\u00e9ralit\u00e9, Universit\u00e9 Rennes 2 Haute Bretagne, 18-19 d\u00e9cembre 2005 Publi\u00e9e. 23 Comptes-rendus dans Critique dart n11 : V. Fabbri et J.L. Vieillard-Baron Esth\u00e9tique de Hegel, LHarmattan 1997; L.P. Fargue Fr\u00e9quentations dart, L\u00c9choppe 1997; J-L. Caban\u00e8s Les fr\u00e8res Goncourt : art et \u00e9criture, PUB 1997; B. Vouilloux Lart des Goncourt, Lharmattan 1997. Forme de contenu universel de la conscience religieuse que cherchent les p\u00e9r\u00e9nialistes et dautre part de concilier ce contenu universel avec le reste des sciences empiriques. On ne peut donc se passer dun \u00e9l\u00e9ment herm\u00e9neutique clairement visible du d\u00e9but \u00e0 la fin Vari\u00e9t\u00e9s qui insiste donc lourdement sur la n\u00e9cessit\u00e9 de prendre compte linterpr\u00e9tation de lexp\u00e9rience par le sujet qui la fait. Ainsi, dans la deuxi\u00e8me conf\u00e9rence, James d\u00e9finit la religion comme les sentiments, les actes et les exp\u00e9riences des individus dans leur solitude, dans la mesure o\u00f9 ils 67 se comprennent eux-m\u00eames comme \u00e9tant en relation avec ce quils consid\u00e8rent \u00eatre divin. Loin donc de consid\u00e9rer dembl\u00e9e que les individus sont en rapport avec le divin en soi, il insiste sur le fait que ce qui constitue le caract\u00e8re religieux des exp\u00e9riences des individus est au moins en 68 partie li\u00e9 \u00e0 linterpr\u00e9tation que ces individus font de leurs exp\u00e9riences. Il ya donc un \u00e9l\u00e9ment subjectif et personnel essentiel puisque les exp\u00e9riences ne sont pas en soi religieuses mais le deviennent selon linterpr\u00e9tation que font les sujets qui les vivent. James semble nettement moins dogmatique que les auteurs critiqu\u00e9s parla critique constructiviste, dans la mesure o\u00f9 il ne consid\u00e8re pas le sentiment religieux, \u00e0 linstar de Schleiermacher, Otto ou Eliade, comme un sentiment sui generis. Pour James, lexp\u00e9rience est donc en partie construite dans la mesure ouil ny a pas de distinction absolument tranch\u00e9e entre lexp\u00e9rience et la description de lexp\u00e9rience. Lexplication de lexp\u00e9rience est une partie elle-m\u00eame de lexp\u00e9rience, mais elle est pourtant loin den \u00eatre le tout. Lid\u00e9e centrale est tout de m\u00eame que la religiosit\u00e9 de lexp\u00e9rience nest pas intrins\u00e8que \u00e0 lexp\u00e9rience religieuse comme une sorte substance le sacr\u00e9, mais est faite, est v\u00e9rifi\u00e9e, dans la pratique. Certes, les exp\u00e9riences religieuses se donnent sous la forme dune luminosit\u00e9 69 imm\u00e9diate mais les sentiments et les exp\u00e9riences religieuses ne sont pas dembl\u00e9e hors de toute critique, m\u00eame si elles peuvent tendre \u00e0 le devenir en faisant la diff\u00e9rence dans lexp\u00e9rience, tout comme peut le faire une exp\u00e9rience sensible. James r\u00e9introduit en effet une forme dobjectivit\u00e9 ou quasi objectivit\u00e9 sous la forme dun crit\u00e8re empiriste ou pragmatiste permettant de juger la valeur de lexp\u00e9rience. James parle de ces crit\u00e8res comme des principes g\u00e9n\u00e9raux que la philosophie empirique a toujours soutenu quils doivent nous guiderdans notre recherche de la v\u00e9rit\u00e9. Ces trois crit\u00e8res sont la luminosit\u00e9 imm\u00e9diate, le 70 caract\u00e8re de rationalit\u00e9 philosophique, et lutilit\u00e9 morale. On trouve donc d\u00e8s les Vari\u00e9t\u00e9s une pr\u00e9figuration de la th\u00e9orie pragmatiste de la v\u00e9rit\u00e9. Dans Le pragmatisme-1907, James soutient une th\u00e9orie pragmatiste de la v\u00e9rit\u00e9. Globalement, il appliquela critique empirique du concept de substance \u00e0 lid\u00e9e de v\u00e9rit\u00e9, ce qui aboutit \u00e0 emp\u00e9cher toute distinction entre la v\u00e9rit\u00e9 et ses cons\u00e9quences pratiques utilit\u00e9, v\u00e9rifiabilit\u00e9, satisfaction. D\u00e8s lors, aucune id\u00e9e nest vrai au sens o\u00f9 le vrai serait une propri\u00e9t\u00e9 substantielle de lid\u00e9e mais les id\u00e9es deviennent vraies dans la mesure o\u00f9 elles jouent une fonction de guide dans lexp\u00e9rience. Tout est question du rapport entre une id\u00e9e, con\u00e7ue comme un morceau dexp\u00e9rience particuli\u00e8re et le reste de lexp\u00e9rience. Au fond,Le pragmatisme est plus une th\u00e9orie de ce que les gens appellent vrais quune v\u00e9ritable th\u00e9orie de la v\u00e9rit\u00e9, puisque la signification de la v\u00e9rit\u00e9 ne se distingue plus de ces crit\u00e8res ce que Russell ne cessera de repprocher \u00e0 William James. James soutient donc que ce nest pas parce que quelque chose est vrai quon lappelle vrai, mais cest parce quon lappelle vrai quil lest. De m\u00eame,les Vari\u00e9t\u00e9s ne sont pas v\u00e9ritablement une th\u00e9orie de la religion au sens o\u00f9 celle-ci aurait une essence quil sagirait de d\u00e9terminer. Il sagit plus dune th\u00e9orie de que ce que certains individus appellent religieux. Ce caract\u00e8re nominaliste et subjectiviste du vrai ou de la religion a souvent \u00e9t\u00e9 m\u00e9compris. Pourtant, il ne suffit pas quune croyance nous fasse du bien pour quelle soit vraie, contre les carricatures classique de la th\u00e9orie pragmatiste de la v\u00e9rit\u00e9 qui tendent \u00e0 identifier purement et simplement le vrai \u00e0 lutile. Par exemple, le sentiment de joie que le mystique \u00e9prouve dans lexp\u00e9rience religieuse, est fondamental et appartient, dans la description ph\u00e9nom\u00e9nologique de lexp\u00e9rience, \u00e0 ce que James nomme luminosit\u00e9 imm\u00e9diate. Ce point est important car James pense que cest ce qui r\u00e9fute lid\u00e9e ancienne dapr\u00e8s laquelle lorigine de lexp\u00e9rience religieuse est la 67 Le s\u00e9minaire du Pr\u00e9ac Imges et cr\u00e9ation sinterrogera sur les enjeux et les pratiques artistiques et..  <img decoding=\"async\" src=\"http:\/\/i.calameoassets.com\/160212145726-f470fa7a2a07b7ebcf064208321ed7fb\/large.jpg\" alt=\"2\u00e8me rencontres philosophiques de langres\" align=\"left\"> <img decoding=\"async\" src=\"http:\/\/www.more.wfcrimewatch.com\/upload\/podcasts\/photos\/first\/5acb3c84b7a875.38233433_mini.jpg\" alt=\"2\u00e8me rencontres philosophiques de langres\" align=\"left\"> 18 Comptes-rendus dans Critique dart n 7 : Albert Aurier Textes critiques 1889-92, ENSBA, 1995; Peter B\u00fcrger La prose de la modernit\u00e9 Klincksieck, 1995; Ernst Cassirer, \u00c9 crits sur lart, Le Cerf, 1995; Collectif Esth\u00e9tique plurielle, Presses universitaire de Vincennes, 1995; Collectif Rh\u00e9torique et image, Rodopi, 1995; M-C. Ropars-Wuilleumier Lid\u00e9e dimage, PUV, 1996. Mentionnons aussi chez Milan la collection \u00c3 partir de 10 ans Philart\u00c2 : Cest quoi la m\u00c3moire\u00c2? Cest quoi la libert\u00c3\u00c2? Cest quoi la nature\u00c2.. Des s\u00e9ances peuvent aussi \u00eatre propos\u00e9es au titre de laccompagnement personnalis\u00e9 et des travaux personnels encadr\u00e9s TPE en premi\u00e8re. <img decoding=\"async\" src=\"http:\/\/www.garbolino.fr\/wp-content\/uploads\/2015\/10\/DC24.jpg\" alt=\"2\u00e8me rencontres philosophiques de langres\" align=\"left\"> LESPE Paris exposera ses artistes du 11 mai au 17 juin 2017. 20 Penser la frayeur in Conf\u00e9rence, Meaux, n9, d\u00e9cembre 1999, pp 27-43. Une version plus longue de ce texte est publi\u00e9e :.<\/p>\n","protected":false},"excerpt":{"rendered":"<p>2\u00e8me rencontres philosophiques de langres<\/p>\n","protected":false},"author":1,"featured_media":0,"comment_status":"closed","ping_status":"closed","sticky":false,"template":"","format":"standard","meta":{"footnotes":""},"categories":[1],"tags":[],"_links":{"self":[{"href":"http:\/\/zupnija-gomilsko.rkc.si\/journal\/wp-json\/wp\/v2\/posts\/10670"}],"collection":[{"href":"http:\/\/zupnija-gomilsko.rkc.si\/journal\/wp-json\/wp\/v2\/posts"}],"about":[{"href":"http:\/\/zupnija-gomilsko.rkc.si\/journal\/wp-json\/wp\/v2\/types\/post"}],"author":[{"embeddable":true,"href":"http:\/\/zupnija-gomilsko.rkc.si\/journal\/wp-json\/wp\/v2\/users\/1"}],"replies":[{"embeddable":true,"href":"http:\/\/zupnija-gomilsko.rkc.si\/journal\/wp-json\/wp\/v2\/comments?post=10670"}],"version-history":[{"count":1,"href":"http:\/\/zupnija-gomilsko.rkc.si\/journal\/wp-json\/wp\/v2\/posts\/10670\/revisions"}],"predecessor-version":[{"id":10671,"href":"http:\/\/zupnija-gomilsko.rkc.si\/journal\/wp-json\/wp\/v2\/posts\/10670\/revisions\/10671"}],"wp:attachment":[{"href":"http:\/\/zupnija-gomilsko.rkc.si\/journal\/wp-json\/wp\/v2\/media?parent=10670"}],"wp:term":[{"taxonomy":"category","embeddable":true,"href":"http:\/\/zupnija-gomilsko.rkc.si\/journal\/wp-json\/wp\/v2\/categories?post=10670"},{"taxonomy":"post_tag","embeddable":true,"href":"http:\/\/zupnija-gomilsko.rkc.si\/journal\/wp-json\/wp\/v2\/tags?post=10670"}],"curies":[{"name":"wp","href":"https:\/\/api.w.org\/{rel}","templated":true}]}}