
{"id":10710,"date":"2020-10-14T06:17:02","date_gmt":"2020-10-14T06:17:02","guid":{"rendered":"http:\/\/zupnija-gomilsko.rkc.si\/journal\/?p=10710"},"modified":"2020-10-02T03:48:12","modified_gmt":"2020-10-02T03:48:12","slug":"rencontres-internationales-de-la-guitare-antony-3","status":"publish","type":"post","link":"http:\/\/zupnija-gomilsko.rkc.si\/journal\/2020\/10\/14\/rencontres-internationales-de-la-guitare-antony-3\/","title":{"rendered":"Rencontres Internationales De La Guitare Antony"},"content":{"rendered":"<p>Auditorium Sainte Marie-Antony : adresse, concerts et critiques de concert Mise en place d\u00e9tudes perceptives aupr\u00e8s de musiciens sur des projets de recherche en acoustique musicale portant sur la guitare \u00e9lectrique et le piano romantique. \u00c9tudes effectu\u00e9es dans le cadre de mon cursus en Acoustique musicale au CNSMDP, de ma th\u00e8se universitaire Universit\u00e9 Paris 8-LAM, de la th\u00e8se dArthur Pat\u00e9 UPMC-LAM et dune mission de recherche au laboratoire du Mus\u00e9e de la musique. \u00c9laboration des protocoles de tests, recherche de partenariats chercheurs associ\u00e9s, facteurs dinstruments, formateurs, musiciens, aspects logistiques, contact avec les musiciens, transcription et traitements des corpus. Toutes utilisations ou reproductions sans autorisation de la marque d\u00e9pos\u00e9e est strictement interdite. De Lausanne, Guadeloupe, Akbank Istanbul, Bergen Valdarno Suite, pour bandon\u00e9on et guitare 2016  Comit\u00e9 dorganisation de la journ\u00e9e de c\u00e9l\u00e9bration des 10 ans du double cursus de Licence Sciences Musicologie, 11 mars 2017, Amphi 25 du campus Jussieu de lUniversit\u00e9 Pierre et Marie Curie UPMC.  \u00c0 notre plus grand bonheur, les citoyens profitent des espaces de fa\u00e7on responsable et ont dailleurs demand\u00e9 que plus de parcs conviviaux soient ajout\u00e9s \u00e0 la liste existante. Malgr\u00e9 les circonstances que nous vivons actuellement, l\u00e9t\u00e9 sera beau et agr\u00e9able \u00e0 Qu\u00e9bec et les citoyens auront loccasion de socialiser et de passer du bon temps, indique le maire de Qu\u00e9bec, R\u00e9gis Labeaume. <img decoding=\"async\" src=\"http:\/\/www.kisakurekb.tk\/UserFiles\/externe-miniatures\/static.apidae-tourisme.com\/filestore\/objets-touristiques\/images\/11\/55\/thumbresize\/570-380\/3553035.jpg\" alt=\"rencontres internationales de la guitare antony\" align=\"right\"> L\u00e9picerie a augment\u00e9 en fl\u00e8che. Je nai pas le choix de macheter des masques. M\u00eame la coiffeuse a augment\u00e9 ses prix. Et mon ch\u00e8que, lui? Il na jamais \u00e9t\u00e9 augment\u00e9, constate Jessica Mass\u00e9. Je ne peux pas manger \u00e0 ma faim parce que tout co\u00fbte cher. Retour Actualit\u00e9s et outils pratiques pour les parents Pendant des mois, la ministre f\u00e9d\u00e9rale de la Sant\u00e9, Patty Hajdu, a assur\u00e9 que la prise de temp\u00e9rature n\u00e9tait pas un moyen efficace de pr\u00e9venir la propagation du coronavirus. La ministre Hajdu se basait sur lexp\u00e9rience v\u00e9cue pendant l\u00e9pisode du SRAS, le syndrome respiratoire aigu s\u00e9v\u00e8re. Qu\u00e9bec nentend plus badiner avec les entreprises qui n\u00e9gligent la protection des renseignements personnels de leurs clients. En cliquant sur JE MINSCRIS, vous acceptez de recevoir des communications et des formes dengagement de la part de MSF via les coordonn\u00e9es collect\u00e9es dans le formulaire. Vos donn\u00e9es personnelles collect\u00e9es resteront strictement confidentielles. Elles ne seront ni vendues ni \u00e9chang\u00e9es conform\u00e9ment \u00e0 nos mentions l\u00e9gales. Lexercice de vos droits, dont la d\u00e9sinscription, est possible \u00e0 tout moment, voir notre page.  <img decoding=\"async\" src=\"http:\/\/penopolwy.tk\/wp-content\/uploads\/2018\/05\/0001-8.jpg\" alt=\"rencontres internationales de la guitare antony\" align=\"right\"> Les Rencontres internationales de la guitare proposent de d\u00e9couvrir linstrument \u00e0 cordes avec des artistes venus du monde entier. Musicale proposant des concerts de musique classique, les Rencontres internationales de la guitare, le festival Des bulles dans la Ville et son concours de BD, un Nous avons rouvert trop et trop vite, nos h\u00f4pitaux ont vraiment du mal, a dit la maire de Phoenix, Kate Gallego, lors dune conf\u00e9rence du Center for American Progress. Champ de saisie de la recherche : saisissez les premi\u00e8res lettres de votre recherche et parcourez les propositions avec les fl\u00e8ches de direction La finale du concours avait lieu le samedi soir et fut particuli\u00e8rement disput\u00e9e. La faible dotation de ce concours par rapport \u00e0 dautres na pas emp\u00each\u00e9 la qualit\u00e9 des concurrents. Cela d\u00e9montre sa renomm\u00e9e et son impact. Au programme, une pi\u00e8ce impos\u00e9e et compos\u00e9e sp\u00e9cialement pour loccasion, Tango Solo de Adrien Politi, ainsi quun programme libre. Le premier prix fut d\u00e9cern\u00e9 \u00e0 lunanimit\u00e9 \u00e0 Anatoly Isotov qui fit preuve de la plus grande maturit\u00e9 musicale, dune grande r\u00e9gularit\u00e9 dans la qualit\u00e9 technique alli\u00e9e \u00e0 une v\u00e9ritable expression musicale. Pourtant, peu de chose le distinguait de, tr\u00e8s honorable second prix, si ce nest peut-\u00eatre une musicalit\u00e9 un peu trop bas\u00e9e sur l\u00e9nergie pour le second comme ce fut le cas dans les sonates de Scarlatti. Quoiquil en soit fit montre dune personnalit\u00e9 certaine et fera parler de lui \u00e0 lavenir. Le public ne sy est dailleurs pas tromp\u00e9 en lui octroyant le Prix du Public. Damien Lancelle obtint le troisi\u00e8me prix qui nous parait justifi\u00e9 au regard dune interpr\u00e9tation quelque peu d\u00e9cevante par comparaison avec son interpr\u00e9tation de la Sonate de Ginastera en demi-finale. Le c\u00e9l\u00e8bre salon de la guitare, La Guitarreria, offrait un prix sp\u00e9cial pour la meilleure interpr\u00e9tation de Tango Solo de Politi. Ce prix fut d\u00e9cern\u00e9 \u00e0 Nicolas Colliou. En son absence, un premier cas dinfection avait \u00e9t\u00e9 rapport\u00e9 au Qu\u00e9bec, le 27 f\u00e9vrier. En trois mois, depuis le d\u00e9but mars, le virus de la COVID-19 aura fauch\u00e9 quelque 5000 vies au Qu\u00e9bec, qui d\u00e9plore plus de 60 de tous les d\u00e9c\u00e8s survenus au Canada. Analysent et accompagnent les strat\u00e9gies dacteurs dans les territoires et dans les diff\u00e9rentes fili\u00e8res de production <img decoding=\"async\" src=\"http:\/\/bg.buddyguy.com\/wp-content\/uploads\/2018\/01\/Buddy-Guy_6-1.jpg\" alt=\"rencontres internationales de la guitare antony\" align=\"left\">-Co-responsable du double cursus de Licence Sciences et Musicologie facult\u00e9 des Lettres et facult\u00e9 de Sciences de Sorbonne Universit\u00e9 Concours international de guitare \u00e0 Antony 2018 Centre de documentation de la musique contemporaine Vendredi 1332020 Francesco Buzzuro Latino Jazz et le groupe Buegrass 43 En Europe, o\u00f9 lheure des comptes a sonn\u00e9, le premier ministre italien Giuseppe Conte a \u00e9t\u00e9 entendu vendredi pendant pr\u00e8s de trois heures sur la gestion par le gouvernement de la crise du coronavirus.<\/p>\n","protected":false},"excerpt":{"rendered":"<p>rencontres internationales de la guitare antony<\/p>\n","protected":false},"author":1,"featured_media":0,"comment_status":"closed","ping_status":"closed","sticky":false,"template":"","format":"standard","meta":{"footnotes":""},"categories":[1],"tags":[],"_links":{"self":[{"href":"http:\/\/zupnija-gomilsko.rkc.si\/journal\/wp-json\/wp\/v2\/posts\/10710"}],"collection":[{"href":"http:\/\/zupnija-gomilsko.rkc.si\/journal\/wp-json\/wp\/v2\/posts"}],"about":[{"href":"http:\/\/zupnija-gomilsko.rkc.si\/journal\/wp-json\/wp\/v2\/types\/post"}],"author":[{"embeddable":true,"href":"http:\/\/zupnija-gomilsko.rkc.si\/journal\/wp-json\/wp\/v2\/users\/1"}],"replies":[{"embeddable":true,"href":"http:\/\/zupnija-gomilsko.rkc.si\/journal\/wp-json\/wp\/v2\/comments?post=10710"}],"version-history":[{"count":1,"href":"http:\/\/zupnija-gomilsko.rkc.si\/journal\/wp-json\/wp\/v2\/posts\/10710\/revisions"}],"predecessor-version":[{"id":10711,"href":"http:\/\/zupnija-gomilsko.rkc.si\/journal\/wp-json\/wp\/v2\/posts\/10710\/revisions\/10711"}],"wp:attachment":[{"href":"http:\/\/zupnija-gomilsko.rkc.si\/journal\/wp-json\/wp\/v2\/media?parent=10710"}],"wp:term":[{"taxonomy":"category","embeddable":true,"href":"http:\/\/zupnija-gomilsko.rkc.si\/journal\/wp-json\/wp\/v2\/categories?post=10710"},{"taxonomy":"post_tag","embeddable":true,"href":"http:\/\/zupnija-gomilsko.rkc.si\/journal\/wp-json\/wp\/v2\/tags?post=10710"}],"curies":[{"name":"wp","href":"https:\/\/api.w.org\/{rel}","templated":true}]}}