
{"id":10772,"date":"2020-10-14T00:05:12","date_gmt":"2020-10-14T00:05:12","guid":{"rendered":"http:\/\/zupnija-gomilsko.rkc.si\/journal\/?p=10772"},"modified":"2020-10-02T06:11:08","modified_gmt":"2020-10-02T06:11:08","slug":"rencontres-parlementaires-logement-3","status":"publish","type":"post","link":"http:\/\/zupnija-gomilsko.rkc.si\/journal\/2020\/10\/14\/rencontres-parlementaires-logement-3\/","title":{"rendered":"Rencontres Parlementaires Logement"},"content":{"rendered":"<p>Sublimes vues dAnnecy en confinement, la vid\u00e9o compl\u00e8te! If you are the site owner or you manage this site, please whitelist your IP or if you think this block is an error please and make sure to include the block details displayed in the box below, so we can assist you in troubleshooting the issue. Block details: Your IP: <img decoding=\"async\" src=\"http:\/\/www.planbatimentdurable.fr\/local\/cache-gd2\/30c3e26535249d54c3e3fd34f64813f6.jpg\" alt=\"rencontres parlementaires logement\" align=\"left\">   Assembl\u00e9e parlementaire Compte rendu des d\u00e9bats Session de 2001 Premi\u00e8re.. By Conseil de lEurope <img decoding=\"async\" src=\"http:\/\/www.cohesion-territoires.gouv.fr\/IMG\/jpg\/rr.jpg\" alt=\"rencontres parlementaires logement\" align=\"left\"> Pr\u00e9fecture et aupr\u00e8s de lOMI Office des migrations Les policiers ont manifest\u00e9 leur col\u00e8re vendredi contre le ministre de lInt\u00e9rieur, Christophe Castaner Leurs.. 147La modification de la fiscalit\u00e9 y aff\u00e9rente et lacceptation par la Banque de France de couronner un m\u00e9canisme dont la Caisse des d\u00e9p\u00f4ts a t\u00f4t prouv\u00e9 lutilit\u00e9 autorise la g\u00e9n\u00e9ralisation du cr\u00e9dit \u00e0 moyen terme mobilisable au lendemain de la guerre. Permettant d\u00e9tablir un pont entre des disponibilit\u00e9s \u00e0 vue relativement abondantes et des capitaux \u00e0 long terme insuffisants, ce proc\u00e9d\u00e9 devient un moyen privil\u00e9gi\u00e9 de financement des investissements. R\u00e9serv\u00e9 dans un premier temps au financement des \u00e9quipements productifs, celui-ci est \u00e9tendu, par larr\u00eat\u00e9 pris par la Banque de France le 29 juin 1950, \u00e0 la construction. En application de la carte de la m\u00e9decine l\u00e9gale circulaires justice du 25-4-12, le Vaucluse est un d\u00e9partement dans lequel ce service nest pas disponible en milieu hospitalier. Dans le secteur lib\u00e9ral, seuls deux m\u00e9decins l\u00e9gistes exercent en m\u00e9decine g\u00e9n\u00e9rale. Labsence de m\u00e9decine l\u00e9gale fragilise lacc\u00e8s \u00e0 la justice des femmes touch\u00e9es par les violences. Il sagit dun service qui na de sens que sil se situe dans la proximit\u00e9, et cest le sens des r\u00e9formes quil serait opportun de mener. Les cas de coronavirus ont tripl\u00e9 ces derniers jours en Meuse et en Meurthe-et-Moselle, mais les autorit\u00e9s de sant\u00e9 ne salarment pas et expliquent cette forte hausse notamment par.. 4e revue dactivit\u00e9 parlementaire, premi\u00e8re semaine de septembre 2017 : rentr\u00e9e l\u00e9gislative, scolaire et sociale THA\u00cfLANDE-RELIGION: Un entretien avec Son \u00c9minence Francis Xavier Cardinal Kriengsak Kovithavanij, \u00e9v\u00eaque de Bangkok-Gavroche Magazine  : Rome, 23 janvier 2007 AFP-labb\u00e9 Pierre et les Brigades rouges italiennes : un \u00e9pisode m\u00e9connu 23 janvier 2007, sur le site de ;, 24 janvier 2007 ;, 23 janvier 2007 it. La mesure de printemps sest d\u00e9roul\u00e9e ce samedi 3 juin \u00e0 la faveur dune petite fen\u00eatre m\u00e9t\u00e9orologique favorable. LAssociation parlementaire des Collaborateurs parlementaires AFCP sest r\u00e9unie ce jour en Assembl\u00e9e g\u00e9n\u00e9rale. <img decoding=\"async\" src=\"http:\/\/www.oise.gouv.fr\/var\/pref60_site\/storage\/images\/actualites\/www.demande-logement-social.gouv.fr-1-an-apres-la-demande-en-ligne-le-site-continue-de-s-enrichir\/174724-1-fre-FR\/www.demande-logement-social.gouv.fr-1-an-apres-la-demande-en-ligne-le-site-continue-de-s-enrichir_large.jpg\" alt=\"rencontres parlementaires logement\" align=\"left\"> 122 Amendement d\u00e9pos\u00e9 par Pierre Chevallier lors de la discussion de la loi en seconde lecture, le 19 j Participation \u00e0 une table ronde sur lopen data des donn\u00e9es de lAssembl\u00e9e nationale. Un collectif de parents d\u00e9l\u00e8ves dAubervilliers Seine-Saint-Denis a d\u00e9pos\u00e9 un recours devant le tribunal administratif de Montreuil pour demander la r\u00e9ouverture de lensemble.. Emploi, logement, immigration.. Les gilets jaunes adressent leurs revendications aux d\u00e9put\u00e9s Le gouverneur de Jakarta a annonc\u00e9 la prolongation de la p\u00e9riode de restrictions sociales \u00e0 grande \u00e9chelle PSBB jusqu\u00e0 la fin juin. Des phases dassouplissement progressif se mettent en place. Les forces de s\u00e9curit\u00e9 isra\u00e9liennes d\u00e9truisent un b\u00e2timent palestinien jug\u00e9 trop pr\u00e8s de la barri\u00e8re s\u00e9parant Isra\u00ebl des Territoires palestiniens, \u00e0 Dar Salah, en Cisjordanie, le 22 juillet 2019 AFPArchives Derni\u00e8res actualit\u00e9s du Pacte du Pouvoir de vivre-SOLIDARITES NOUVELLES POUR LE LOGEMENT-SOLIDARITES NOUVELLES POUR LE LOGEMENT.<\/p>\n","protected":false},"excerpt":{"rendered":"<p>rencontres parlementaires logement<\/p>\n","protected":false},"author":1,"featured_media":0,"comment_status":"closed","ping_status":"closed","sticky":false,"template":"","format":"standard","meta":{"footnotes":""},"categories":[1],"tags":[],"_links":{"self":[{"href":"http:\/\/zupnija-gomilsko.rkc.si\/journal\/wp-json\/wp\/v2\/posts\/10772"}],"collection":[{"href":"http:\/\/zupnija-gomilsko.rkc.si\/journal\/wp-json\/wp\/v2\/posts"}],"about":[{"href":"http:\/\/zupnija-gomilsko.rkc.si\/journal\/wp-json\/wp\/v2\/types\/post"}],"author":[{"embeddable":true,"href":"http:\/\/zupnija-gomilsko.rkc.si\/journal\/wp-json\/wp\/v2\/users\/1"}],"replies":[{"embeddable":true,"href":"http:\/\/zupnija-gomilsko.rkc.si\/journal\/wp-json\/wp\/v2\/comments?post=10772"}],"version-history":[{"count":1,"href":"http:\/\/zupnija-gomilsko.rkc.si\/journal\/wp-json\/wp\/v2\/posts\/10772\/revisions"}],"predecessor-version":[{"id":10773,"href":"http:\/\/zupnija-gomilsko.rkc.si\/journal\/wp-json\/wp\/v2\/posts\/10772\/revisions\/10773"}],"wp:attachment":[{"href":"http:\/\/zupnija-gomilsko.rkc.si\/journal\/wp-json\/wp\/v2\/media?parent=10772"}],"wp:term":[{"taxonomy":"category","embeddable":true,"href":"http:\/\/zupnija-gomilsko.rkc.si\/journal\/wp-json\/wp\/v2\/categories?post=10772"},{"taxonomy":"post_tag","embeddable":true,"href":"http:\/\/zupnija-gomilsko.rkc.si\/journal\/wp-json\/wp\/v2\/tags?post=10772"}],"curies":[{"name":"wp","href":"https:\/\/api.w.org\/{rel}","templated":true}]}}