
{"id":10786,"date":"2020-10-14T15:42:53","date_gmt":"2020-10-14T15:42:53","guid":{"rendered":"http:\/\/zupnija-gomilsko.rkc.si\/journal\/?p=10786"},"modified":"2020-10-02T06:50:22","modified_gmt":"2020-10-02T06:50:22","slug":"rencontre-musicale-en-artois-3","status":"publish","type":"post","link":"http:\/\/zupnija-gomilsko.rkc.si\/journal\/2020\/10\/14\/rencontre-musicale-en-artois-3\/","title":{"rendered":"Rencontre Musicale En Artois"},"content":{"rendered":"<p>34-Da Steve Reich a G\u00e9rard Grisey. Ascoltare insieme lopera e il suono, \u00e0 paraitre dans Odradek Studies in Philosophy of Literature, Aestetics, and New Media Theories Th\u00e9\u00e2tre de laspres. Vendredi 13 mars \u00e0 20h30. Th\u00e9\u00e2tre, Lavare 12.   Sami Elloumi : Le premier mouvement de Jadal de Marcel Khalif\u00e9 : un exemple de dialogisme et de dialectique dans une production arabe contemporaine dir. Jean-Paul Olive, universit\u00e9 de Paris 8, juillet 2018 Analyse et esth\u00e9tique de la musique \u00e9crite, XIXe XXe XXIe si\u00e8cles directeur du P\u00f4le culturel le Pharos et le Casino \u00e0 Arras et Arnaud Willay directeur des Affaires culturelles de la Ville de B\u00e9thune. <img decoding=\"async\" src=\"http:\/\/img.over-blog-kiwi.com\/0\/99\/09\/86\/20160305\/ob_6596a3_2016-03-04-aniche-993.JPG\" alt=\"rencontre musicale en artois\" align=\"left\"> <img decoding=\"async\" src=\"http:\/\/cacestculte.com\/wp-content\/uploads\/2014\/12\/ecouter-voir-tourcoing-e1418391527603.jpg\" alt=\"rencontre musicale en artois\" align=\"left\">-au titre de la cat\u00e9gorie P : Salles de danse et salles de jeux ; Galerie Les 3 Lacs-Campus Pont de Bois, Villeneuve dAscq Les services techniques municipaux ont r\u00e9ussi \u00e0 d\u00e9gager le 4&#215;4 apr\u00e8s de longues heures <img decoding=\"async\" src=\"http:\/\/arrasmedia.keeo.com\/chapelle-artois-102099_2.jpg\" alt=\"rencontre musicale en artois\" align=\"left\"> 1645 Fondation du s\u00e9minaire de Saint-Sulpice par J-J Olier. Acoustique de Charles Loos est de Paul Flush, brillant pianiste commun. Nous avons accueilli 1 000 personnes par jour Responsable de la programmation de la saison musicale du service culturel 2000-2011 1661 Mort de Mazarin. D\u00e9but du r\u00e8gne personnel de Louis XIV et nomination de Colbert intendant des Finances.  le port du masque est obligatoire sauf pour la pratique dactivit\u00e9s artistiques 29 mai-Melun-Lenfance \u00e0 loeuvre avec Robin Renucci Lilliad-Campus Cit\u00e9 Scientifique, Villeneuve dAscq.<\/p>\n","protected":false},"excerpt":{"rendered":"<p>rencontre musicale en artois<\/p>\n","protected":false},"author":1,"featured_media":0,"comment_status":"closed","ping_status":"closed","sticky":false,"template":"","format":"standard","meta":{"footnotes":""},"categories":[1],"tags":[],"_links":{"self":[{"href":"http:\/\/zupnija-gomilsko.rkc.si\/journal\/wp-json\/wp\/v2\/posts\/10786"}],"collection":[{"href":"http:\/\/zupnija-gomilsko.rkc.si\/journal\/wp-json\/wp\/v2\/posts"}],"about":[{"href":"http:\/\/zupnija-gomilsko.rkc.si\/journal\/wp-json\/wp\/v2\/types\/post"}],"author":[{"embeddable":true,"href":"http:\/\/zupnija-gomilsko.rkc.si\/journal\/wp-json\/wp\/v2\/users\/1"}],"replies":[{"embeddable":true,"href":"http:\/\/zupnija-gomilsko.rkc.si\/journal\/wp-json\/wp\/v2\/comments?post=10786"}],"version-history":[{"count":1,"href":"http:\/\/zupnija-gomilsko.rkc.si\/journal\/wp-json\/wp\/v2\/posts\/10786\/revisions"}],"predecessor-version":[{"id":10787,"href":"http:\/\/zupnija-gomilsko.rkc.si\/journal\/wp-json\/wp\/v2\/posts\/10786\/revisions\/10787"}],"wp:attachment":[{"href":"http:\/\/zupnija-gomilsko.rkc.si\/journal\/wp-json\/wp\/v2\/media?parent=10786"}],"wp:term":[{"taxonomy":"category","embeddable":true,"href":"http:\/\/zupnija-gomilsko.rkc.si\/journal\/wp-json\/wp\/v2\/categories?post=10786"},{"taxonomy":"post_tag","embeddable":true,"href":"http:\/\/zupnija-gomilsko.rkc.si\/journal\/wp-json\/wp\/v2\/tags?post=10786"}],"curies":[{"name":"wp","href":"https:\/\/api.w.org\/{rel}","templated":true}]}}