
{"id":10796,"date":"2020-10-14T01:01:20","date_gmt":"2020-10-14T01:01:20","guid":{"rendered":"http:\/\/zupnija-gomilsko.rkc.si\/journal\/?p=10796"},"modified":"2020-10-02T06:58:03","modified_gmt":"2020-10-02T06:58:03","slug":"rencontre-pisani-3","status":"publish","type":"post","link":"http:\/\/zupnija-gomilsko.rkc.si\/journal\/2020\/10\/14\/rencontre-pisani-3\/","title":{"rendered":"Rencontre Pisani"},"content":{"rendered":"<p>LONU appelle \u00e0 la mise en place dun partenariat mondial pour atteindre les Objectifs du Mill\u00e9naire Au milieu de ce si\u00e8cle, il est vraisemblable que deux habitants sur trois vivront en ville, aspirant \u00e0 un cadre de vie \u00e9panouissant pour eux et leurs proches. Le Comit\u00e9 21 et lAssociation nationale des maires des stations class\u00e9es et communes touristiques a lanc\u00e9 le 28 octobre leur r\u00e9seau de communes Agenda 21 et tourisme durable. Bettina Laville a particip\u00e9 \u00e0 l\u00e9mission en qualit\u00e9 de grand t\u00e9moin. A cette occasion, le Comit\u00e9 21 publie un sp\u00e9cial ODD6 sur Eau propre et assainissement avec deux interviews : Jean Launay, Pr\u00e9sident du Partenariat fran\u00e7ais pour leau, et Bertrand Camus, Pr\u00e9sident de FP2E. St\u00e9phane Volant, secr\u00e9taire g\u00e9n\u00e9ral de la SNCF en attente de confirmation  Chaque ann\u00e9e, le Comit\u00e9 21 se livre \u00e0 lexercice tr\u00e8s int\u00e9ressant de lecture et danalyse des rapports d\u00e9veloppement durable de ses entreprises et collectivit\u00e9s adh\u00e9rentes. Location_on\u00c9dition broch\u00e9e 20.90 add_shopping_cartEbook 16.99 Acheter cet ouvrage Des analyses passionnantes et accessibles pour comprendre le monde actuel et ses soubresauts : les crises \u00e9conomique, migratoire europ\u00e9ennes, la guerre au Moyen-Orient et le terrorisme, l\u00e9volution du leadership am\u00e9ricain, etc. A lire : le nouveau num\u00e9ro dInfos 21 sp\u00e9cial ODD17! En amont de la COP21, la r\u00e9gion Provence-Alpes-C\u00f4te dAzur accueille, les 4 et 5 juin 2015 \u00e0 Marseille, une rencontre des acteurs de la M\u00e9diterran\u00e9e : la MEDCOP21. <img decoding=\"async\" src=\"http:\/\/ville-leslilas.fr\/news\/places\/full\/farhadi.jpg\" alt=\"rencontre pisani\" align=\"left\"> Participez \u00e0 ce rendez vous sur Les strat\u00e9gies dengagement soci\u00e9tal des entreprises et les nouvelles formes de partenariats entreprisesassociations. <img decoding=\"async\" src=\"http:\/\/img.over-blog.com\/600x347\/3\/99\/22\/02\/2011\/2011-12\/belle_2.JPG\" alt=\"rencontre pisani\" align=\"right\"> La phrase : Osez! vous \u00eates les seules qui d\u00e9cidez vraiment de r\u00e9ussir ou non, par vos choix et par la force de votre d\u00e9termination. Nous tenons \u00e0 saluer la m\u00e9moire dEdgard Pisani, son honn\u00eatet\u00e9 intellectuelle et sa qualit\u00e9 de grand serviteur de lint\u00e9r\u00eat g\u00e9n\u00e9ral. <img decoding=\"async\" src=\"http:\/\/more.wfcrimewatch.com\/upload\/news\/first\/58e15d30e3fb59.95467657.JPG\" alt=\"rencontre pisani\" align=\"center\">  D\u00e9couvrez les vid\u00e9os des laur\u00e9ats des Rubans du d\u00e9veloppement durable 2012!  Adh\u00e9rents, partenaires institutionnels et m\u00e9dias sont invit\u00e9s \u00e0 y participer.<\/p>\n","protected":false},"excerpt":{"rendered":"<p>rencontre pisani<\/p>\n","protected":false},"author":1,"featured_media":0,"comment_status":"closed","ping_status":"closed","sticky":false,"template":"","format":"standard","meta":{"footnotes":""},"categories":[1],"tags":[],"_links":{"self":[{"href":"http:\/\/zupnija-gomilsko.rkc.si\/journal\/wp-json\/wp\/v2\/posts\/10796"}],"collection":[{"href":"http:\/\/zupnija-gomilsko.rkc.si\/journal\/wp-json\/wp\/v2\/posts"}],"about":[{"href":"http:\/\/zupnija-gomilsko.rkc.si\/journal\/wp-json\/wp\/v2\/types\/post"}],"author":[{"embeddable":true,"href":"http:\/\/zupnija-gomilsko.rkc.si\/journal\/wp-json\/wp\/v2\/users\/1"}],"replies":[{"embeddable":true,"href":"http:\/\/zupnija-gomilsko.rkc.si\/journal\/wp-json\/wp\/v2\/comments?post=10796"}],"version-history":[{"count":1,"href":"http:\/\/zupnija-gomilsko.rkc.si\/journal\/wp-json\/wp\/v2\/posts\/10796\/revisions"}],"predecessor-version":[{"id":10797,"href":"http:\/\/zupnija-gomilsko.rkc.si\/journal\/wp-json\/wp\/v2\/posts\/10796\/revisions\/10797"}],"wp:attachment":[{"href":"http:\/\/zupnija-gomilsko.rkc.si\/journal\/wp-json\/wp\/v2\/media?parent=10796"}],"wp:term":[{"taxonomy":"category","embeddable":true,"href":"http:\/\/zupnija-gomilsko.rkc.si\/journal\/wp-json\/wp\/v2\/categories?post=10796"},{"taxonomy":"post_tag","embeddable":true,"href":"http:\/\/zupnija-gomilsko.rkc.si\/journal\/wp-json\/wp\/v2\/tags?post=10796"}],"curies":[{"name":"wp","href":"https:\/\/api.w.org\/{rel}","templated":true}]}}