
{"id":10824,"date":"2020-10-14T09:28:13","date_gmt":"2020-10-14T09:28:13","guid":{"rendered":"http:\/\/zupnija-gomilsko.rkc.si\/journal\/?p=10824"},"modified":"2020-10-02T08:13:17","modified_gmt":"2020-10-02T08:13:17","slug":"rencontre-bemba-tshisekedi-3","status":"publish","type":"post","link":"http:\/\/zupnija-gomilsko.rkc.si\/journal\/2020\/10\/14\/rencontre-bemba-tshisekedi-3\/","title":{"rendered":"Rencontre Bemba Tshisekedi"},"content":{"rendered":"<p>Les commissions Politique, administrative et juridique PAJ, Socioculturelle et Genre et famille, c.. <img decoding=\"async\" src=\"http:\/\/s1.dmcdn.net\/aqDg.jpg\" alt=\"rencontre bemba tshisekedi\" align=\"left\"> Tous droits de reproduction et de repr\u00e9sentation r\u00e9serv\u00e9s. 2020 Agence France-Presse. Toutes les informations texte, photo, vid\u00e9o, infographie fixe ou anim\u00e9e, contenu sonore ou multim\u00e9dia reproduites dans cette rubrique ou sur cette page selon le cas sont prot\u00e9g\u00e9es par la l\u00e9gislation en vigueur sur les droits de propri\u00e9t\u00e9 intellectuelle. Par cons\u00e9quent, toute reproduction, repr\u00e9sentation, modification, traduction, exploitation commerciale ou r\u00e9utilisation de quelque mani\u00e8re que ce soit est interdite sans laccord pr\u00e9alable \u00e9crit de lAFP, \u00e0 lexception de lusage non commercial personnel. LAFP ne pourra \u00eatre tenue pour responsable des retards, erreurs, omissions qui ne peuvent \u00eatre exclus dans le domaine des informations de presse, ni des cons\u00e9quences des actions ou transactions effectu\u00e9es sur la base de ces informations. AFP et son logo sont des marques d\u00e9pos\u00e9es Quel que soit le nom du futur nouveau coordinateur, le grand d\u00e9fi reste lavenir de Lamuka. Un avenir visiblement compromis par les divergences dans les attitudes et les d\u00e9clarations des membres de cette plateforme ayant soutenu Martin Fayulu \u00e0 la pr\u00e9sidentielle du 30 d\u00e9cembre dernier remport\u00e9e par F\u00e9lix Tshisekedi selon la Commission \u00e9lectorale et la Cour constitutionnelle. Ce dimanche 22 mars 2020 sest tenu le double scrutin organis\u00e9 pour valider le 3\u00e8me La C\u00e9ni congolaise a pass\u00e9 un contrat avec la soci\u00e9t\u00e9 priv\u00e9e sud-cor\u00e9enne Miru Systme pour lachat de ces machines \u00e0 voter qui doivent, selon elle, r\u00e9duire le co\u00fbt et la logistique des \u00e9lections pr\u00e9sidentielle, l\u00e9gislatives et provinciales qui doivent se tenir ce 23 d\u00e9cembre. Il sagit en fait d un simple \u00e9cran tactile fabriqu\u00e9 en Cor\u00e9e du Sud o\u00f9 il faut choisir la photo des candidats et imprimer les bulletins qui doivent \u00eatre gliss\u00e9s dans lurne. Je lai dit et le r\u00e9p\u00e8te : ce proc\u00e8s est politique, et ce ne sont pas des juristes, qui ne connaissent et ne comprennent le droit qu\u00e0 travers les quelques bouquins quils ont lus, qui ne feront croire le contraire. Les Congolais soucieux dun v\u00e9ritable \u00c9tat de droit doivent d\u00e9fendre la justice et la v\u00e9rit\u00e9. Jai souvent \u00e9t\u00e9 critique envers Vital Kamerhe, mais pour rien au monde je naccepterai quil soit victime dune quelconque injustice. Cest une question de principe.. Je lance un appel \u00e0 tous les Congolais de r\u00e9unir leurs forces, id\u00e9es et ressources dans tout le pays, au nord comme au sud. A lEst comme \u00e0 louest dans une grande coalition de forces sociales et de responsables politiques afin de revendiquer une alternance d\u00e9mocratique dans notre pays, avait dit lancien vice-pr\u00e9sident de la R\u00e9publique. Votre num\u00e9ro dabonn\u00e9 dans les param\u00e8tres de cr\u00e9ation de compte.  Le contenu auquel vous tentez dacc\u00e9der nexiste pas ou nest plus disponible. <img decoding=\"async\" src=\"http:\/\/congomikili.com\/wp-content\/uploads\/2018\/09\/FELIX-TSHISEKEDI-e1536331549198.jpg\" alt=\"rencontre bemba tshisekedi\" align=\"right\"> Suivez toute lactualit\u00e9 internationale en t\u00e9l\u00e9chargeant lapplication RFI  <img decoding=\"async\" src=\"http:\/\/idata.over-blog.com\/0\/52\/28\/82\/2011-PART-1\/FROM-16.05.2011\/TSHISEKEDI-LA-HAYE-P1016257.JPG\" alt=\"rencontre bemba tshisekedi\" align=\"left\"> seul et parfois contre les v\u00f4tres, \u00eatre capable de juger et de Les pr\u00e9paratifs du dialogue politique souhait\u00e9 par le chef de lEtat, aurait \u00e9t\u00e9 au centre des entretiens entre Joseph Kabila et le missi dominici de Jean-Pierre Bemba. Un membre influent de lOpposition joint par La Voix de lAfrique au Canada et dont le site na pas r\u00e9v\u00e9l\u00e9 lidentit\u00e9 a fait les commentaires suivants : Je d\u00e9plore le comportement du s\u00e9nateur Jean-Pierre Bemba \u00e0 travers Fid\u00e8le Babala. Jaimerais linformer que lOpposition congolaise reste unie et indivisible comme un seul homme. Nous bloquerons toutes ces strat\u00e9gies de glissement. Depuis avril, nous venons denregistrer huit incursions de militaires sud-soudanais dans le territoire dAru, dans la province de lIturi nord-est, a d\u00e9clar\u00e9 \u00e0 lAFP Innocent Magudhe, un responsable de la soci\u00e9t\u00e9 civile locale.  https:www.oeil-maisondesjournalistes.frwp-contentuploads201904sissi-caricature.jpg 338 900 Veronica Merlo https:www.oeil-maisondesjournalistes.frwp-contentuploads201803logo-oeil-mdj.jpg Veronica Merlo 2019-04-17 08:58:08 2019-04-17 09:10:57 Vers loubli total des Droits de lHomme en Egypte? Larchev\u00eaque Fridolin Ambongo en la cath\u00e9drale de Notre-Dame de Kinshasa, le 24 d\u00e9cembre 2018.<\/p>\n","protected":false},"excerpt":{"rendered":"<p>rencontre bemba tshisekedi<\/p>\n","protected":false},"author":1,"featured_media":0,"comment_status":"closed","ping_status":"closed","sticky":false,"template":"","format":"standard","meta":{"footnotes":""},"categories":[1],"tags":[],"_links":{"self":[{"href":"http:\/\/zupnija-gomilsko.rkc.si\/journal\/wp-json\/wp\/v2\/posts\/10824"}],"collection":[{"href":"http:\/\/zupnija-gomilsko.rkc.si\/journal\/wp-json\/wp\/v2\/posts"}],"about":[{"href":"http:\/\/zupnija-gomilsko.rkc.si\/journal\/wp-json\/wp\/v2\/types\/post"}],"author":[{"embeddable":true,"href":"http:\/\/zupnija-gomilsko.rkc.si\/journal\/wp-json\/wp\/v2\/users\/1"}],"replies":[{"embeddable":true,"href":"http:\/\/zupnija-gomilsko.rkc.si\/journal\/wp-json\/wp\/v2\/comments?post=10824"}],"version-history":[{"count":1,"href":"http:\/\/zupnija-gomilsko.rkc.si\/journal\/wp-json\/wp\/v2\/posts\/10824\/revisions"}],"predecessor-version":[{"id":10825,"href":"http:\/\/zupnija-gomilsko.rkc.si\/journal\/wp-json\/wp\/v2\/posts\/10824\/revisions\/10825"}],"wp:attachment":[{"href":"http:\/\/zupnija-gomilsko.rkc.si\/journal\/wp-json\/wp\/v2\/media?parent=10824"}],"wp:term":[{"taxonomy":"category","embeddable":true,"href":"http:\/\/zupnija-gomilsko.rkc.si\/journal\/wp-json\/wp\/v2\/categories?post=10824"},{"taxonomy":"post_tag","embeddable":true,"href":"http:\/\/zupnija-gomilsko.rkc.si\/journal\/wp-json\/wp\/v2\/tags?post=10824"}],"curies":[{"name":"wp","href":"https:\/\/api.w.org\/{rel}","templated":true}]}}