
{"id":10826,"date":"2020-10-14T08:37:04","date_gmt":"2020-10-14T08:37:04","guid":{"rendered":"http:\/\/zupnija-gomilsko.rkc.si\/journal\/?p=10826"},"modified":"2020-10-02T08:14:18","modified_gmt":"2020-10-02T08:14:18","slug":"festival-rencontre-racine-3","status":"publish","type":"post","link":"http:\/\/zupnija-gomilsko.rkc.si\/journal\/2020\/10\/14\/festival-rencontre-racine-3\/","title":{"rendered":"Festival Rencontre Racine"},"content":{"rendered":"<p>Plusieurs figures mythiques de l\u00eele de Marley et de jeunes musiciens fougueux se sont rassembl\u00e9s sur la terrasse dune maison de Kingston, pour exhumer lessence de leur culture musicale.Plus quune musique, il sagit de faire vivre un \u00e9tat desprit. Inna De Yard fait le pari de miser sur la simplicit\u00e9 de lorchestration, la chaleur du son acoustique, l\u00e9motion brute des voix et l\u00e9nergie collective, ces instants pr\u00e9cieux o\u00f9 la musique na\u00eet dune communion entre musiciens, de fa\u00e7on organique et presque spirituelle. Les pr\u00e9c\u00e9dentes \u00e9ditions ont vu se produire sur les 3 sc\u00e8nes du site Japy des artistes comme Hoshi, Youssoupha, Grand Corps Malade, ou encore Ibeyi et Danakil. Encore un peu de patience pour d\u00e9couvrir les t\u00eates daffiches de la prochaine \u00e9dition du Festival Rencontres et Racines! Camping et Navette du Festival Rencontre et Racines Pour plus dinformations sur la programmation et la liste des exposants, rendez-vous sur le site officiel : Fontmorigny : Festival de musique classique en labbaye Thanks to your help, the site will remain healthy LunaClassic Anciennement St Prex Classics-2014-<img decoding=\"async\" src=\"http:\/\/www.take.christianhydrick.com\/Fiches\/cm2\/orthographe\/images\/img0431.png\" alt=\"festival rencontre racine\" align=\"left\"> Le grand prix RTL de la bande dessin\u00e9e 2019 est attribu\u00e9 \u00e0 Alain Ayroles et Juanjo Guarnido pour les aventures color\u00e9es et rocambolesques dun vaurien en qu\u00eate de fortune.La chronique de Monique Youn\u00e8s : Tu d\u00e9sires tout savoir avant tout le monde? Laisse-nous ton courriel et tes d\u00e9sirs deviendront r\u00e9alit\u00e9! Lachat de ce billet est momentan\u00e9ment indisponible, merci de r\u00e9essayer ult\u00e9rieurement. Notre mani\u00e8re de travailler est simple, d\u00e8s quune personne du collectif a une id\u00e9e, un lieu, un artiste, on sappelle, on en parle et on tourne. Paris-Vall\u00e9e de la Marne agglo. : Printemps du jazz Un des plus grands festivals rock de France programm\u00e9 au mois de juillet.Toute la programmation sur : www.eurockeennes.fr Un livre, un jour est un mini-magazine litt\u00e9raire diffus\u00e9 quotidiennement sur France 3, dont le principe est de pr\u00e9senter chaque jour un livre diff\u00e9r.. Cr\u00e9er et d\u00e9velopper son r\u00e9seau de franchise : formation dispens\u00e9e par la F\u00e9d\u00e9ration Fran\u00e7aise de la Franchise FFF pour les entrepreneurs d\u00e9veloppant un jeune r\u00e9seau ou souhaitant se d\u00e9velopper en franchise.    avons eu le plaisir davoir la visite de nombreux parrains et <img decoding=\"async\" src=\"http:\/\/s-www.estrepublicain.fr\/images\/970240A4-F988-491E-8CD7-E0E721F893C6\/LER_22\/27e-rencontres-et-racines-26-juin-wicked-sounds-photo-fancis-reinoso-1466964799.jpg\" alt=\"festival rencontre racine\" align=\"left\"> En int\u00e9gralit\u00e9 sur arte.tv jusquau 13 maiEn hommage \u00e0 Claire Bret\u00e9cher, disparue le 10 f\u00e9vrier, arte.tv met en ligne les 26 \u00e9pisodes de la s\u00e9rie Agrippine, adapt\u00e9e de sa BD parue en 1988 chez Dargaud. Une s\u00e9rie pour pleurer, rire et r\u00e2ler avec son infernale cr\u00e9ature.Sa mauvaise foi, ses \u00e9tats d\u00e2me, son cynisme, son lexique d\u00e9coiffant, et : Festival musical du Pays dart dhistoire dans lesprit de la culture piko colombienne sound system \u00e0 la colombienne. Saint-Lary-Soulan : Festival des petites \u00e9glises de montagne <img decoding=\"async\" src=\"http:\/\/rencontresetracines.audincourt.fr\/wp-content\/uploads\/2017\/03\/LDB.jpg\" alt=\"festival rencontre racine\" align=\"left\"> Les priorit\u00e9s 100 jours apr\u00e8s la reprise : trois ateliers r\u00e9alis\u00e9s sur deux jours de formation prendre en main son entreprise, g\u00e9rer au quotidien, engager les premi\u00e8res mesures. Adresse : 9 All\u00e9e de la Filature, 25400 Audincourt EPISODE 23 : Les disquaires ind\u00e9pendants et leur philosophie dentreprise Aidez Factuel! Vos dons sont d\u00e9duits \u00e0 66 de votre imp\u00f4t-France TV DR L\u00e9mission Des Racines et des Ailes, au pays de Garonne est \u00e0 voir demain soir sur France 3 d\u00e8s 21 h 05 et \u00e0 revoir sur.<\/p>\n","protected":false},"excerpt":{"rendered":"<p>festival rencontre racine<\/p>\n","protected":false},"author":1,"featured_media":0,"comment_status":"closed","ping_status":"closed","sticky":false,"template":"","format":"standard","meta":{"footnotes":""},"categories":[1],"tags":[],"_links":{"self":[{"href":"http:\/\/zupnija-gomilsko.rkc.si\/journal\/wp-json\/wp\/v2\/posts\/10826"}],"collection":[{"href":"http:\/\/zupnija-gomilsko.rkc.si\/journal\/wp-json\/wp\/v2\/posts"}],"about":[{"href":"http:\/\/zupnija-gomilsko.rkc.si\/journal\/wp-json\/wp\/v2\/types\/post"}],"author":[{"embeddable":true,"href":"http:\/\/zupnija-gomilsko.rkc.si\/journal\/wp-json\/wp\/v2\/users\/1"}],"replies":[{"embeddable":true,"href":"http:\/\/zupnija-gomilsko.rkc.si\/journal\/wp-json\/wp\/v2\/comments?post=10826"}],"version-history":[{"count":1,"href":"http:\/\/zupnija-gomilsko.rkc.si\/journal\/wp-json\/wp\/v2\/posts\/10826\/revisions"}],"predecessor-version":[{"id":10827,"href":"http:\/\/zupnija-gomilsko.rkc.si\/journal\/wp-json\/wp\/v2\/posts\/10826\/revisions\/10827"}],"wp:attachment":[{"href":"http:\/\/zupnija-gomilsko.rkc.si\/journal\/wp-json\/wp\/v2\/media?parent=10826"}],"wp:term":[{"taxonomy":"category","embeddable":true,"href":"http:\/\/zupnija-gomilsko.rkc.si\/journal\/wp-json\/wp\/v2\/categories?post=10826"},{"taxonomy":"post_tag","embeddable":true,"href":"http:\/\/zupnija-gomilsko.rkc.si\/journal\/wp-json\/wp\/v2\/tags?post=10826"}],"curies":[{"name":"wp","href":"https:\/\/api.w.org\/{rel}","templated":true}]}}