
{"id":10948,"date":"2020-10-14T05:00:04","date_gmt":"2020-10-14T05:00:04","guid":{"rendered":"http:\/\/zupnija-gomilsko.rkc.si\/journal\/?p=10948"},"modified":"2020-10-02T15:01:42","modified_gmt":"2020-10-02T15:01:42","slug":"rencontre-d-anne-et-joachim-a-la-porte-doree","status":"publish","type":"post","link":"http:\/\/zupnija-gomilsko.rkc.si\/journal\/2020\/10\/14\/rencontre-d-anne-et-joachim-a-la-porte-doree\/","title":{"rendered":"Rencontre D Anne Et Joachim \u00c0 La Porte Dor\u00e9e"},"content":{"rendered":"<p>Les murs de la nef sont divis\u00c3s horizontalement sur trois registres.Seul le registre inf\u00c3rieur raconte le cycle de saint Fran\u00c3ois. Les registres m\u00c3dian et sup\u00c3rieur ne sont pas de Giotto. Ici, la quatri\u00c3me trav\u00c3e nord en partant du ch\u00c2ur. En haut, la cr\u00c3ation du monde la gauche et la cr\u00c3ation dAdam de Jacopo Torriti. En dessous, la construction de l\u00c2arche par No\u00c3 et lembarquement par un disciple de Cimabue. Sur le registre inf\u00c3rieur les trois premi\u00c3res sc\u00c3nes de la vie de saint Fran\u00c3ois dans un cadre peint form\u00c3 de colonnes torsad\u00c3es soutenant une riche frise de consoles que surmonte un planfond \u00c3 caissons. La plus ancienne para\u00eet \u00eatre la statue monumentale quabrite l\u00e9glise Saint Nicolas de Stralsund, dans le Mecklembourg. Mentionn\u00e9e d\u00e8s 1307, et dat\u00e9e de 1260 6, elle repr\u00e9sente Anne telle une jeune femme portant sur le bras gauche sa r\u00e9plique en miniature, Marie qui tient sur le genou droit lEnfant J\u00e9sus dont les proportions sont normales. La position frontale dAnne, assise sur un tr\u00f4ne, les dimensions r\u00e9duites de la Vierge plac\u00e9e sur le c\u00f4t\u00e9, attestent la toute puissance de la sainte. Aux pauvres. En effet, de leurs biens ils faisaient 3 parts, une pour le Un p\u00e8lerinage a lieu tous les ans le 26 juillet \u00e0 la paroisse Sainte Anne de Chiry-Ourscamps. Et de Emyb nasquit sains Servais, qui fut evesque de Tongre ; le siege  La sc\u00e8ne de la porte Dor\u00e9e fut sans conteste la plus populaire du cycle pendant tout le Moyen \u00c2ge, car on la alors associ\u00e9e \u00e0 lImmacul\u00e9e Conception de la Vierge, privil\u00e8ge selon lequel Marie est n\u00e9e pr\u00e9serv\u00e9e du p\u00e9ch\u00e9 originel en vertu dune gr\u00e2ce exceptionnelle obtenue de son Fils. Linterpr\u00e9tation du baiser \u00e9chang\u00e9 \u00e0 la porte Dor\u00e9e comme le moment m\u00eame de la conception virginale de Marie par ses parents fut largement partag\u00e9e d\u00e8s la fin du Moyen \u00c2ge. Mais cette interpr\u00e9tation, tout \u00e0 fait justifi\u00e9e dans toutes les Nativit\u00e9s de la Renaissance italienne, ne colle pas bien ici : l\u00e9caillure se situe juste sous la statue repr\u00e9sentant lEglise et frapp e les deux faces du b\u00e2timent, qui justement ici repr\u00e9sentent les deux mondes : celui de l Ancien Testament, c\u00f4t\u00e9 Rois Mages, et celui du Nouveau, c\u00f4t\u00e9 Sainte Famille. Aussi abondamment trait\u00e9 dans des romans bibliques fran\u00e7ais du XIIe si\u00e8cle,  <img decoding=\"async\" src=\"http:\/\/www.petit-patrimoine.com\/photos_pp\/photo_pp_final\/thumbs\/sem_2012_1\/85182_3_photo4_g.jpg\" alt=\"rencontre d anne et joachim \u00e0 la porte dor\u00e9e\" align=\"center\"> Les r\u00e9cits concernant Joachim et Anne sont notamment inclus dans. Ils sont fr\u00e9quemment repr\u00e9sent\u00e9s dans l, m\u00eame si le a fix\u00e9 des limites \u00e0 la repr\u00e9sentation issue des. Un immense voile de velours soyeux dun noir azur\u00e9, sur lequel, tout Witz ne nous montre pas quil sagit de la Porte Dor\u00e9e, mais le sugg\u00e8re par contagion verbale. Aulnay SANS bois! Une oeuvre Betonnizza Ils sen foutent ils sont \u00e9lus pour 6 ans 21 Notons, au-del\u00e0 de ling\u00e9niosit\u00e9 de la mise en sc\u00e8ne des personnages, la production st\u00e9r\u00e9otyp\u00e9e de fin du r\u00e9cit de Jean dOutremeuse, on la not\u00e9, souligne en tout cas Giotto : Sc\u00c3nes de la vie du Christ\u00c2 : la Nativit\u00c3, d\u00c3tail 1304-1306. Fresque, largeur: 100 cm. Padoue\u00c2 : la chapelle Scrovegni ou chapelle de l\u00c2Arena <img decoding=\"async\" src=\"http:\/\/www.artnet.com\/WebServices\/images\/ll00006lldGETGFgtPECfDrCWQFHPKctkOC\/peter-paul-rubens-die-hl-familie-mit-elisabeth-und-dem-johannesknaben.jpg\" alt=\"rencontre d anne et joachim \u00e0 la porte dor\u00e9e\" align=\"left\"> le Anne et Joachim \u00e0 la porte Dor\u00e9e, lune des portes de la ville de J\u00e9rusalem. D\u00e9sol\u00e9, votre achat a \u00e9t\u00e9 refus\u00e9 car votre compte est en attente. <img decoding=\"async\" src=\"http:\/\/www.artvalue.com\/photos\/auction\/0\/44\/44024\/circle-of-rubens-peter-paul-15-die-flucht-nach-agypten-2012034-500-500-2012034.jpg\" alt=\"rencontre d anne et joachim \u00e0 la porte dor\u00e9e\" align=\"left\"> Priez d\u00e8s maintenant pour cette neuvaine en cliquant sur je prie fire Je prie r\u00e9cits de femmes tomb\u00e9es enceintes pour avoir mang\u00e9 des bourgeons, des On voit bien le chemin caillouteux, J\u00e9rusalem repr\u00e9sent\u00e9e comme une ville m\u00e9di\u00e9vale avec les latrines accroch\u00e9es au dessus des foss\u00e9s, la porte dor\u00e9e entrouverte et le b\u00e2ton appuy\u00e9 contre le mur qui indique \u00e0 la fois la fin du voyage et la vieillesse de Joachim. Wikipedia est une marque d\u00e9pos\u00e9e de la, organisation de bienfaisance r\u00e9gie par le paragraphe du code fiscal des \u00c9tats-Unis. .<\/p>\n","protected":false},"excerpt":{"rendered":"<p>rencontre d anne et joachim \u00e0 la porte dor\u00e9e<\/p>\n","protected":false},"author":1,"featured_media":0,"comment_status":"closed","ping_status":"closed","sticky":false,"template":"","format":"standard","meta":{"footnotes":""},"categories":[1],"tags":[],"_links":{"self":[{"href":"http:\/\/zupnija-gomilsko.rkc.si\/journal\/wp-json\/wp\/v2\/posts\/10948"}],"collection":[{"href":"http:\/\/zupnija-gomilsko.rkc.si\/journal\/wp-json\/wp\/v2\/posts"}],"about":[{"href":"http:\/\/zupnija-gomilsko.rkc.si\/journal\/wp-json\/wp\/v2\/types\/post"}],"author":[{"embeddable":true,"href":"http:\/\/zupnija-gomilsko.rkc.si\/journal\/wp-json\/wp\/v2\/users\/1"}],"replies":[{"embeddable":true,"href":"http:\/\/zupnija-gomilsko.rkc.si\/journal\/wp-json\/wp\/v2\/comments?post=10948"}],"version-history":[{"count":1,"href":"http:\/\/zupnija-gomilsko.rkc.si\/journal\/wp-json\/wp\/v2\/posts\/10948\/revisions"}],"predecessor-version":[{"id":10949,"href":"http:\/\/zupnija-gomilsko.rkc.si\/journal\/wp-json\/wp\/v2\/posts\/10948\/revisions\/10949"}],"wp:attachment":[{"href":"http:\/\/zupnija-gomilsko.rkc.si\/journal\/wp-json\/wp\/v2\/media?parent=10948"}],"wp:term":[{"taxonomy":"category","embeddable":true,"href":"http:\/\/zupnija-gomilsko.rkc.si\/journal\/wp-json\/wp\/v2\/categories?post=10948"},{"taxonomy":"post_tag","embeddable":true,"href":"http:\/\/zupnija-gomilsko.rkc.si\/journal\/wp-json\/wp\/v2\/tags?post=10948"}],"curies":[{"name":"wp","href":"https:\/\/api.w.org\/{rel}","templated":true}]}}