
{"id":10976,"date":"2020-10-14T09:45:07","date_gmt":"2020-10-14T09:45:07","guid":{"rendered":"http:\/\/zupnija-gomilsko.rkc.si\/journal\/?p=10976"},"modified":"2020-10-02T15:51:49","modified_gmt":"2020-10-02T15:51:49","slug":"rencontre-avec-marocaine-belgique","status":"publish","type":"post","link":"http:\/\/zupnija-gomilsko.rkc.si\/journal\/2020\/10\/14\/rencontre-avec-marocaine-belgique\/","title":{"rendered":"Rencontre Avec Marocaine Belgique"},"content":{"rendered":"<p>Post\u00e9 le Samedi 11 Avril 2020 \u00e0 2h59 par Simon Gbaguidi En plus de tous les \u00e0 verser au dossier lors de lintroduction de la demande aupr\u00e8s du poste diplomatique belge comp\u00e9tent comme cest le cas pour le regroupement familial voir page 13 de la brochure, il vous appartient dapporter \u00e9galement tous les \u00e9l\u00e9ments de preuve justifiant loctroi dun visa humanitaire.  Un amour passionnel \u00e9branle la vie dun jeune Wallon. L\u00e9t\u00e9 dernier, Brady sest mari\u00e9 au Maroc avec une fille de son \u00e2ge rencontr\u00e9e sur Facebook. Les parents accepteraient difficilement cette union. Rentr\u00e9 en Belgique, ce pianiste \u00e2g\u00e9 de 20 ans se d\u00e9m\u00e8ne pour pouvoir accueillir chez lui son \u00e9pouse. Vu leur situation, les chances dobtenir un visa pour regroupement familial sont toutefois minces. Oui, sur base de ton attestation dinscription en 2e ann\u00e9e \u00e0 luniversit\u00e9, on doit te d\u00e9livrer \u00e0 ladministration communale une carte de s\u00e9jour de 1 an, qui sera renouvelable encore ensuite si tu poursuis tes \u00e9tudes. <img decoding=\"async\" src=\"http:\/\/img.over-blog.com\/300x239\/2\/25\/98\/74\/AVRIL-2010\/Reforme-de-la-Justice-au-Maroc.jpg\" alt=\"rencontre avec marocaine belgique\" align=\"right\">  <img decoding=\"async\" src=\"http:\/\/www.ateliergrandparis.fr\/news\/wp-content\/uploads\/colloque29NB.jpg\" alt=\"rencontre avec marocaine belgique\" align=\"center\"> Je suis une femme de 40 ans jhabite \u00e0 Madagascar et je suis c\u00e9libataire et jai 3 enfants. Je veux correspondre avec des fran\u00e7ais,des Belges et des Canadiens.mon adresse mail: Pour sinscrire pour lann\u00e9e acad\u00e9mique 2015-2016, il est n\u00e9cessaire dintroduire ta demande d\u00e9quivalence \u00e0 partir du 15 novembre 2014 et jusquau 15 juillet 2015 au plus tard sauf si tu as re\u00e7u ton dipl\u00f4me apr\u00e8s le 107. Le d\u00e9lai est alors prolong\u00e9 jusquau 149. Lorsque la d\u00e9cision d\u00e9quivalence sera rendue, et si linscription dans lenseignement sup\u00e9rieur en Belgique est autoris\u00e9e, il faut alors demander un titre de s\u00e9jour en tant qu\u00e9tudiant. La demande dadmission \u00e0 luniversit\u00e9 sera \u00e0 introduire jusquau 30042015. Elle doit se faire en ligne. Pour les HE ou Ecoles Sup\u00e9rieures des Arts, tu dois te r\u00e9f\u00e9rer au site de chaque \u00e9tablissement sup\u00e9rieur car les p\u00e9riodes dinscription peuvent varier sans jamais \u00eatre post\u00e9rieures au 31 octobre de lann\u00e9e acad\u00e9mique. La restructuration n\u00e9cessaire pour survivre \u00e0 la crise Le garant actuel sest engag\u00e9 pour toute la dur\u00e9e des \u00e9tudes : tu ne dois donc en principe pas renouveler tes documents en la mati\u00e8re. Par contre, tu dois bien signaler \u00e0 ladministration communale le changement d\u00e9tablissement denseignement et dorientation et ce avant lexpiration de ton s\u00e9jour actuel au moins 45 jours avant. Inscrivez-vous Gratuitement et commencez \u00e0 faire des rencontres Bonjour. Jaimerais correspondre avec toutes personnes ayant la m\u00eame vocation que moi quest les affaires Quavez-vous pens\u00e9 de ce bon plan?bonjour \u00e0 tous Jsp que vous vous portez \u00e0 merveille, moi je suis une d\u00e9l\u00e9gu\u00e9e m\u00e9dicale et jai bien envie davoir bcp de partenaires et amis.00229 97829645 est mon Contact <img decoding=\"async\" src=\"http:\/\/puortaldovt.cf\/cache\/avatars\/478524_1523442477_fr.png\" alt=\"rencontre avec marocaine belgique\" align=\"right\">  Maroc : portrait dun investisseur belge-JT 19h30-25112018 La plus grande mission \u00e9conomique belge jamais organis\u00e9e a d\u00e9but\u00e9 ce dimanche apr\u00e8s-midi au Maroc. Plus de 400 investisseurs y participent en compagnie de la Princesse Astrid et du Ministre des Affaires \u00e9trang\u00e8res, Didier Reynders. Il faut dire que le Maroc a entam\u00e9, au pas de course, un certain nombre de r\u00e9formes \u00e9conomiques et fiscales, et quil y a des opportunit\u00e9s pour les investisseurs. Ghizlane Kounda a rencontr\u00e9 lun dentre eux. Il a tout mis\u00e9 sur une \u00e9pice pr\u00e9cieuse : le safran-les autres documents sp\u00e9cifiques \u00e9ventuels n\u00e9cessaires \u00e0 la justification du crit\u00e8re doctroi invoqu\u00e9 dans le formulaire de demande par exemple, \u00e9l\u00e9ments probants relatifs \u00e0 la situation du conjoint ou du parent qui permet louverture du droit au permis C, attestation dinscription dans un \u00e9tablissement scolaire dans le cas des \u00e9tudiants, etc. Peux tu nous pr\u00e9ciser ce que tu comptes faire lann\u00e9e prochaine en Belgique? Rencontre des pr\u00e9sidents et vice-pr\u00e9sidents des sections Benatik courtise les Marocains de Belgique, 22 mars 2019, consult\u00e9 le 5 juin 2020.<\/p>\n","protected":false},"excerpt":{"rendered":"<p>rencontre avec marocaine belgique<\/p>\n","protected":false},"author":1,"featured_media":0,"comment_status":"closed","ping_status":"closed","sticky":false,"template":"","format":"standard","meta":{"footnotes":""},"categories":[1],"tags":[],"_links":{"self":[{"href":"http:\/\/zupnija-gomilsko.rkc.si\/journal\/wp-json\/wp\/v2\/posts\/10976"}],"collection":[{"href":"http:\/\/zupnija-gomilsko.rkc.si\/journal\/wp-json\/wp\/v2\/posts"}],"about":[{"href":"http:\/\/zupnija-gomilsko.rkc.si\/journal\/wp-json\/wp\/v2\/types\/post"}],"author":[{"embeddable":true,"href":"http:\/\/zupnija-gomilsko.rkc.si\/journal\/wp-json\/wp\/v2\/users\/1"}],"replies":[{"embeddable":true,"href":"http:\/\/zupnija-gomilsko.rkc.si\/journal\/wp-json\/wp\/v2\/comments?post=10976"}],"version-history":[{"count":1,"href":"http:\/\/zupnija-gomilsko.rkc.si\/journal\/wp-json\/wp\/v2\/posts\/10976\/revisions"}],"predecessor-version":[{"id":10977,"href":"http:\/\/zupnija-gomilsko.rkc.si\/journal\/wp-json\/wp\/v2\/posts\/10976\/revisions\/10977"}],"wp:attachment":[{"href":"http:\/\/zupnija-gomilsko.rkc.si\/journal\/wp-json\/wp\/v2\/media?parent=10976"}],"wp:term":[{"taxonomy":"category","embeddable":true,"href":"http:\/\/zupnija-gomilsko.rkc.si\/journal\/wp-json\/wp\/v2\/categories?post=10976"},{"taxonomy":"post_tag","embeddable":true,"href":"http:\/\/zupnija-gomilsko.rkc.si\/journal\/wp-json\/wp\/v2\/tags?post=10976"}],"curies":[{"name":"wp","href":"https:\/\/api.w.org\/{rel}","templated":true}]}}