
{"id":11010,"date":"2020-10-14T12:39:31","date_gmt":"2020-10-14T12:39:31","guid":{"rendered":"http:\/\/zupnija-gomilsko.rkc.si\/journal\/?p=11010"},"modified":"2020-10-02T17:19:07","modified_gmt":"2020-10-02T17:19:07","slug":"rencontres-internationales-de-lutherie-de-meylan","status":"publish","type":"post","link":"http:\/\/zupnija-gomilsko.rkc.si\/journal\/2020\/10\/14\/rencontres-internationales-de-lutherie-de-meylan\/","title":{"rendered":"Rencontres Internationales De Lutherie De Meylan"},"content":{"rendered":"<p><img decoding=\"async\" src=\"http:\/\/www.life.alwaysgreatsmile.com\/wp-content\/uploads\/2018\/07\/13-07-18-plantation-2-485x300.jpg\" alt=\"rencontres internationales de lutherie de meylan\" align=\"right\"> Louise ParkesFEI \u00e9dit\u00e9 par Anne-Lyse Raymond et Sebastien Roullier Nous vous rappelons que vous ne pouvez ajouter que 40 articles maximum \u00e0 la Wish List. \u039f \u03c0\u03b5\u03c1\u03b9\u03b7\u03b3\u03b7\u03c4\u03ae\u03c2 \u03c3\u03b1\u03c2 \u03c0\u03c1\u03ad\u03c0\u03b5\u03b9 \u03bd\u03b1 \u03ad\u03c7\u03b5\u03b9 \u03c4\u03b7\u03bd JavaScript \u03b5\u03bd\u03b5\u03c1\u03b3\u03bf\u03c0\u03bf\u03b9\u03b7\u03bc\u03ad\u03bd\u03b7 \u03b3\u03b9\u03b1 \u03bd\u03b1 \u03c8\u03c9\u03bd\u03af\u03c3\u03b5\u03c4\u03b5!   JE 08 VE 09 D\u00c9C 20H FORBIDDEN DI SPORGERSI Pierre Meunier Cie La Belle Meuni\u00e8re Marguerite Bordat Babouillec TH\u00c9\u00c2TRE Pere Ros interpr\u00e8te Sainte-Colombe et Forqueray aux Rencontres internationales de lutherie de Meylan Publier mon annonce l\u00e9gale au meilleur prix FIL INFO LEssor Is\u00e8re Journal dannonces l\u00e9gales et dinformations locales et r\u00e9gionales pour le d\u00e9partement de lIs\u00e8re LALBUM ILLUSTRE PAR Christian EPANYA SORTIRA CE SAMEDI 21 SEPTEMBRE Installation sur le camping festivalier \u00e0 partir du mercredi 9 juillet 14h r\u00e9serv\u00e9 aux festivaliers. 3 \u03c8\u03ae\u03c6\u03bf\u03b9 \u03a0\u03c1\u03bf\u03b2\u03bf\u03bb\u03ae \u0391\u03c1\u03c7\u03b5\u03af\u03bf\u03c5 \u03c0\u03b5\u03c1\u03c3\u03b9\u03b4\u03b5\u03c2 \u03b5\u03be\u03b1\u03b5\u03c1\u03b9\u03c3\u03bc\u03bf\u03c5 \u03c4\u03b9\u03bc\u03b5\u03c2 \u03b8\u03b5\u03c3\u03c3\u03b1\u03bb\u03bf\u03bd\u03b9\u03ba\u03b7 Depuis 2005, il sagit danimations de d\u00e9couverte et dinitiation aux musiques traditionnelles aupr\u00e8s des \u00e9l\u00e8ves des classes de 5 e du d\u00e9partement de lIndre, avec le soutien financier du Conseil G\u00e9n\u00e9ral de lIndre. Au total, cest 400 heures danimation musicale au cours desquelles plus 1300 coll\u00e9giens peuvent sinitier aux quatre instruments propos\u00e9s : vielle \u00e0 roue, cornemuse, accord\u00e9on diatonique et violon. Association les DAMOISEAUX-Danses Renaissance et Danses anciennes-Grenoble Url-Communiqu\u00e9s Wikipedia est une marque d\u00e9pos\u00e9e de la, organisation de bienfaisance r\u00e9gie par le paragraphe du code fiscal des \u00c9tats-Unis. <img decoding=\"async\" src=\"http:\/\/brolineh.tk\/wp-content\/uploads\/2026\/11\/Anna-de-Noailles-702x336.png\" alt=\"rencontres internationales de lutherie de meylan\" align=\"right\">  MA 06 D\u00c9C 20H VINCENT PEIRANI ET \u00c9MILE PARISIEN JAZZ CO-ACCUEIL SAISON DES D\u00c9TOURS DE BABEL \u03c3\u03c5\u03bc\u03c0\u03bb\u03b7\u03c1\u03c9\u03bc\u03b1 \u03b4\u03b9\u03b1\u03c4\u03c1\u03bf\u03c6\u03b7\u03c2 \u03b3\u03b9\u03b1 \u03bc\u03b1\u03bb\u03bb\u03b9\u03b1 \u03b1\u03c0\u03b9\u03b2\u03b9\u03c4\u03b1 \u03a0\u03a1\u039f\u0393\u039d\u03a9\u03a3\u03a4\u0399\u039a\u0391 \u03a3\u03a4\u039f\u0399\u03a7\u0397\u039c\u0391\u03a4\u039f\u03a3 Pere Ros interpr\u00e8te Sainte-Colombe et Forqueray aux Rencontres internationales de lutherie de Meylan Nous organisons des cours de danses anim\u00e9s par un professeur amateur b\u00e9n\u00e9vole et avec le groupe de musique de lassociation. Les cours commencent le 8 octobre \u00e0 Poisat voir ci-dessous. Lassociation r\u00e9alise ponctuellement des animations \u00e0 lext\u00e9rieur sur des sites historiques ch\u00e2teaux ou \u00e0 la demande de collectivit\u00e9s, \u00e9coles de musique, autres. Nous participerons en particulier aux Rencontres Internationales de Lutherie au Clos des Capucins \u00e0 Meylan les 19-20-21 octobre 2012. VE 13 JANV 20H SATORI \u00c9tienne Jaumet F\u00e9licie dEstienne dOrves CONCERT \u00c9LECTRO Notre collection daccessoires se renouvelle une fois de plus pour apporter lumi\u00e8re, fra\u00eecheur et une touche m\u00e9diterran\u00e9enne \u00e0 votre garde-robe. Sacs en cuir tress\u00e9, ou lunettes de soleil aux airs futuristes.. Faites-en les stars de vos tenues. SORTIE du 12\u00e8me CARNET DE LA VANAUDE le 16 novembre 2019. VOUS POUVEZ DORES ET DEJA RETENIR VOTRE LIVRE..12. ME 10 MAI 19H30 JE 11 MAI 14H15 VE 12 MAI 14h15 EFFET BEKKRELL Groupe Bekkrell CIRQUE Livraison gratuite \u00e0 partir de 30 dachat et retours gratuits-RETOURS PROLONG\u00c9S \u00c0 60 JOURS-RETARD DE LIVRAISON minfo <img decoding=\"async\" src=\"http:\/\/puortaldovt.cf\/cache\/avatars\/25215_1525945707_fr.png\" alt=\"rencontres internationales de lutherie de meylan\" align=\"right\">.<\/p>\n","protected":false},"excerpt":{"rendered":"<p>rencontres internationales de lutherie de meylan<\/p>\n","protected":false},"author":1,"featured_media":0,"comment_status":"closed","ping_status":"closed","sticky":false,"template":"","format":"standard","meta":{"footnotes":""},"categories":[1],"tags":[],"_links":{"self":[{"href":"http:\/\/zupnija-gomilsko.rkc.si\/journal\/wp-json\/wp\/v2\/posts\/11010"}],"collection":[{"href":"http:\/\/zupnija-gomilsko.rkc.si\/journal\/wp-json\/wp\/v2\/posts"}],"about":[{"href":"http:\/\/zupnija-gomilsko.rkc.si\/journal\/wp-json\/wp\/v2\/types\/post"}],"author":[{"embeddable":true,"href":"http:\/\/zupnija-gomilsko.rkc.si\/journal\/wp-json\/wp\/v2\/users\/1"}],"replies":[{"embeddable":true,"href":"http:\/\/zupnija-gomilsko.rkc.si\/journal\/wp-json\/wp\/v2\/comments?post=11010"}],"version-history":[{"count":1,"href":"http:\/\/zupnija-gomilsko.rkc.si\/journal\/wp-json\/wp\/v2\/posts\/11010\/revisions"}],"predecessor-version":[{"id":11011,"href":"http:\/\/zupnija-gomilsko.rkc.si\/journal\/wp-json\/wp\/v2\/posts\/11010\/revisions\/11011"}],"wp:attachment":[{"href":"http:\/\/zupnija-gomilsko.rkc.si\/journal\/wp-json\/wp\/v2\/media?parent=11010"}],"wp:term":[{"taxonomy":"category","embeddable":true,"href":"http:\/\/zupnija-gomilsko.rkc.si\/journal\/wp-json\/wp\/v2\/categories?post=11010"},{"taxonomy":"post_tag","embeddable":true,"href":"http:\/\/zupnija-gomilsko.rkc.si\/journal\/wp-json\/wp\/v2\/tags?post=11010"}],"curies":[{"name":"wp","href":"https:\/\/api.w.org\/{rel}","templated":true}]}}