
{"id":11012,"date":"2020-10-14T21:00:04","date_gmt":"2020-10-14T21:00:04","guid":{"rendered":"http:\/\/zupnija-gomilsko.rkc.si\/journal\/?p=11012"},"modified":"2020-10-02T17:21:46","modified_gmt":"2020-10-02T17:21:46","slug":"rencontre-avec-jcvd","status":"publish","type":"post","link":"http:\/\/zupnija-gomilsko.rkc.si\/journal\/2020\/10\/14\/rencontre-avec-jcvd\/","title":{"rendered":"Rencontre Avec Jcvd"},"content":{"rendered":"<p>Le r\u00e9alisateur de la s\u00e9rie Peter Atencio a une anecdote \u00e0 ce sujet Lukas est un vrai super-h\u00e9ros Jean-Claude Van Damme en interview  Afin de d\u00e9terminer quelles parties du site sont les plus int\u00e9ressantes pour nos visiteurs, nous essayons de mesurer continuellement, en utilisant entre autres le logiciel dun tiers, le nombre de visiteurs sur notre site et quels articles sont les plus consult\u00e9s. Pour ce faire, nous utilisons des cookies. Si vous appr\u00e9ciez le personnage de Van Damme pour la simplicit\u00e9 dun ket de Bruxelles tremp\u00e9e dans l American way of life dun acteur hollywoodien, ce reportage vous ravira. Si, comme nous, vous avez appr\u00e9ci\u00e9 le film JCVD, vous allez adorer. Dautant que cest son r\u00e9alisateur, Mabrouk El Mechri, derri\u00e8re lune des cam\u00e9ras de Be TV. <img decoding=\"async\" src=\"http:\/\/s2.dmcdn.net\/htHWc\/x480-y_Q.jpg\" alt=\"rencontre avec jcvd\" align=\"left\"> 2018 Aros y LLantas Mundiales. Todos los Derechos Reservados Dise\u00f1ado por Pour loccasion la marque avait lou\u00e9 le studio Rouchon le plus ancien studio de cin\u00e9ma encore ouvert \u00e0 Paris afin de reconstituer certaines s\u00e9quences de la publicit\u00e9. Entre deux coupes de champagnes les invit\u00e9s pouvaient ainsi se glisser dans la peau de Jean-Claude Van Damme la nouvelle \u00e9g\u00e9rie de la marque! en se mettant \u00e0 bord dune Ferrari ou en montant sur un cygne g\u00e9ant entour\u00e9s de nanas en bikini jai fait la sc\u00e8ne de la Ferrari et jai h\u00e2te de voir le r\u00e9sultat huhu. Il \u00e9tait m\u00eame possible de participer \u00e0 un atelier rasage? Gros succ\u00e8s Lexpression rasage gratis prenant ici tout son sens. Jean-Claude Camille Francois Van Vaerenbergh, connu sous le nom de Jean-Claude Van Damme, n\u00e9 le 18 octobre 1960 \u00e0 Berchem-Sainte-Agathe dans la R\u00e9gion de Bruxelles-Capitale, est un champion dart martial, un acteur de cin\u00e9ma, un r\u00e9alisateur et un producteur belge. Il est souvent d\u00e9sign\u00e9 par ses simples initiales JCVD ou The Muscles from Brussels Les muscles de Bruxelles aux Etats-Unis. Jean-Claude Camille Fran\u00e7ois Van Varenberg est n\u00e9 le 18 octobre 1960 \u00e0 Berchem-Sainte-Agathe, lune des 19 communes de Bruxelles, en Belgique. Ses parents Eliana et Eug\u00e8ne Van Varenberg \u00e9taient fleuristes. Il a une grande s\u0153ur, V\u00e9ronique. Le jeune Jean-Claude grandit \u00e0 Bruxelles, l\u00e0 il sint\u00e9resse \u00e0 la musique classique, \u00e0 la peinture et sessaye au curling. Sous pression parentale, il se tourne vers le karat\u00e9 et suit les enseignements de Claude Goetz d\u00e8s l\u00e2ge de onze ans. Il quitte l\u00e9cole \u00e0 seize ans pour se consacrer au karat\u00e9 et au culturisme. \u00c0 l\u00e2ge de dix-sept ans, il effectue des stages de perfectionnement avec Dominique Valera, et devient ceinture noire, \u00e0 dix-huit ans. Ses cinq ann\u00e9es de danse classique lui valent une invitation \u00e0 rejoindre lOp\u00e9ra de Paris, quil d\u00e9cline. Sen suivent 6 mois de trombone \u00e0 coulisse avec comme professeur Jean Bernard Mitheaux, bien quayant la volont\u00e9 de poursuivre dans la musique, son professeur len dissuade au vu de ses capacit\u00e9s artistiques assez limit\u00e9es. En 1978, il se rend \u00e0 Hong-Kong o\u00f9 il rencontre Jackie Chan pendant quelques minutes, puis en 1979, Jean-Claude Van Varenberg se rend pour la premi\u00e8re fois aux \u00c9tats-Unis pour participer au championnat du monde de karat\u00e9 \u00e0 Wako en Floride, o\u00f9 il se fait battre par son compatriote belge Patrick Teugels qui devient vice-champion du monde. Ses fans attribuent cette d\u00e9faite \u00e0 son manque de s\u00e9rieux \u00e0 lentra\u00eenement d\u00fb \u00e0 son \u00e9merveillement \u00e0 la d\u00e9couverte des \u00c9tats-Unis. Il rencontre \u00e0 nouveau Patrick Teugels quelques mois plus tard dans un match amical quil gagne alors par KO. Par la suite, il effectue plusieurs voyages aux \u00c9tats-Unis et y d\u00e9couvre Golds Gym, une salle de musculation dont la renomm\u00e9e nest plus \u00e0 faire. Il sen inspire pour ouvrir un centre de fitness \u00e0 Bruxelles : le California Gym. Mais Jean-Claude Van Damme ne se satisfait pas de sa situation. Il a foi en lui m\u00eame et croit au r\u00eave am\u00e9ricain : il veut devenir acteur et part tenter sa chance aux \u00c9tats-Unis.  Top 10 des meilleures phrases de Jean-Claude Van Damme pour ses 56 ans Lacteur est alors au sommet de sa gloire, ne subissant aucun \u00e9chec. Il devient lun des acteurs darts-martiaux les plus populaires et un des acteurs les mieux pay\u00e9s au monde, avec un cachet de huit millions de dollars pour 1994 de ; le film est descendu par la critique et les fans du jeu vid\u00e9o dont le film est ladaptation, cependant le succ\u00e8s est au rendez-vous. Pr\u00e9venez-moi de tous les nouveaux articles par e-mail. Cest du belge : 15 ann\u00e9es de fiert\u00e9s noires-jaunes-rouges avec JCVD! On va dire quil a touch\u00e9 a tous les plaisirs que la c\u00e9l\u00e9brit\u00e9 et largent pouvait lui apporter! <img decoding=\"async\" src=\"http:\/\/www.lepoint.fr\/images\/2010\/06\/04\/97702-une-van-damme_611_660x281.jpg\" alt=\"rencontre avec jcvd\" align=\"left\">  Isnt she lovely, Superstition, I Wish, I just called to say I love you, Part-time lover ou bien encore Ebony and Ivory en duo avec Paul McCartney.. Tous sont des tubes de Stevie Wonder. Un des monstres de la pop music am\u00e9ricaine, r\u00e9volutionnaire du Funk et de la Soul, f\u00eate en ce 13 mai son 70e anniversaire. <img decoding=\"async\" src=\"http:\/\/www.sofilm.fr\/sites\/default\/files\/image\/Capture%20d%E2%80%99%C3%A9cran%202015-10-01%20%C3%A0%2010_56_30.png\" alt=\"rencontre avec jcvd\" align=\"left\"> Jean-Claude Van Damme ne poss\u00e8de aucun titre de. Sa biographie officielle fait \u00e9tat dun titre de champion de Belgique de en variante moins violente du et du, dun titre de champion dEurope de light contact en, et de sa participation aux championnats du monde WAKO en en, o\u00f9 il est \u00e9limin\u00e9 par un autre Belge, Patrick Teugels, ce dernier terminant 2 e de la comp\u00e9tition. Jean-Claude Van Damme donne un cours tr\u00e8s sp\u00e9cial aux Anges Jean-Claude Van Damme, lors de la promotion de en 2007.<\/p>\n","protected":false},"excerpt":{"rendered":"<p>rencontre avec jcvd<\/p>\n","protected":false},"author":1,"featured_media":0,"comment_status":"closed","ping_status":"closed","sticky":false,"template":"","format":"standard","meta":{"footnotes":""},"categories":[1],"tags":[],"_links":{"self":[{"href":"http:\/\/zupnija-gomilsko.rkc.si\/journal\/wp-json\/wp\/v2\/posts\/11012"}],"collection":[{"href":"http:\/\/zupnija-gomilsko.rkc.si\/journal\/wp-json\/wp\/v2\/posts"}],"about":[{"href":"http:\/\/zupnija-gomilsko.rkc.si\/journal\/wp-json\/wp\/v2\/types\/post"}],"author":[{"embeddable":true,"href":"http:\/\/zupnija-gomilsko.rkc.si\/journal\/wp-json\/wp\/v2\/users\/1"}],"replies":[{"embeddable":true,"href":"http:\/\/zupnija-gomilsko.rkc.si\/journal\/wp-json\/wp\/v2\/comments?post=11012"}],"version-history":[{"count":1,"href":"http:\/\/zupnija-gomilsko.rkc.si\/journal\/wp-json\/wp\/v2\/posts\/11012\/revisions"}],"predecessor-version":[{"id":11013,"href":"http:\/\/zupnija-gomilsko.rkc.si\/journal\/wp-json\/wp\/v2\/posts\/11012\/revisions\/11013"}],"wp:attachment":[{"href":"http:\/\/zupnija-gomilsko.rkc.si\/journal\/wp-json\/wp\/v2\/media?parent=11012"}],"wp:term":[{"taxonomy":"category","embeddable":true,"href":"http:\/\/zupnija-gomilsko.rkc.si\/journal\/wp-json\/wp\/v2\/categories?post=11012"},{"taxonomy":"post_tag","embeddable":true,"href":"http:\/\/zupnija-gomilsko.rkc.si\/journal\/wp-json\/wp\/v2\/tags?post=11012"}],"curies":[{"name":"wp","href":"https:\/\/api.w.org\/{rel}","templated":true}]}}