
{"id":11026,"date":"2020-10-14T02:43:30","date_gmt":"2020-10-14T02:43:30","guid":{"rendered":"http:\/\/zupnija-gomilsko.rkc.si\/journal\/?p=11026"},"modified":"2020-10-02T17:49:22","modified_gmt":"2020-10-02T17:49:22","slug":"rencontre-football-france","status":"publish","type":"post","link":"http:\/\/zupnija-gomilsko.rkc.si\/journal\/2020\/10\/14\/rencontre-football-france\/","title":{"rendered":"Rencontre Football France"},"content":{"rendered":"<p>Amandine Henry et l\u00e9quipe de France fouleront tout de m\u00eame la pelouse de Gaston-G\u00e9rard. Photo archives Le Progr\u00e8s Richard MOUILLAUD Lassociation Foot Ensemble lutte contre lhomophobie dans le sport et plus particuli\u00e8rement dans le football. Elle attache une importance \u00e0 la pratique de la solidarit\u00e9, au respect des autres et de soi-m\u00eame et \u00e0 lacceptation des diff\u00e9rences. Avant le match, ateliers et \u00e9changes La programmation des affiches des quarts de finale de la Coupe de France a \u00e9t\u00e9 d\u00e9voil\u00e9e ce jeudi par la F\u00e9d\u00e9ration Fran\u00e7aise de Football.. Outre larr\u00eat de la Ligue 1, lensemble des \u00e9quipes du MHSC ont termin\u00e9 leur saison de mani\u00e8re pr\u00e9matur\u00e9e en raison de la crise sanitaire. Tour d.. Mais il risque dy avoir un gros embouteillage d\u00e8s le mois de septembre car les hommes de Didier Deschamps doivent voyager en Su\u00e8de 5 septembre, recevoir la Croatie 8 septembre puis le Portugal 9 octobre dans le cadre de cette comp\u00e9tition. Les Bleus encha\u00eeneront avec deux d\u00e9placements en Croatie 12 octobre et au Portugal 12 octobre avant leur dernier match de groupe, face aux Su\u00e9dois au Stade de France le 15 novembre. Alors que personne ne sait encore si les championnats nationaux vont pouvoir reprendre ni quand, No\u00ebl Le Gra\u00ebt, pr\u00e9sident de la 3F, va devoir r\u00e9soudre un vrai casse-t\u00eate pour mettre en place le calendrier des Bleus. Jaccepte de recevoir des infos, des jeux et des offres privil\u00e8ges du site Allemagne : Le probl\u00e8me est similaire \u00e0 celui des Bleus, mais parvenue plus t\u00f4t du c\u00f4t\u00e9 de la Mannschaft. LAllemagne a connu sa grande d\u00e9ception entre 1998 et 2004, et na pu se s\u00e9parer des anciens joueurs comme Klinsmann, Matth\u00e4us, Kohler ou Bierhoff que petit \u00e0 petit. Les talents auxquels les Allemands \u00e9taient toujours habitu\u00e9s, n\u00e9taient pas pr\u00e9sents, lencadrement des jeunes joueurs de foot n\u00e9tait plus au point Il aura fallu attendre jusquau Mondial en 2006 dans son propre pays, pour reformer une \u00e9quipe comp\u00e9titive et ambitieuse. Lahm, Schweinsteiger, Podolski ressortent de cette g\u00e9n\u00e9ration et sont devenus les piliers de cette nouvelle \u00e9quipe allemande. Dautres joueurs ont fait leur apparition en 2008 et 2010 comme Neuer, M\u00fcller, \u00d6zil et Khedira et dautres jeunes stars allemandes sont rentr\u00e9es dans le groupe et seront certainement pr\u00e9sentes lors des futurs tournois, notamment Marco Reus, Mats Hummels, Mario G\u00f6tze et Ilkay G\u00fcndogan. <img decoding=\"async\" src=\"http:\/\/medias.sport.fr\/l-equipe-de-france-de-football-france-allemagne-la-fiche-du-match-2-0-386019.jpg\" alt=\"rencontre football france\" align=\"left\">  Euro 2020 : France Allemagne \u00e0 lAllianz Arena, Munich REPORT\u00c9 Samedi 20 juin, 15h  Les deux \u00e9quipes se retrouvent ensuite lors des. Les deux \u00e9quipes figurent dans le groupe 4 avec le Luxembourg. La France simpose 5-3 en Irlande, le match retour ayant lieu au Parc des Princes. Priv\u00e9 de nombreux titutlaires Vignal, Glovacki, Kargu, Kopa, la France simpose un but \u00e0 z\u00e9ro gr\u00e2ce \u00e0 Piantoni. Ce but qualifie l\u00e9quipe de France, mais Piantoni ne sera pas retenu pour jouer la Coupe du monde. \ufe0f scott_brooks1 is working hard to ensure Les Aiglons can train on perfect pitches. After working Arsenal, et La Russie est lh\u00e9riti\u00e8re principale de lURSS. Club de Football am\u00e9ricain-Molosses Football-Asni\u00e8res-sur-Seine Maroc-Cote dIvoireCoupe dAfrique des Nations 2019  Football La date et le lieu du match de Coupe de France entre La Charit\u00e9 et lAJ Auxerre d\u00e9voil\u00e9s Football : Match de pr\u00e9paration France USA Ville de Lyon <img decoding=\"async\" src=\"http:\/\/www.bourgogne-infos.com\/medias\/8576\/football-coupe-de-france-les-premieres-images-du-match-34323.jpg\" alt=\"rencontre football france\" align=\"center\"> <img decoding=\"async\" src=\"http:\/\/static1.ozap.com\/articles\/4\/56\/21\/84\/@\/4596044-kylian-mbappe-a-ete-decisif-durant-cette-article_media_image-2.jpg\" alt=\"rencontre football france\" align=\"left\"> En raison de l\u00e9pid\u00e9mie de coronavirus, le match amical France Ukraine pr\u00e9vu le 27 mars 2020 au Stade de France se jouera \u00e0 huis clos.<\/p>\n","protected":false},"excerpt":{"rendered":"<p>rencontre football france<\/p>\n","protected":false},"author":1,"featured_media":0,"comment_status":"closed","ping_status":"closed","sticky":false,"template":"","format":"standard","meta":{"footnotes":""},"categories":[1],"tags":[],"_links":{"self":[{"href":"http:\/\/zupnija-gomilsko.rkc.si\/journal\/wp-json\/wp\/v2\/posts\/11026"}],"collection":[{"href":"http:\/\/zupnija-gomilsko.rkc.si\/journal\/wp-json\/wp\/v2\/posts"}],"about":[{"href":"http:\/\/zupnija-gomilsko.rkc.si\/journal\/wp-json\/wp\/v2\/types\/post"}],"author":[{"embeddable":true,"href":"http:\/\/zupnija-gomilsko.rkc.si\/journal\/wp-json\/wp\/v2\/users\/1"}],"replies":[{"embeddable":true,"href":"http:\/\/zupnija-gomilsko.rkc.si\/journal\/wp-json\/wp\/v2\/comments?post=11026"}],"version-history":[{"count":1,"href":"http:\/\/zupnija-gomilsko.rkc.si\/journal\/wp-json\/wp\/v2\/posts\/11026\/revisions"}],"predecessor-version":[{"id":11027,"href":"http:\/\/zupnija-gomilsko.rkc.si\/journal\/wp-json\/wp\/v2\/posts\/11026\/revisions\/11027"}],"wp:attachment":[{"href":"http:\/\/zupnija-gomilsko.rkc.si\/journal\/wp-json\/wp\/v2\/media?parent=11026"}],"wp:term":[{"taxonomy":"category","embeddable":true,"href":"http:\/\/zupnija-gomilsko.rkc.si\/journal\/wp-json\/wp\/v2\/categories?post=11026"},{"taxonomy":"post_tag","embeddable":true,"href":"http:\/\/zupnija-gomilsko.rkc.si\/journal\/wp-json\/wp\/v2\/tags?post=11026"}],"curies":[{"name":"wp","href":"https:\/\/api.w.org\/{rel}","templated":true}]}}