
{"id":11028,"date":"2020-10-14T12:23:38","date_gmt":"2020-10-14T12:23:38","guid":{"rendered":"http:\/\/zupnija-gomilsko.rkc.si\/journal\/?p=11028"},"modified":"2020-10-02T17:49:27","modified_gmt":"2020-10-02T17:49:27","slug":"rencontres-catholiques","status":"publish","type":"post","link":"http:\/\/zupnija-gomilsko.rkc.si\/journal\/2020\/10\/14\/rencontres-catholiques\/","title":{"rendered":"Rencontres Catholiques"},"content":{"rendered":"<p>Touch\u00e9e par ce que vous avez \u00e9crit sur notre site, je ne peux laisser votre message sans r\u00e9ponse de ma part.  Ne vous privez pas de ce rendez-vous spirituel fort. B\u00e9n\u00e9dictions et faveurs sur vous tous, Depuis lundi, nos ont r\u00e9ouvert. Bienvenue aux enseignants-chercheurs qui ont pu r\u00e9acc\u00e9der aux salles de lectures. David dit \u00e0 Mikal : Devant le Seigneur, lui qui ma choisi de pr\u00e9f\u00e9rence \u00e0 ton p\u00e8re et \u00e0 toute sa maison pour minstituer chef sur Isra\u00ebl, sur le peuple du Seigneur, oui, je danserai devant le Seigneur. 2 Samuel 6.12   Du 9 au 28 mars 2020, r\u00e9partis en trois groupes, les \u00e9v\u00eaques de France rencontrent le Pape et les responsables des dicast\u00e8res et congr\u00e9gations dans le cadre des visites ad limina. Mgr Berthet.. AUCUNE ANNONCE REDIGEE DANS CET ESPACE NE SERA PUBLIEE! BIRMANIE-HISTOIRE: La r\u00e9volution karen, plong\u00e9e dans la r\u00e9bellion dun peuple Abraham, p\u00e8re des croyants, vu par nos trois religions. Allez sur le site www.paristoutestpossible.org, onglet soutien, vous pouvez donner par PayPal, Orange avec AFP-Services, publi\u00e9 le mercredi 23 janvier 2019 \u00e0 08h00 je suis un homme de 64 ans catholique pratiquant, de toujours attir\u00e9 par les gar\u00e7ons. A mon \u00e2ge le sexe nest plus du tout primordial, Je suis un homme s\u00e9rieux, simplement en manque de contact et de chaleur. Jaimerais trouver un ami de 25 \u00e0 45 ans, pour amiti\u00e9 sinc\u00e8re, partage, repas, sorties, vacances, jeux de soci\u00e9t\u00e9s, intimit\u00e9 sans arri\u00e8re pens\u00e9e, partage de ma foi et de mes convictions, un fils que je nai jamais eu Meilleur site de rencontre pour chr\u00e9tien et catholiques? <img decoding=\"async\" src=\"http:\/\/saintdenis.paroisse.net\/rubriques\/haut\/album_photo\/retour-sur-la-veillee-pascale-du-30-mars-a-la-cathedrale\/dsc_0022.jpg\" alt=\"rencontres catholiques\" align=\"center\"> Marie-Christine Gambart. Cest \u00e9vident. Ce nest dailleurs pas tant son enracinement chr\u00e9tien que sa foi, tout simplement, qui la guid\u00e9. Certains \u00e9v\u00e9nements historiques, comme la r\u00e9conciliation franco-allemande, prennent une tout autre couleur lorsquon les regarde par le prisme de sa foi. La lecture des encycliques papales, par exemple, a fortement influenc\u00e9 sa politique sociale, tout comme son engagement envers les pays du tiers-monde. Son m\u00e9pris de largent, sa curiosit\u00e9 pour le monde, son attention aux plus pauvres, son respect de la morale tant priv\u00e9e que publiquesont inspir\u00e9s par sa foi. Il \u00e9tait n\u00e9anmoins hors de question que lEglise ou le Vatican simmiscent dans les affaires de la France. Laudes et V\u00eapres quotidiennes avec la communaut\u00e9 des s\u0153urs. Salut je me nome rici et je suis afrquain c\u00e9libatair.je suis \u00e0 la recherche Le Centre Culturel Vauban de lUniversit\u00e9 Catholique souvre \u00e0 tous et propose pendant la p\u00e9riode universitaire des conf\u00e9rences de culture g\u00e9n\u00e9rale Art, musicologie, histoire, g\u00e9opolitique, litt\u00e9rature, sciences mais aussi des d\u00e9bats dactualit\u00e9 et des \u00e9v\u00e9nements culturels concerts, expositions. 9, passage Rimbaut, 75 014 PARIS derri\u00e8re l\u00e9glise. Dimanche Musical concert mensuel \u00e0 16h, chapelle Baltard La dur\u00e9e du s\u00e9jour des b\u00e9n\u00e9voles \u00e0 la Maison dAbraham est dun mois civil. La formation spirituelle est lun des objectifs clairement exprim\u00e9s a\u0300 Sainte Marie Grand Lebrun. Elle demande collaboration et coh\u00e9rence de lensemble de la communaut\u00e9\u0301 \u00e9ducative, dans le respect des consciences. <img decoding=\"async\" src=\"http:\/\/losgarcia.com.ar\/wp-content\/uploads\/superieures-dun.png\" alt=\"rencontres catholiques\" align=\"center\"> <img decoding=\"async\" src=\"http:\/\/www.theotokos.fr\/cache\/media\/smartpages-rencontres-a\/rencontres-en-region\/celibataires-chretiens-bretagne\/s,500,350-59b9d3.jpg\" alt=\"rencontres catholiques\" align=\"right\"> Devenez un manager international reconnu avec INSEEC Business School, d\u00e9livrant le Grade Master. Admission apr\u00e8s pr\u00e9pa, ou apr\u00e8s un Bac23 Ana Cristina Montoya, professeur \u00e0 lInstituto Universitario Sophia Messages : Inscription : jeu. 08 f\u00e9vr. 2018, 5:27 Conviction : Chretienne dautres moyens de trouver des c\u00e9libataires catholiques. Vous voulez en savoir.<\/p>\n","protected":false},"excerpt":{"rendered":"<p>rencontres catholiques<\/p>\n","protected":false},"author":1,"featured_media":0,"comment_status":"closed","ping_status":"closed","sticky":false,"template":"","format":"standard","meta":{"footnotes":""},"categories":[1],"tags":[],"_links":{"self":[{"href":"http:\/\/zupnija-gomilsko.rkc.si\/journal\/wp-json\/wp\/v2\/posts\/11028"}],"collection":[{"href":"http:\/\/zupnija-gomilsko.rkc.si\/journal\/wp-json\/wp\/v2\/posts"}],"about":[{"href":"http:\/\/zupnija-gomilsko.rkc.si\/journal\/wp-json\/wp\/v2\/types\/post"}],"author":[{"embeddable":true,"href":"http:\/\/zupnija-gomilsko.rkc.si\/journal\/wp-json\/wp\/v2\/users\/1"}],"replies":[{"embeddable":true,"href":"http:\/\/zupnija-gomilsko.rkc.si\/journal\/wp-json\/wp\/v2\/comments?post=11028"}],"version-history":[{"count":1,"href":"http:\/\/zupnija-gomilsko.rkc.si\/journal\/wp-json\/wp\/v2\/posts\/11028\/revisions"}],"predecessor-version":[{"id":11029,"href":"http:\/\/zupnija-gomilsko.rkc.si\/journal\/wp-json\/wp\/v2\/posts\/11028\/revisions\/11029"}],"wp:attachment":[{"href":"http:\/\/zupnija-gomilsko.rkc.si\/journal\/wp-json\/wp\/v2\/media?parent=11028"}],"wp:term":[{"taxonomy":"category","embeddable":true,"href":"http:\/\/zupnija-gomilsko.rkc.si\/journal\/wp-json\/wp\/v2\/categories?post=11028"},{"taxonomy":"post_tag","embeddable":true,"href":"http:\/\/zupnija-gomilsko.rkc.si\/journal\/wp-json\/wp\/v2\/tags?post=11028"}],"curies":[{"name":"wp","href":"https:\/\/api.w.org\/{rel}","templated":true}]}}