
{"id":11034,"date":"2020-10-14T02:02:28","date_gmt":"2020-10-14T02:02:28","guid":{"rendered":"http:\/\/zupnija-gomilsko.rkc.si\/journal\/?p=11034"},"modified":"2020-10-02T18:02:27","modified_gmt":"2020-10-02T18:02:27","slug":"rencontre-genas","status":"publish","type":"post","link":"http:\/\/zupnija-gomilsko.rkc.si\/journal\/2020\/10\/14\/rencontre-genas\/","title":{"rendered":"Rencontre Genas"},"content":{"rendered":"<p>Quels sont les \u00e9quipements disponibles dans les chambres de H\u00f4tel ParKest? 25 janvier 2017 choix du Genas Bowling pour les r\u00e9p\u00e9titions et finale  \u00e0 VilleurbanneRejoignez aussi le club de Villeurbanne Pr\u00e9sentation association : Genas scrap rencontres  Lorsque vous consultez un site internet, ce dernier peut stocker des informations sur ou en r\u00e9cup\u00e9rer de votre navigateur, le plus souvent sous forme de cookies. Ces informations peuvent vous concerner vous, vos pr\u00e9f\u00e9rences ou votre appareil. Ces informations, g\u00e9n\u00e9ralement, ne vous identifient pas directement, mais elles peuvent vous procurer une exp\u00e9rience internet plus personnalis\u00e9e. Vous \u00eates un homme C\u00e9libataire ou une femme C\u00e9libataire r\u00e9sidant dans la r\u00e9gion et vous souhaitez faire la rencontre dune autre personne C\u00e9libataire? Bonjour. Je suis ici pour \u00e9changer et pourquoi pas  La collecte dinformations associ\u00e9es \u00e0 celles pr\u00e9cit\u00e9es pour affiner et diffuser des contenus pertinents, puis <img decoding=\"async\" src=\"http:\/\/clgllr.blog.ac-lyon.fr\/wp-content\/uploads\/sites\/6\/2016\/09\/IMG_0670-1024x768.jpg\" alt=\"rencontre genas\" align=\"center\"> One more step Please complete the security check to access www.pagesjaunes.fr Directrice : Madame Dominique LEYLAVERGNE Horaires douverture au public : rendez-vous <img decoding=\"async\" src=\"http:\/\/p4267.phpnet.org\/an16\/20161123\/31131.JPG\" alt=\"rencontre genas\" align=\"right\"> Share La Spirale Dynamique, un mod\u00e8le pour favoriser le changement individuel et collectif with your friends. Save La Spirale Dynamique, un mod\u00e8le pour favoriser le changement individuel et collectif to your collection. Les enfants de 6-8 ans peuvent vivre un scoutisme adapt\u00e9 \u00e0 leur \u00e2ge, en petit groupe dune dizaine denfants. Les enfants doivent avoir 6 ans r\u00e9volus pour participer aux activit\u00e9s. Ladh\u00e9sion dun enfant assure ses parents animateurs. Nous sommes tr\u00e8s heureux de vous retrouver dans le nouveau num\u00e9ro de notre newsletter! Au sommaire Challenge Next 100, formation au BIM pour nos \u00e9quipes commerciales, pr\u00e9sentation.. Jai d\u00e9but\u00e9 ma carri\u00e8re en institution, aupr\u00e8s de personnes adultes handicap\u00e9es surdit\u00e9, handicap moteur et mental, d\u00e9ficience intellectuelle. Jai accompagn\u00e9 des enfants et adolescents ayant des troubles de lacquisition scolaire. <img decoding=\"async\" src=\"http:\/\/www.cdfc.fr\/uploads\/images\/U11GENAS%20002.jpg\" alt=\"rencontre genas\" align=\"left\"> Mieux conna\u00eetre Genas en quelques chiffres T\u00e9l\u00e9charger le Comme Patrice est tr\u00e8s l\u00e9galiste, il demandera laval de TheVoice, qui lui sera refus\u00e9.<\/p>\n","protected":false},"excerpt":{"rendered":"<p>rencontre genas<\/p>\n","protected":false},"author":1,"featured_media":0,"comment_status":"closed","ping_status":"closed","sticky":false,"template":"","format":"standard","meta":{"footnotes":""},"categories":[1],"tags":[],"_links":{"self":[{"href":"http:\/\/zupnija-gomilsko.rkc.si\/journal\/wp-json\/wp\/v2\/posts\/11034"}],"collection":[{"href":"http:\/\/zupnija-gomilsko.rkc.si\/journal\/wp-json\/wp\/v2\/posts"}],"about":[{"href":"http:\/\/zupnija-gomilsko.rkc.si\/journal\/wp-json\/wp\/v2\/types\/post"}],"author":[{"embeddable":true,"href":"http:\/\/zupnija-gomilsko.rkc.si\/journal\/wp-json\/wp\/v2\/users\/1"}],"replies":[{"embeddable":true,"href":"http:\/\/zupnija-gomilsko.rkc.si\/journal\/wp-json\/wp\/v2\/comments?post=11034"}],"version-history":[{"count":1,"href":"http:\/\/zupnija-gomilsko.rkc.si\/journal\/wp-json\/wp\/v2\/posts\/11034\/revisions"}],"predecessor-version":[{"id":11035,"href":"http:\/\/zupnija-gomilsko.rkc.si\/journal\/wp-json\/wp\/v2\/posts\/11034\/revisions\/11035"}],"wp:attachment":[{"href":"http:\/\/zupnija-gomilsko.rkc.si\/journal\/wp-json\/wp\/v2\/media?parent=11034"}],"wp:term":[{"taxonomy":"category","embeddable":true,"href":"http:\/\/zupnija-gomilsko.rkc.si\/journal\/wp-json\/wp\/v2\/categories?post=11034"},{"taxonomy":"post_tag","embeddable":true,"href":"http:\/\/zupnija-gomilsko.rkc.si\/journal\/wp-json\/wp\/v2\/tags?post=11034"}],"curies":[{"name":"wp","href":"https:\/\/api.w.org\/{rel}","templated":true}]}}