
{"id":11142,"date":"2020-10-14T20:07:14","date_gmt":"2020-10-14T20:07:14","guid":{"rendered":"http:\/\/zupnija-gomilsko.rkc.si\/journal\/?p=11142"},"modified":"2020-10-02T21:25:02","modified_gmt":"2020-10-02T21:25:02","slug":"cite-de-rencontre-des-gens-du-voyage","status":"publish","type":"post","link":"http:\/\/zupnija-gomilsko.rkc.si\/journal\/2020\/10\/14\/cite-de-rencontre-des-gens-du-voyage\/","title":{"rendered":"Cite De Rencontre Des Gens Du Voyage"},"content":{"rendered":"<p>Toutefois, la Cour de cassation, dans un arr\u00eat r\u00e9cent en date du 2 f\u00e9vrier 2012 a jug\u00e9 que la proc\u00e9dure de r\u00e9f\u00e9r\u00e9 d\u00e9finie \u00e0 larticle 809 du code de proc\u00e9dure civile ne peut \u00eatre emprunt\u00e9e par le propri\u00e9taire dun terrain pour demander lexpulsion de personnes qui sont dans lattente dune solution de relogement : <img decoding=\"async\" src=\"http:\/\/catalogue.gazette-drouot.com\/images\/perso\/full\/LOT\/85\/23427\/4.jpg\" alt=\"cite de rencontre des gens du voyage\" align=\"center\"> Nous navons pas le d\u00e9tail du projet de la CCBS et de la ville de Chatou, nous ne pouvons pas juger de la qualit\u00e9 des infrastructures \u00e0 construire La piste du club est praticable. Apr\u00e8s l\u00e9tat des lieux dress\u00e9 comme pr\u00e9vu par le pr\u00e9sident de la\u00e9rodrome et le pasteur, le groupe de 120 caravanes a quitt\u00e9 le site dimanche, en fin de matin\u00e9e. Pr\u00e8s de 400.. Apr\u00e8s discussions avec le pasteur Samuel Michelet, repr\u00e9sentant de la communaut\u00e9 des gens du voyage, celui-ci sest engag\u00e9 \u00e0 ce que la moiti\u00e9 des caravanes partent ce vendredi 13 septembre et lautre moiti\u00e9, le 2 octobre, du fait de lhospitalisation dun des leurs au centre hospitalier de Saint-Nazaire. Ils se sont engag\u00e9s \u00e0 nettoyer le terrain avant le d\u00e9part ainsi qu\u00e0 d\u00e9dommager le propri\u00e9taire des terrains et la commune de Pornichet. <img decoding=\"async\" src=\"http:\/\/www.mzandrehe.gq\/wp-content\/uploads\/2017\/10\/Gorilas-en-la-niebla-tour-Belgique-01-511.jpg\" alt=\"cite de rencontre des gens du voyage\" align=\"left\"> Les d\u00e9placements visant \u00e0 prendre en charge \u00e0 l\u00e9tranger et \u00e0 ramener en Belgique des personnes de nationalit\u00e9 belge avec ou sans r\u00e9sidence principale en Belgique, des r\u00e9sidents de longue dur\u00e9e en Belgique et les personnes r\u00e9sidant l\u00e9galement en Belgique Les d\u00e9placements dans le cadre de lex\u00e9cution des actes si n\u00e9cessaire et si cela ne peut pas se faire num\u00e9riquement  Les champs marqu\u00e9s dun sont obligatoires. Envoyer Communaut\u00e9 dagglom\u00e9ration Rochefort Oc\u00e9an 3, Av Maurice Chupin-Pour les gens du voyage disposant dune domiciliation personnelle Nous utilisons des cookies pour vous garantir la meilleure exp\u00e9rience sur notre site. Si vous continuez \u00e0 utiliser ce dernier, nous consid\u00e9rerons que vous acceptez lutilisation des cookies. Lorsque le propri\u00e9taire du terrain occup\u00e9 souhaite demander directement au Juge civil que cf. Pour un ex r\u00e9cent : Cour dappel de Paris, 4 janvier 2011, n1010375 Bien quil soit difficile d\u00e9valuer les besoins actuels, alors que la r\u00e9vision des sch\u00e9mas d\u00e9partementaux ne fait que commencer, le constat g\u00e9n\u00e9ral qui ressort des auditions est que cet objectif en nombre de places serait suffisant pour r\u00e9pondre aux besoins ditin\u00e9rance des gens du voyage? Dix inspecteurs du fisc seront envoy\u00e9s dans les zones dhabitation des gens du voyage et des Roms afin de contr\u00f4ler la situation des occupants. En effet beaucoup de nos compatriotes sont \u00e0 juste titre surpris en observant la cylindr\u00e9e de certains v\u00e9hicules qui tra\u00eenent les caravanes, explique le ministre.  ducoup je recherche un homme entre 21 et 27ans dans la loire atlantique Les visites sont-elles autoris\u00e9es dans les h\u00f4pitaux? Jean-Pierre Li\u00e9geois, Roms en Europe, Council of Europe, 1 er janvier 2007, p. 109-110 Comit\u00e9 Catholique Contre la Faim et pour le D\u00e9veloppement Terre Solidaire Ouvert tous les jours de 8h30 \u00e0 12h et de 13h30 \u00e0 17h ferm\u00e9 le jeudi matin. <img decoding=\"async\" src=\"http:\/\/www.stasjh.tk\/19748-thickbox_default\/1p-earring-drop-earrings-metal-nail-color-gray-silver-new-graphika-style-76063.jpg\" alt=\"cite de rencontre des gens du voyage\" align=\"center\"> Connectez-vous pour retrouver vos favoris sur tous vos \u00e9crans et profiter dune exp\u00e9rience personnalis\u00e9e Mais il \u00e9met un s\u00e9rieux b\u00e9mol : Cet \u00e9t\u00e9, nous avons recens\u00e9 sur Dreux, Vernouillet et les communes environnantes 115 caravanes. La cr\u00e9ation dune aire suppl\u00e9mentaire ne suffira pas \u00e0 absorber la demande. Daniel Frard, maire de Vernouillet, pr\u00e9cise que, m\u00eame en p\u00e9riode de forte pr\u00e9sence de rassemblements dans le drouais, son terrain officiel nest pas complet Les textes officiels ne r\u00e9pondent pas \u00e0 la r\u00e9alit\u00e9 du probl\u00e8me. .<\/p>\n","protected":false},"excerpt":{"rendered":"<p>cite de rencontre des gens du voyage<\/p>\n","protected":false},"author":1,"featured_media":0,"comment_status":"closed","ping_status":"closed","sticky":false,"template":"","format":"standard","meta":{"footnotes":""},"categories":[1],"tags":[],"_links":{"self":[{"href":"http:\/\/zupnija-gomilsko.rkc.si\/journal\/wp-json\/wp\/v2\/posts\/11142"}],"collection":[{"href":"http:\/\/zupnija-gomilsko.rkc.si\/journal\/wp-json\/wp\/v2\/posts"}],"about":[{"href":"http:\/\/zupnija-gomilsko.rkc.si\/journal\/wp-json\/wp\/v2\/types\/post"}],"author":[{"embeddable":true,"href":"http:\/\/zupnija-gomilsko.rkc.si\/journal\/wp-json\/wp\/v2\/users\/1"}],"replies":[{"embeddable":true,"href":"http:\/\/zupnija-gomilsko.rkc.si\/journal\/wp-json\/wp\/v2\/comments?post=11142"}],"version-history":[{"count":1,"href":"http:\/\/zupnija-gomilsko.rkc.si\/journal\/wp-json\/wp\/v2\/posts\/11142\/revisions"}],"predecessor-version":[{"id":11143,"href":"http:\/\/zupnija-gomilsko.rkc.si\/journal\/wp-json\/wp\/v2\/posts\/11142\/revisions\/11143"}],"wp:attachment":[{"href":"http:\/\/zupnija-gomilsko.rkc.si\/journal\/wp-json\/wp\/v2\/media?parent=11142"}],"wp:term":[{"taxonomy":"category","embeddable":true,"href":"http:\/\/zupnija-gomilsko.rkc.si\/journal\/wp-json\/wp\/v2\/categories?post=11142"},{"taxonomy":"post_tag","embeddable":true,"href":"http:\/\/zupnija-gomilsko.rkc.si\/journal\/wp-json\/wp\/v2\/tags?post=11142"}],"curies":[{"name":"wp","href":"https:\/\/api.w.org\/{rel}","templated":true}]}}