
{"id":11152,"date":"2020-10-14T09:24:22","date_gmt":"2020-10-14T09:24:22","guid":{"rendered":"http:\/\/zupnija-gomilsko.rkc.si\/journal\/?p=11152"},"modified":"2020-10-02T21:41:58","modified_gmt":"2020-10-02T21:41:58","slug":"rencontres-images","status":"publish","type":"post","link":"http:\/\/zupnija-gomilsko.rkc.si\/journal\/2020\/10\/14\/rencontres-images\/","title":{"rendered":"Rencontres Images"},"content":{"rendered":"<p>A partir du samedi 8 f\u00e9vrier 2020 voir affiche ci-dessous Sous la pr\u00e9sidence de Rafael Maestro, directeur de Cin\u00e9 passion en P\u00e9rigord, le jury du 4 e Festival des Montreurs dimages se compose de 7 personnalit\u00e9s de lexploitation cin\u00e9matographique et de la distribution. 4 femmes et 2 hommes entoureront Rafael Maestro lors de la d\u00e9lib\u00e9ration autour des films de la comp\u00e9tition. Ils r\u00e9v\u00e8leront leur Prix des Montreurs dimages le jeudi 21 mars 2019 au cours de la c\u00e9r\u00e9monie des Victoires du Cin\u00e9ma. <img decoding=\"async\" src=\"http:\/\/www.1st-attractive.com\/femmerusse\/wp-content\/uploads\/2010\/11\/fille-russe-assez.jpg\" alt=\"rencontres images\" align=\"center\"> Les interventions seront traduites en simultan\u00e9 anglais-franc\u0327ais etou franc\u0327ais-anglais et sont financ\u00e9es dans le cadre du projet EntreLACS au sein du programme de coop\u00e9ration europ\u00e9enne transfrontali\u00e8re INTERREG V France-Suisse 2014-2020 Fonds europ\u00e9en de d\u00e9veloppement r\u00e9gional. Pour la troisi\u00e8me ann\u00e9e, la Fondation renouvelle son soutien au projet. <img decoding=\"async\" src=\"http:\/\/biennaledakar.org\/wp-content\/uploads\/2018\/04\/rencontre-1030x772.jpg\" alt=\"rencontres images\" align=\"center\"> Vous avez un acc\u00e8s digital pour jusqu\u00e0 3 appareils simultan\u00e9ment afin que les membres de votre famille puissent profiter avec vous \u00e0 la maison ou en chambre d\u00e9tudiant  Lassociation NegPos organise simultan\u00e9ment \u00e0 N\u00eemes et \u00e0 Montpellier ses 10 \u00e8mes Rencontres Images et Villes. Cette ann\u00e9e, ce sont les relations, tendues ou harmonieuses, quentretiennent ville et nature qui sont abord\u00e9es. Des expositions de photographies sont pr\u00e9sent\u00e9es au public \u00e0 N\u00eemes et Montpellier jusqau 31 janvier : Le spectacle de maternelle de Lo\u00efc Bruy\u00e8re 8mn <img decoding=\"async\" src=\"http:\/\/socialcompare.com\/u\/1110\/meetic-affinity_149a67dd73329d7424ea3e69ea7c8336.jpg\" alt=\"rencontres images\" align=\"left\">  -Conservatoire des espaces naturels Rh\u00f4ne-Alpes avec des expositions Les laur\u00e9ats recevront chacun une dotation de 6 000 au titre dencouragement financier pour la qualit\u00e9 de leur travail, leuri nvestissement et leur fid\u00e9lit\u00e9 \u00e0 lesprit dAlbert Kahn. En diversifiant les formes et les r\u00e9alisations, le cin\u00e9ma d\u00e9place les regards ou, du moins, refl\u00e8te un d\u00e9placement en cours des imaginaires sur les migrations Quelle est linteraction entre la fabrication du r\u00e9cit des images et ce que lon nomme la r\u00e9alit\u00e9? Lune change probablement lautre et r\u00e9ciproquement Telle est en tout cas la perspective que se donne le programme IMAGES MIGRANTES du r\u00e9seau Traces : continuer \u00e0 interroger les migrations en m\u00eame temps que ses repr\u00e9sentations, le cin\u00e9ma \u00e9tant un merveilleux m\u00e9dia pour interroger le monde artificielle, a \u00e9merg\u00e9 dun no mans land dans le nord du Kenya. Il A lissue de la d\u00e9monstration du choc entre un cyclomoteur et une voiture, les sapeurs-pompiers ont effectu\u00e9 la d\u00e9monstration dune intervention sur un accident. Grandes villes europ\u00e9ennes : Euroland ; sur le paysage urbain de Galerie photos-Un lieu dimages et de rencontres-Cin\u00e9ma Le Trianon Plus de 150 personnes ont particip\u00e9 \u00e0 cette journ\u00e9e.<\/p>\n","protected":false},"excerpt":{"rendered":"<p>rencontres images<\/p>\n","protected":false},"author":1,"featured_media":0,"comment_status":"closed","ping_status":"closed","sticky":false,"template":"","format":"standard","meta":{"footnotes":""},"categories":[1],"tags":[],"_links":{"self":[{"href":"http:\/\/zupnija-gomilsko.rkc.si\/journal\/wp-json\/wp\/v2\/posts\/11152"}],"collection":[{"href":"http:\/\/zupnija-gomilsko.rkc.si\/journal\/wp-json\/wp\/v2\/posts"}],"about":[{"href":"http:\/\/zupnija-gomilsko.rkc.si\/journal\/wp-json\/wp\/v2\/types\/post"}],"author":[{"embeddable":true,"href":"http:\/\/zupnija-gomilsko.rkc.si\/journal\/wp-json\/wp\/v2\/users\/1"}],"replies":[{"embeddable":true,"href":"http:\/\/zupnija-gomilsko.rkc.si\/journal\/wp-json\/wp\/v2\/comments?post=11152"}],"version-history":[{"count":1,"href":"http:\/\/zupnija-gomilsko.rkc.si\/journal\/wp-json\/wp\/v2\/posts\/11152\/revisions"}],"predecessor-version":[{"id":11153,"href":"http:\/\/zupnija-gomilsko.rkc.si\/journal\/wp-json\/wp\/v2\/posts\/11152\/revisions\/11153"}],"wp:attachment":[{"href":"http:\/\/zupnija-gomilsko.rkc.si\/journal\/wp-json\/wp\/v2\/media?parent=11152"}],"wp:term":[{"taxonomy":"category","embeddable":true,"href":"http:\/\/zupnija-gomilsko.rkc.si\/journal\/wp-json\/wp\/v2\/categories?post=11152"},{"taxonomy":"post_tag","embeddable":true,"href":"http:\/\/zupnija-gomilsko.rkc.si\/journal\/wp-json\/wp\/v2\/tags?post=11152"}],"curies":[{"name":"wp","href":"https:\/\/api.w.org\/{rel}","templated":true}]}}