
{"id":11176,"date":"2020-10-14T19:07:37","date_gmt":"2020-10-14T19:07:37","guid":{"rendered":"http:\/\/zupnija-gomilsko.rkc.si\/journal\/?p=11176"},"modified":"2020-10-02T22:29:46","modified_gmt":"2020-10-02T22:29:46","slug":"rencontre-aix-cercle-economistes","status":"publish","type":"post","link":"http:\/\/zupnija-gomilsko.rkc.si\/journal\/2020\/10\/14\/rencontre-aix-cercle-economistes\/","title":{"rendered":"Rencontre Aix Cercle Economistes"},"content":{"rendered":"<p>Et de d\u00e9primer \u00e0 son tour le ministre de l\u00c9conomie, quelques minutes plus tard : Un Monde de ressources rares! La croissance mondiale est-elle en danger?, les 7, 8, 9 juillet 2006, 6 e Rencontres Sous les muriers du parc Saint-Mitre \u00e0 Aix-en-Provence, samedi 9 juin, des personnes se sont r\u00e9unies en demi-cercle. Parmi elles, des citoyens, journalistes, \u00e9tudiants, retrait\u00e9s, syndicalistes ou encore des artisans. Comme toujours dans une telle configuration, certains se sont plac\u00e9s \u00e0 gauche de lassembl\u00e9e quand dautres se sont positionn\u00e9s \u00e0 droite. Mais ici, aux, en v\u00e9rit\u00e9 tout le monde est politiquement de gauche. Le d\u00e9bat qui nous oppose, propos\u00e9 par le collectif M\u00e9dias Citoyens PACA qui rassemble les acteurs du journalisme alternatif r\u00e9gional, sintitule : Une autre information est possible mais ce nest pas facile! Alors, il faut choisir : loptimisme ou le pessimisme. <img decoding=\"async\" src=\"http:\/\/www.objectiftransition.fr\/wordpress\/wp-content\/uploads\/2012\/07\/2012-2890.jpg\" alt=\"rencontre aix cercle economistes\" align=\"center\"> Le 7, 8 et 9 juillet dernier, alegria activity, membre du et invit\u00e9 de Jean Herv\u00e9 Lorenzi-Pr\u00e9sident du cercle des \u00e9conomistes de France, a assist\u00e9 \u00e0 la 17\u00e9me \u00e9dition des Rencontres \u00c9conomiques de la belle ville fran\u00e7aise dAix-en-Provence, organis\u00e9e par de France. La rencontre de cette ann\u00e9e a eu comme th\u00e8me principal: \u00c0 la recherche de nouvelles formes de prosp\u00e9rit\u00e9. L\u00e9v\u00e8nement a r\u00e9uni comme chaque ann\u00e9e tous les chefs dentreprise des plus grandes soci\u00e9t\u00e9s fran\u00e7aises et autres illustres \u00e9conomistes dEurope, dAsie et des \u00c9tats Unis Ouvertes \u00e0 tous et gratuits, ces masterclass se tiendront vendredi 7 juillet de 8h30 \u00e0 12h00 \u00e0 lUniversit\u00e9 dAix-Marseille Site Schuman, Amphi Mistral. Situ\u00e9 dans le centre historique dAix-en-Provence le chef propose une cuisine moderne pr\u00e9par\u00e9e avec des produits frais.  Pendant trois jours de d\u00e9bats ouverts au public, ce forum r\u00e9unit des \u00e9conomistes, des universitaires, des chefs dentreprises, des repr\u00e9sentants dorganisations internationales et des membres dorganisations non gouvernementales ainsi que des d\u00e9cideurs politiques. <img decoding=\"async\" src=\"http:\/\/lesrencontreseconomiques.fr\/2016\/wp-content\/uploads\/sites\/5\/2016\/03\/dsc3977.jpg\" alt=\"rencontre aix cercle economistes\" align=\"center\">-D\u00e9velopper simultan\u00e9ment loffre fonci\u00e8re et immobili\u00e8re pour capter et fixer sur le territoire des entreprises de la troisi\u00e8me r\u00e9volution industrielle. Les rencontres \u00e9conomiques dAix sous le signe des bouleversements mondiaux Framework css bas\u00e9 sur Propuls\u00e9 par R\u00e9alisation En cette fin de semaine, Bertrand Badr\u00e9 1 a d\u00e9finitivement bascul\u00e9 dans sa nouvelle vie. \u00c0 50 ans tout juste, ce financier a laiss\u00e9 derri\u00e8re lui celle du haut des tours, qui la vu mener une carri\u00e8re \u00e9clair dans la finance internationale \u00e0 la banque Lazard \u00e0 Londres, New York puis Paris, \u00e0 l\u00c9lys\u00e9e aupr\u00e8s de Jacques Chirac, \u00e0 la direction financi\u00e8re des groupes Cr\u00e9dit agricole puis Soci\u00e9t\u00e9 g\u00e9n\u00e9rale et enfin \u00e0 la direction g\u00e9n\u00e9rale de la Banque mondiale TYPO3 CMS. Copyright 1998-2013 Kasper Sk\u00e5rh\u00f8j. Extensions are copyright of their respective owners. Go to http:typo3.org for details. Les Rencontres \u00e9conomiques reviennent \u00e0 Aix-en-Provence les vendredi 5, samedi 6 et dimanche 7 juillet 2019. Pour sa 19e \u00e9dition, depuis sa cr\u00e9ation en 2001 par le Cercle des \u00e9conomistes, le rendez-vous de r\u00e9flexion et de d\u00e9bat incontournable du monde \u00e9conomique en France a choisi comme th\u00e8me cette ann\u00e9e : renouer avec la confiance. 5 000 participants sont attendus durant ce week-end gratuit et ouvert \u00e0 tous sur le site Schuman dAix-Marseille Universit\u00e9. Pour renouer avec la confiance et r\u00e9pondre au pessimisme grandissant, les solutions restent \u00e0 inventer expliquent les Rencontres sur leur site officiel. Chacun, \u00e0 son niveau, a un r\u00f4le crucial \u00e0 jouer, une r\u00e9ponse originale \u00e0 apporter sur ce sujet complexe. Cest le contrat social qui est en jeu!. Des ministres de diff\u00e9rents pays parmi les 250 intervenants Quelles adaptations sont n\u00e9cessaires pour endiguer les fractures caus\u00e9es par les transformations \u00e9cologiques, d\u00e9mographiques et num\u00e9riques en cours? y compris les repr\u00e9sentations iconographiques et photographiques. Nous nous sommes beaucoup a ach\u00e9s les uns aux autres dans ce e aventure, qui est loin d\u00eatre termin\u00e9e pour nous. Nos \u00e9l\u00e8ves en CAP, notamment, ont gagn\u00e9 \u00e9nor-m\u00e9ment de con\ufb01 ance en eux gr\u00e2ce \u00e0 leur prix. Des copies de leurs dipl\u00f4mes garnissent les murs de notre \u00e9cole. So\ufb01 kul court dans les kiosques pour trouver le magazine lExpansion o\u00f9 \ufb01 gure son nom. Ils parlent beaucoup de poursuite d\u00e9tudes, par un bac pro. Du th\u00e9\u00e2tre, du cin\u00e9ma, des lectures et de la musique. La Croix dresse une galerie de portraits de personnalit\u00e9s de tous horizons qui incarnent ces m\u00e9tamorphoses et les prennent \u00e0 bras-le-corps, pour \u00eatre acteurs du monde qui vient. Le Conseil a adopt\u00e9 des sur un nouvel \u00e9lan pour le partenariat Afrique-UE. Dans ses. Le Conseil a adopt\u00e9 des sur un nouvel \u00e9lan pour le partenariat Afrique-UE. Dans ses conclusions, le Conseil a indiqu\u00e9 que lUE a un v\u00e9ritable int\u00e9r\u00eat strat\u00e9gique \u00e0 approfondir et \u00e0 renforcer son partenariat \u00e9tabli de longue. Actualit\u00e9 Divers 20062017 Vu 162137 fois <img decoding=\"async\" src=\"http:\/\/photos.ubiflow.net\/420449\/148405066\/photos\/1.jpg\" alt=\"rencontre aix cercle economistes\" align=\"center\">  .<\/p>\n","protected":false},"excerpt":{"rendered":"<p>rencontre aix cercle economistes<\/p>\n","protected":false},"author":1,"featured_media":0,"comment_status":"closed","ping_status":"closed","sticky":false,"template":"","format":"standard","meta":{"footnotes":""},"categories":[1],"tags":[],"_links":{"self":[{"href":"http:\/\/zupnija-gomilsko.rkc.si\/journal\/wp-json\/wp\/v2\/posts\/11176"}],"collection":[{"href":"http:\/\/zupnija-gomilsko.rkc.si\/journal\/wp-json\/wp\/v2\/posts"}],"about":[{"href":"http:\/\/zupnija-gomilsko.rkc.si\/journal\/wp-json\/wp\/v2\/types\/post"}],"author":[{"embeddable":true,"href":"http:\/\/zupnija-gomilsko.rkc.si\/journal\/wp-json\/wp\/v2\/users\/1"}],"replies":[{"embeddable":true,"href":"http:\/\/zupnija-gomilsko.rkc.si\/journal\/wp-json\/wp\/v2\/comments?post=11176"}],"version-history":[{"count":1,"href":"http:\/\/zupnija-gomilsko.rkc.si\/journal\/wp-json\/wp\/v2\/posts\/11176\/revisions"}],"predecessor-version":[{"id":11177,"href":"http:\/\/zupnija-gomilsko.rkc.si\/journal\/wp-json\/wp\/v2\/posts\/11176\/revisions\/11177"}],"wp:attachment":[{"href":"http:\/\/zupnija-gomilsko.rkc.si\/journal\/wp-json\/wp\/v2\/media?parent=11176"}],"wp:term":[{"taxonomy":"category","embeddable":true,"href":"http:\/\/zupnija-gomilsko.rkc.si\/journal\/wp-json\/wp\/v2\/categories?post=11176"},{"taxonomy":"post_tag","embeddable":true,"href":"http:\/\/zupnija-gomilsko.rkc.si\/journal\/wp-json\/wp\/v2\/tags?post=11176"}],"curies":[{"name":"wp","href":"https:\/\/api.w.org\/{rel}","templated":true}]}}