
{"id":11182,"date":"2020-10-14T09:30:09","date_gmt":"2020-10-14T09:30:09","guid":{"rendered":"http:\/\/zupnija-gomilsko.rkc.si\/journal\/?p=11182"},"modified":"2020-10-02T22:38:17","modified_gmt":"2020-10-02T22:38:17","slug":"rencontre-entre-maman-nantes","status":"publish","type":"post","link":"http:\/\/zupnija-gomilsko.rkc.si\/journal\/2020\/10\/14\/rencontre-entre-maman-nantes\/","title":{"rendered":"Rencontre Entre Maman Nantes"},"content":{"rendered":"<p>AVEC : Emmanuel De Rengerv\u00e9, SNAC, Camille Dugas, sc\u00e9nographe de lUDS 99 Le programme est en cours de cr\u00e9ation! Nouveau venu dans le paysage des festivals de showcases fran\u00e7ais, la premi\u00e8re \u00e9dition du B!SE festival se d\u00e9roulera en parall\u00e8le des Biennales.. Je suis seul je recherche des amis,je viens arrive dans la r\u00e9gions biens amicale Atelier n2 \u00e0 16h : Autour des exp\u00e9riences et t\u00e9moignages de directeurs de structures arts de la sc\u00e8ne de r\u00e9f\u00e9rence en Autriche, Lituanie et Royaume-UniEcosse, la situation des \u00e9changes entre acteurs europ\u00e9ens, la constitution de r\u00e9seaux seront \u00e9voqu\u00e9es \u00e0 partir dexemples de projets dEurope Cr\u00e9ative en cours Orfeo et Majnun, Centriphery, notamment <img decoding=\"async\" src=\"http:\/\/www.bigcitylife.fr\/wp-content\/uploads\/2016\/03\/burger-maki-burger-nantes.jpg\" alt=\"rencontre entre maman nantes\" align=\"left\"> Piero Gondolo della Riva, Bibliographie analytique de toutes les \u0153uvres de Jules Verne, Tome I, Soci\u00e9t\u00e9 Jules-Verne, 1977, p. 10-12 et Charles-No\u00ebl Martin, La Vie et l\u0153uvre de Jules Verne, 1978, p. 60 En poursuivant votre navigation sur ce site, vous acceptez linstallation et la lecture de cookies pour vous proposer je viens darriver sur Nantes je recherche des personnes avec qui boire un verre, aller au cin\u00e9, se balader en ville, des personnnes avec qui discuter! Sgen-CFDT-214, avenue F\u00e9lix Faure-69441 LYON Cedex 03 Tel : 04.78.54.17.66 E-mail : lyonsgen.cfdt.fr Les enfants sont les grands oubli\u00e9s des pouvoirs publics. Or, les cons\u00e9quences de la crise sanitaire sur leur sant\u00e9 mentale sont bien r\u00e9elles, et il est urgent de d\u00e9ployer des mesures pour pallier la persistance dun stress chronique. <img decoding=\"async\" src=\"http:\/\/tekcniset.ga\/media\/_img\/photos_evt\/rc\/paris_avril_2018\/HD-Retail%20Chain-177-Avril%202018.jpg\" alt=\"rencontre entre maman nantes\" align=\"right\">  Pour \u00e9viter cette situation de pauvret\u00e9 financi\u00e8re mais \u00e9galement sociale, la colocation On la retrouve aussi au sein de plusieurs projets en tant que guitariste C\u00e9line Ollivier, et compositrice BODIE.  33 Ateliers Le 2201 \u00e0 14h30-Novotel Le financement dune entreprise ou association du spectacle vivant : \u00e9tapes, besoins et bonnes pratiques Fr\u00e9d\u00e9ric Sonntag, Compagnie AsaNIsiMAsa Qui est B. Traven, romancier majeur du XXe si\u00e8cle et d\u00e9fenseur des opprim\u00e9s? Sur un si\u00e8cle et jusquau.. Magasin d\u00e9ducation et de r\u00e9cr\u00e9ation, 1888, publi\u00e9 en deux volumes par Hetzel, 1888 Sens de lhumour : Jaime bien taquiner, Je ris souvent int\u00e9rieurement, Je suis celui qui met de laction partout o\u00f9; je passe n o 32 : Dun biographe lautre, 2011 sur le sujet dun si\u00e8cle de biographie autour de Jules Verne Pour participer, laissez un commentaire avant le dimanche 17 f\u00e9vrier \u00e0 18h, disant quel est linstitut le plus proche de chez vous et si vous connaissez d\u00e9j\u00e0 la maque. <img decoding=\"async\" src=\"http:\/\/medias.blogbmw.fr\/2018\/05\/BMW-Erlkoenig-Tarn-Werkstatt-3er-G20-21-538x538.jpg\" alt=\"rencontre entre maman nantes\" align=\"center\"> La jeune Olympe Guillossou, 16 ans, est atteinte dun cancer dans la moelle \u00e9pini\u00e8re depuis quelle a 13 ans. Aujourdhui, seul un traitement disponible uniquement aux \u00c9tats-Unis pourrait emp\u00eacher la tumeur de progresser. Via le site internet Leetchi.com, les parents dOlympe ont mis en place une cagnotte afin quelle puisse en b\u00e9n\u00e9ficier le plus rapidement possible. Je suis une jeune maman de 33 ans dun gar\u00e7on de 7 ans et dune petite fille de 4 ans. Je suis venue sur ce site suite \u00e0 la lecture du livre m\u00e8res \u00e9puis\u00e9es que lon mavait conseill\u00e9 suite \u00e0 la bouteille \u00e0 la mer que jai jet\u00e9 sur un groupe de mamans natures sur fb pour savoir si il y avait des mamans qui avaient travers\u00e9 l\u00e9puisem Cet atelier vise \u00e0 clarifier les conditions de recours au m\u00e9c\u00e9nat et \u00e0 donner des conseils pour b\u00e2tir sa strat\u00e9gie : quelles sont les r\u00e8gles \u00e0 conna\u00eetre sur l\u00e9ligibilit\u00e9 et la gestion op\u00e9rationnelle du m\u00e9c\u00e9nat? Quelle strat\u00e9gie de prospection mettre en place aupr\u00e8s des acteurs du m\u00e9c\u00e9nat? Comment parler de son projet \u00e0 des entreprises? Comment lancer une campagne de m\u00e9c\u00e9nat participatif? La m\u00e9thodologie utilis\u00e9e a permis d\u00e9laborer un questionnaire sans biais ni orientation dont lanalyse a fait apparaitre les caract\u00e9ristiques de la mono-parentalit\u00e9 par ceux qui la vivent. Philippe Mellot, Jean-Marie Embs, Le guide Jules Verne, \u00c9ditions de lAmateur, 2005, p. 25 Bien sur que jen ai discut\u00e9. A la base, je ne pensais pas pencher vers linfidelit\u00e9 un jour. Je suis plutot qqun de constant dans mes relations, et je ne chercherais pas ailleurs si je nen avais pas le besoin. Cin\u00e9ma Repas entre amis Sorties entre amis Shopping .<\/p>\n","protected":false},"excerpt":{"rendered":"<p>rencontre entre maman nantes<\/p>\n","protected":false},"author":1,"featured_media":0,"comment_status":"closed","ping_status":"closed","sticky":false,"template":"","format":"standard","meta":{"footnotes":""},"categories":[1],"tags":[],"_links":{"self":[{"href":"http:\/\/zupnija-gomilsko.rkc.si\/journal\/wp-json\/wp\/v2\/posts\/11182"}],"collection":[{"href":"http:\/\/zupnija-gomilsko.rkc.si\/journal\/wp-json\/wp\/v2\/posts"}],"about":[{"href":"http:\/\/zupnija-gomilsko.rkc.si\/journal\/wp-json\/wp\/v2\/types\/post"}],"author":[{"embeddable":true,"href":"http:\/\/zupnija-gomilsko.rkc.si\/journal\/wp-json\/wp\/v2\/users\/1"}],"replies":[{"embeddable":true,"href":"http:\/\/zupnija-gomilsko.rkc.si\/journal\/wp-json\/wp\/v2\/comments?post=11182"}],"version-history":[{"count":1,"href":"http:\/\/zupnija-gomilsko.rkc.si\/journal\/wp-json\/wp\/v2\/posts\/11182\/revisions"}],"predecessor-version":[{"id":11183,"href":"http:\/\/zupnija-gomilsko.rkc.si\/journal\/wp-json\/wp\/v2\/posts\/11182\/revisions\/11183"}],"wp:attachment":[{"href":"http:\/\/zupnija-gomilsko.rkc.si\/journal\/wp-json\/wp\/v2\/media?parent=11182"}],"wp:term":[{"taxonomy":"category","embeddable":true,"href":"http:\/\/zupnija-gomilsko.rkc.si\/journal\/wp-json\/wp\/v2\/categories?post=11182"},{"taxonomy":"post_tag","embeddable":true,"href":"http:\/\/zupnija-gomilsko.rkc.si\/journal\/wp-json\/wp\/v2\/tags?post=11182"}],"curies":[{"name":"wp","href":"https:\/\/api.w.org\/{rel}","templated":true}]}}