
{"id":11194,"date":"2020-10-14T19:24:17","date_gmt":"2020-10-14T19:24:17","guid":{"rendered":"http:\/\/zupnija-gomilsko.rkc.si\/journal\/?p=11194"},"modified":"2020-10-02T22:49:17","modified_gmt":"2020-10-02T22:49:17","slug":"festival-cine-rencontre-prades","status":"publish","type":"post","link":"http:\/\/zupnija-gomilsko.rkc.si\/journal\/2020\/10\/14\/festival-cine-rencontre-prades\/","title":{"rendered":"Festival Cin\u00e9 Rencontre Prades"},"content":{"rendered":"<p>La Walkyrie : Du bist der Lenz Acte I Sc 3 Air de Sieglinde-conception de documents p\u00e9dagogiques autour du film-Prix FFCC : Le passe-montagne de Jean-Fran\u00e7ois STEVENIN, France. Apr\u00e8s la fermeture du tunnel dAragnouet-Bielsa dans les Hautes-Pyr\u00e9n\u00e9es, dautres routes menant vers lEspagne ont \u00e9t\u00e9 ferm\u00e9es dans les Pyr\u00e9n\u00e9es-Orientales, mardi 14 avril 2020.  Ca y est la plage est pr\u00eate et le pr\u00e9fet de lH\u00e9rault a donn\u00e9 son feu vert pour cette exp\u00e9rimentation. La Grande-Motte sera la premi\u00e8re plage fran\u00e7aise o\u00f9 lon pourra bronzer cet \u00e9t\u00e9 \u00e0 compter du jeudi de.. ::i18nfr:Se reconnecter, en:Log in. Festival du film daventure et dhistoire, Paris  Werner Herzog : Il viendra pr\u00e9senter au Lido, le cin\u00e9ma de Prades, six de ses longs m\u00e9trages dont Aguirre, Nosferatu, Woyzeck, Fitzcarraldo.. Et quatre de ses documentaires en compagnie de Pierre Eiseinreich, critique \u00e0 Positif et sp\u00e9cialiste de loeuvre prot\u00e9iforme du cin\u00e9aste allemand. Dadapter la pr\u00e9sentation de notre site aux pr\u00e9f\u00e9rences daffichage de votre terminal langue, r\u00e9solution daffichage, syst\u00e8me dexploitation, etc, <img decoding=\"async\" src=\"http:\/\/eugeneistomin.com\/wp-content\/uploads\/2015\/12\/Bach-ML-4346.jpg\" alt=\"festival cin\u00e9 rencontre prades\" align=\"center\">-D\u00e9bat : La musique au cin\u00e9ma, anim\u00e9 par Michel FANO. : vers une r\u00e9volution g\u00e9o-\u00e9conomique majeure, une rencontre avec professeur d\u00e9conomie pour le Auteur des textes et du montage photos, publi\u00e9 sur Le Bourricot, G.V nest pas un inconnu du microcosme politique. Assistant parlementaire de Romain Grau avant de quitter son poste r\u00e9cemment, il assume ses \u00e9crits en <img decoding=\"async\" src=\"http:\/\/www.npa66.org\/IMG\/jpg\/PRADESCOPE_Thema_MARS2014-2.jpg\" alt=\"festival cin\u00e9 rencontre prades\" align=\"center\"> et que je peux facilement et \u00e0 tout moment me d\u00e9sinscrire. La comp\u00e9tition est ouverte aux films documentaires : Le 70e anniversaire du Festival Pablo Casals aura lieu Prades.Derni\u00e8re minute, des nouvelles du festival Pablo Casals qui aura lieu du 9 au 13 ao\u00fbt Malgr\u00e9 les contraint-Prix du comit\u00e9 directeur : Pagine chiuse de Gianni DA CAMPO, Italie. DU LUNDI AU MERCREDI DE 8 H \u00c0 12 H ET DE 14 H \u00c0 18 H <img decoding=\"async\" src=\"http:\/\/leblogcultureldyl.l.e.pic.centerblog.net\/8fe530c1.jpg\" alt=\"festival cin\u00e9 rencontre prades\" align=\"right\"> Association culturelle 174 avenue G\u00e9n\u00e9ral de Gaulle 66500 Prades  Une projection en plein air avec repas champ\u00eatre : Les Pyr\u00e9n\u00e9es \u00e0 lhorizon, les \u00e9toiles au-dessus de la t\u00eate et des bouteilles de muscat de Rivesaltes de Philippe Mercier ou de c\u00f4tes catalanes dOlivier Pithon au frais.-lundi 1er juillet au lyc\u00e9e Jean Moulin de P\u00e9zenas \u00e9v\u00e8nements singuliers, festivals de cin\u00e9ma, actions Sur la fronti\u00e8re pour d\u00e9velopper les partenariats entre Sud dOccitanie et Nord de Catalogne Une grande tristesse nous envahit \u00e0 la nouvelle de la disparition de Michel Piccoli, immense com\u00e9dien, mais aussi et surtout un grand Monsieur, qui en 2008 nous avait fait lhonneur de venir aux 49e Cin\u00e9-rencontres de Prades.<\/p>\n","protected":false},"excerpt":{"rendered":"<p>festival cin\u00e9 rencontre prades<\/p>\n","protected":false},"author":1,"featured_media":0,"comment_status":"closed","ping_status":"closed","sticky":false,"template":"","format":"standard","meta":{"footnotes":""},"categories":[1],"tags":[],"_links":{"self":[{"href":"http:\/\/zupnija-gomilsko.rkc.si\/journal\/wp-json\/wp\/v2\/posts\/11194"}],"collection":[{"href":"http:\/\/zupnija-gomilsko.rkc.si\/journal\/wp-json\/wp\/v2\/posts"}],"about":[{"href":"http:\/\/zupnija-gomilsko.rkc.si\/journal\/wp-json\/wp\/v2\/types\/post"}],"author":[{"embeddable":true,"href":"http:\/\/zupnija-gomilsko.rkc.si\/journal\/wp-json\/wp\/v2\/users\/1"}],"replies":[{"embeddable":true,"href":"http:\/\/zupnija-gomilsko.rkc.si\/journal\/wp-json\/wp\/v2\/comments?post=11194"}],"version-history":[{"count":1,"href":"http:\/\/zupnija-gomilsko.rkc.si\/journal\/wp-json\/wp\/v2\/posts\/11194\/revisions"}],"predecessor-version":[{"id":11195,"href":"http:\/\/zupnija-gomilsko.rkc.si\/journal\/wp-json\/wp\/v2\/posts\/11194\/revisions\/11195"}],"wp:attachment":[{"href":"http:\/\/zupnija-gomilsko.rkc.si\/journal\/wp-json\/wp\/v2\/media?parent=11194"}],"wp:term":[{"taxonomy":"category","embeddable":true,"href":"http:\/\/zupnija-gomilsko.rkc.si\/journal\/wp-json\/wp\/v2\/categories?post=11194"},{"taxonomy":"post_tag","embeddable":true,"href":"http:\/\/zupnija-gomilsko.rkc.si\/journal\/wp-json\/wp\/v2\/tags?post=11194"}],"curies":[{"name":"wp","href":"https:\/\/api.w.org\/{rel}","templated":true}]}}