
{"id":11202,"date":"2020-10-14T00:47:00","date_gmt":"2020-10-14T00:47:00","guid":{"rendered":"http:\/\/zupnija-gomilsko.rkc.si\/journal\/?p=11202"},"modified":"2020-10-02T22:57:11","modified_gmt":"2020-10-02T22:57:11","slug":"rencontre-syrie","status":"publish","type":"post","link":"http:\/\/zupnija-gomilsko.rkc.si\/journal\/2020\/10\/14\/rencontre-syrie\/","title":{"rendered":"Rencontre Syrie"},"content":{"rendered":"<p>Ces mesures ont permis dabaisser la tension sur le terrain mais Moscou cherche d\u00e9sormais \u00e0 trouver un d\u00e9bouch\u00e9 politique \u00e0 ce processus qui sest jusqu\u00e0 pr\u00e9sent concentr\u00e9 sur les questions militaires. Au lieu dimporter des armes, qui est un p\u00each\u00e9 grave, il conviendrait dimporter des id\u00e9es de paix, de cr\u00e9ativit\u00e9, damour du prochain, affirme-t-il, alors que les rebelles ont r\u00e9clam\u00e9 \u00e0 plusieurs reprises des armes \u00e0 la communaut\u00e9 internationale, Said Online, 26 janvier 2012 consult\u00e9 le 27 janvier 2012 De son c\u00f4t\u00e9, Stefan Tarnowski se placera du c\u00f4t\u00e9 des forces de lordre, de la D\u00e9fense Civile Syrienne, aussi connue sous le nom de Casques Blancs, qui ont commenc\u00e9, d\u00e8s le d\u00e9but du mouvement, \u00e0 porter des cameras GoPro embarqu\u00e9es, dans un objectif dentra\u00eenement. Mais rapidement, ces individus ont r\u00e9alis\u00e9 que ces vid\u00e9os pouvaient contenir la preuve des crimes de guerre et avaient le pouvoir de mobiliser la honte. Apr\u00e8s le d\u00e9but de la circulation de ces vid\u00e9os, les Casques Blancs sont en effet rapidement devenus la cible dune des premi\u00e8res grandes campagnes de d\u00e9sinformation. Les th\u00e9oriciens questionnent depuis longtemps la capacit\u00e9 des vid\u00e9os montrant les droits humains bafou\u00e9s \u00e0 atteindre leurs objectifs dans le cadre dune politique humanitaire. Cette r\u00e9flexion suit un arc narratif courant qui entoure la technologie, allant de loptimisme, sur son pouvoir b\u00e9n\u00e9fique, au pessimisme, sur les risques dune utilisation d\u00e9tourn\u00e9e. Mais o\u00f9 le d\u00e9compte de ces corps au sol et la th\u00e9orie vont-ils se rencontrer? Quelles sont les r\u00e9sonances et dissonances entre les th\u00e9ories de la technologie et les d\u00e9comptes de ceux qui les utilisent? Pourquoi lid\u00e9e dune force d\u00e9terminante de la technologie continue-t-elle de capturer limagination dautant dacteurs et de th\u00e9oriciens? Le conflit en Syrie, d\u00e9clench\u00e9 en mars 2011 avec la r\u00e9pression de manifestations pro-d\u00e9mocratie, sest transform\u00e9 en une guerre complexe impliquant des groupes jihadistes et des puissances \u00e9trang\u00e8res. Il a fait et des millions de d\u00e9plac\u00e9s et r\u00e9fugi\u00e9s. Nous sommes toujours d\u00e9termin\u00e9es \u00e0 ne pas rester spectateursrices devant la r\u00e9volution de la dignit\u00e9 et face au drame que subissent les populations syriennes prises dans le jeu des puissances r\u00e9gionales et internationales. Il sagissait de notre motivation initiale et cet \u00e9lan est toujours pr\u00e9sent. La drapeau de la r\u00e9volution syrienne, de la libert\u00e9, brandit dans les rues de Rennes.  <img decoding=\"async\" src=\"http:\/\/media.ws.irib.ir\/image\/4bpo0450db339f13bet_800C450.jpg\" alt=\"rencontre syrie\" align=\"center\"> Avec Thomas Gomart, directeur de lIfri auteur de Laffolement du monde \u00e9ditions le Tallandier AFPABDULWAJED HAJ ESTEIFI-Des troupes de larm\u00e9e turque portant des masques \u00e0 coronavirus prennent position derri\u00e8re les barricades de sable destin\u00e9es \u00e0 bloquer la route aux manifestants syriens sur lautoroute M4 qui relie les provinces dAlep et de Lattaqui\u00e9 dans le nord de la Syrie During a meeting with the new ambassador of in Albania the Prime Minister of Albania, said The government of Albania is following with concern the events in Syria where the regime of Bashar al-Assad is using its power as a permit to kill the innocent civilians and the Syrian people. The on 18 February 2012 strongly condemns the violence already spread throughout Syria, as well as increasing the number of victims caused by the regime of Bashar Al Assad on the innocent population of his country. The Ministry of Foreign Affairs supports the conclusions of the meeting of the Foreign Ministers of the European Union, held on 27 February in Brussels, on developments in Syria, as well as the additional sanctions that the European Union has adapted against the Assad regime, sanctions that aim to paralyze the apparatus and finances of the repressive machine against the Syrian people. The Albanian Foreign Ministry expresses sympathy and support for the progressive forces, which have embraced the aspiration to transform Syria into a democratic, open and pluralistic state, which respects the rights of all communities living in this country. By coordinating its contributions to those of the international community, the Republic of Albania joins the, believing that this is the secure way to help the Syrian people. During the meeting on 1 April 2012 in the Minister of foreign Affairs of the Republic of Albania, too spoke in the meeting, emphasizing that the issue of human rights is not an internal affair belonging to the states, but a responsibility of all the international community. He expressed the need to intensify the pressure against the current regime of Damascus not just politically, but also through a concentrated action of all international mechanisms. Haxhinasto stressed the position of the to support the efforts of the UN, the EU, the Arab League and other international bodies in putting an end to the violence towards the civilian population from the Damascus regime, and establishing the conditions for a democratic process. He praised the Mission of the UN Special Envoy, Mr. Kofi Annan and his plan to stop the bloodshed and violence, achieve national reconciliation and establish a democratic government in Syria. In conclusion, Minister Haxhinasto underlined the support of the Albanian Government for the Syrian democratic opposition represented by the Syrian National Council, as well as its war for freedom, human dignity and progress. Lislamologue revient sur le cas de Nouamane. Il \u00e9tait fatigu\u00e9 lorsque je lai rencontr\u00e9, \u00e9puis\u00e9 par sa blessure. Je pense quil ne sait pas ce quest la d\u00e9mocratie. Il est tr\u00e8s jeune et ignorant. C\u00e9tait un proche dHicham Chaib NDLR : ex-figure de proue de Sharia4Belgium, lun des adeptes de lEI les plus recherch\u00e9s par les autorit\u00e9s belges, et dont le d\u00e9c\u00e8s a \u00e9t\u00e9 annonc\u00e9 en ao\u00fbt 2018. Best wishes! Tous les vendredis matin, lhumeur de Titiou Lecoq et sa s\u00e9lection du meilleur des internets. Une p\u00e9riode longue, dans des camps o\u00f9 confort et intimit\u00e9 nexistent plus vraiment, mais o\u00f9 lessentiel est de se sentir en s\u00e9curit\u00e9. Mais aujourdhui encore, Fathi et Fadilh pensent \u00e0 leurs proches rest\u00e9s en Syrie, ceux qui nont pas eu la chance de pouvoir partir. Le pr\u00e9sident turc est arriv\u00e9 \u00e0 Sotchi, en Russie, pour sentretenir avec son homologue Vladimir Poutine. Cest surtout l\u00e0-bas que Tayyip Erdogan va n\u00e9gocier la suite de ses plans. En poursuivant votre navigation sur ce site, vous acceptez. Reconnaissance internationale du Conseil national syrien <img decoding=\"async\" src=\"http:\/\/i.huffpost.com\/gen\/3331544\/images\/o-MIGRANTS-SYRIENS-facebook.jpg\" alt=\"rencontre syrie\" align=\"center\"> Au cours de cette visite dune journ\u00e9e, Zarif et Al-Assad ont discut\u00e9 de linvasion continue par la Turquie de la souverainet\u00e9 et du territoire de la Syrie, soit par son occupation directe de territoires ou par laugmentation du nombre de ce quils appellent des points dobservation, qui sont essentiellement des bases militaires dans la province dIdlib, situ\u00e9e au nord-ouest de la Syrie et dernier bastion de r\u00e9sistance de lopposition dans le pays. Par Nicolas Ricoud Publi\u00e9 le 03042019 \u00e0 19:10 Mis \u00e0 jour le 11052019 \u00e0 00:31  <img decoding=\"async\" src=\"http:\/\/m2-design.org\/img\/598fb2225c69af90487a01bf2d785738.jpg\" alt=\"rencontre syrie\" align=\"left\"> Plan large sur le Palais des Nations, si\u00e8ge de lOffice des Nations Unies \u00e0 Gen\u00e8ve. Syrie : rencontre avec trois h\u00e9ro\u00efnes de la r\u00e9volution-Elle Les frappes russes ont notamment touch\u00e9 le village de Qaminas, au sud de la ville dIdleb. Lundi 24 f\u00e9vrier 2020  en \u0130pek Yezdani, H\u00fcrriyet Daily News, 20 octobre 2011 consult\u00e9 le 23 octobre 2011 Devenue photojournaliste en 2013, apr\u00e8s des \u00e9tudes de commerce et un court passage dans la mode, Laurence Geai r\u00e9alise son premier reportage en Syrie en mars 2018. La Turquie a ainsi accus\u00e9 la Russie de ne pas respecter les accords de Sotchi, qui pr\u00e9voyaient la garantie du statu quo sur le terrain et la suspension des bombardements \u00e0 Idlib, tandis que Moscou a accus\u00e9 Ankara de ne rien faire pour neutraliser les terroristes dans cette r\u00e9gion. Des civils tu\u00e9s DAMAS, 20 avril Xinhua- Le pr\u00e9sident syrien Bachar el-Assad a rencontr\u00e9 lundi le ministre iranien des Affaires \u00e9trang\u00e8res Mohammad Javad Zarif \u00e0 Damas, a rapport\u00e9 lagence de presse officielle SANA.<\/p>\n","protected":false},"excerpt":{"rendered":"<p>rencontre syrie<\/p>\n","protected":false},"author":1,"featured_media":0,"comment_status":"closed","ping_status":"closed","sticky":false,"template":"","format":"standard","meta":{"footnotes":""},"categories":[1],"tags":[],"_links":{"self":[{"href":"http:\/\/zupnija-gomilsko.rkc.si\/journal\/wp-json\/wp\/v2\/posts\/11202"}],"collection":[{"href":"http:\/\/zupnija-gomilsko.rkc.si\/journal\/wp-json\/wp\/v2\/posts"}],"about":[{"href":"http:\/\/zupnija-gomilsko.rkc.si\/journal\/wp-json\/wp\/v2\/types\/post"}],"author":[{"embeddable":true,"href":"http:\/\/zupnija-gomilsko.rkc.si\/journal\/wp-json\/wp\/v2\/users\/1"}],"replies":[{"embeddable":true,"href":"http:\/\/zupnija-gomilsko.rkc.si\/journal\/wp-json\/wp\/v2\/comments?post=11202"}],"version-history":[{"count":1,"href":"http:\/\/zupnija-gomilsko.rkc.si\/journal\/wp-json\/wp\/v2\/posts\/11202\/revisions"}],"predecessor-version":[{"id":11203,"href":"http:\/\/zupnija-gomilsko.rkc.si\/journal\/wp-json\/wp\/v2\/posts\/11202\/revisions\/11203"}],"wp:attachment":[{"href":"http:\/\/zupnija-gomilsko.rkc.si\/journal\/wp-json\/wp\/v2\/media?parent=11202"}],"wp:term":[{"taxonomy":"category","embeddable":true,"href":"http:\/\/zupnija-gomilsko.rkc.si\/journal\/wp-json\/wp\/v2\/categories?post=11202"},{"taxonomy":"post_tag","embeddable":true,"href":"http:\/\/zupnija-gomilsko.rkc.si\/journal\/wp-json\/wp\/v2\/tags?post=11202"}],"curies":[{"name":"wp","href":"https:\/\/api.w.org\/{rel}","templated":true}]}}