
{"id":11236,"date":"2020-10-14T07:52:48","date_gmt":"2020-10-14T07:52:48","guid":{"rendered":"http:\/\/zupnija-gomilsko.rkc.si\/journal\/?p=11236"},"modified":"2020-10-02T23:45:50","modified_gmt":"2020-10-02T23:45:50","slug":"eco-rencontres-tarare","status":"publish","type":"post","link":"http:\/\/zupnija-gomilsko.rkc.si\/journal\/2020\/10\/14\/eco-rencontres-tarare\/","title":{"rendered":"Eco Rencontres Tarare"},"content":{"rendered":"<p><img decoding=\"async\" src=\"http:\/\/www.jiritsu.net\/blog\/wp-content\/uploads\/joures-parcour-des-que.jpg\" alt=\"eco rencontres tarare\" align=\"center\"> \u00c9vitez les transactions financi\u00e8res importantes pendant toute la deuxi\u00e8me quinzaine de Juin. Reportez-les \u00e0 plus tard ou reconsid\u00e9rez vos projets. Parfois, on fait des erreurs, on prend de mauvaises d\u00e9cisions.. La seule vraie erreur serait de dire : Je ne peux pas. Alors, osez! Osez vous lancer dans des discussions. D\u00e9fendez votre point de vue sans pour autant aller jusqu\u00e0 la provocation. Inutile de vous \u00e9puiser \u00e0 chercher des r\u00e9ponses ou des solutions tr\u00e8s loin. Cela vous d\u00e9compressera et vous \u00e9vitera les sentiments r\u00e9prim\u00e9s et la nervosit\u00e9. Nayez crainte, Uranus vous garantira encore des surprises, des \u00e9v\u00e9nements inattendus comme il d\u00e9clenchera le besoin irr\u00e9sistible de libert\u00e9 que vous aurez en vous. T\u00e2chez daccueillir sans jugement, autant vos moments lumineux que vos moments ombrageux. Le 2 juin 2020 D\u00e9bat participatif propos\u00e9 par Agos..  Les \u00e9co-d\u00e9l\u00e9gu\u00e9s jouent un r\u00f4le essentiel pour mettre en \u0153uvre la et le d\u00e9veloppement durable dans lensemble des \u00e9coles et des \u00e9tablissements scolaires, qui sont autant de lieux et de vecteurs de cette d\u00e9marche. <img decoding=\"async\" src=\"http:\/\/www.folder.rajeshadusumilli.com\/sites\/default\/files\/images\/IMAGES%20A%20UTILISER\/fotolia_recrutement_c_grgroup.jpg\" alt=\"eco rencontres tarare\" align=\"left\"> Sur un plan professionnel, la fin de saison sera plut\u00f4t charg\u00e9e. Vos actions seront cibl\u00e9es et efficaces. Vous d\u00e9crocherez un rendez-vous particuli\u00e8rement important. On vous prendra au s\u00e9rieux et on respectera vos efforts. Ce qui ne manquera pas de provoquer une jalousie f\u00e9roce dans votre cercle de travail qui engendrera une atmosph\u00e8re critique. Vous risquerez d\u00e9veiller une grande opposition. Vous pourrez donner aux autres limpression que vous avez trop dambition selon leur dire et ils pourront essayer de vous emp\u00eacher daller plus loin. Vous vous affirmerez de telle mani\u00e8re que les autres r\u00e9aliseront quon ne peut pas vous marcher sur les pieds. Nous vous contacterons dans les plus brefs d\u00e9lais.  Lyc\u00e9es s\u00e9lectifs public : \u00e9cr\u00e8mage entre la Seconde et le Bac pour garantir un tr\u00e8s bon de succ\u00e8s Sensibiliser ses camarades aux gestes quotidiens \u00e9teindre les lumi\u00e8res, v\u00e9rifier quen hiver les fen\u00eatres sont ferm\u00e9es et que les radiateurs sont bien r\u00e9gl\u00e9s, installation de poubelles de tri des d\u00e9chets de la classe, etc. Introduction : Anna BACARDIT CARO, Charge\u0301e de mission filie\u0300res REP et re\u0301seau-outre-mer-AMORCE \u03b2\u03bf\u03c5\u03bb\u03b3\u03b1\u03c1\u03b1\u03ba\u03b7 \u03c8\u03c5\u03c7\u03b9\u03b1\u03c4\u03c1\u03bf\u03c2 \u03bb\u03b1\u03c1\u03b9\u03c3\u03b1 May 25, 2015 at 9:16 am, Cette annonce nest plus en ligne, voici les annonces approchantes. Le 05 Juin. 2020 Epid\u00e9mie du COVID 19 : les informations du 5 juin 2020 Attention aux mauvais regards, aux jaloux, qui vous observeront en silence. Nallez pas faire des comptes-rendus d\u00e9taill\u00e9s \u00e0 tous ceux qui vous entoureront. Privil\u00e9giez seulement les personnes de confiance. Sachez que si vous discutez dun programme avec dautres personnes, vous distribuez l\u00e9nergie \u00f4 combien pr\u00e9cieuse qui vous fait aller de lavant. Vous pourriez alors d\u00e9clencher leur clandestine opposition. Agissez plut\u00f4t en secret, ce sera beaucoup mieux pour vous. Mise en oeuvre ope\u0301rationnelle des nouvelles filie\u0300res de REP : Jean-Charles CAUDRON, Chef du Service Produits et Efficacit\u00e9 Mati\u00e8re-ADEME Ambition, aptitude de cr\u00e9ation, innovation, vous serez tr\u00e8s exigeant avec vous-m\u00eame. On vous proposera des responsabilit\u00e9s qui correspondront \u00e0 votre volont\u00e9 de changement et qui sav\u00e8reront tr\u00e8s b\u00e9n\u00e9fiques sur le long terme. Ouvrez de nouvelles portes, sentez dans quelle direction le vent souffle! Il faudra entreprendre \u00e0 la mesure de vos d\u00e9sirs. Vous vous trouverez face \u00e0 de nouveaux engagements et vous aurez beaucoup de choses \u00e0 faire. Vous calculerez bien les choses et prendrez des d\u00e9cisions qui vous dirigeront vers un succ\u00e8s plus \u00e9lev\u00e9. <img decoding=\"async\" src=\"http:\/\/www.explore.familysearchparty.com\/wp-content\/uploads\/2018\/04\/Dortmund-2019-maillot-ligue-des-champions-18-1-officiel-627x376.jpg\" alt=\"eco rencontres tarare\" align=\"right\"> Ces travaux furent expos\u00e9s dans des anciennes industries textiles, aux Teintureries de la Turdine \u00e0 Tarare et \u00e0 l\u00e9co-mus\u00e9e du Haut Beaujolais de Thizy-les-Bourgs. Les inscriptions sont closes. Pour toute question, merci de contacter le r\u00e9f\u00e9rent administratif de l\u00e9v\u00e9nement. Les villes les plus populaires pour faire des rencontres gratuites dans la r\u00e9gion Jaccepte de recevoir les offres sp\u00e9ciales des partenaires du site Le Mouvement Emma\u00fcs compte aujourdhui 119 communaut\u00e9s. Elles sont des lieux daccueil, de vie, dactivit\u00e9 et de solidarit\u00e9, qui fonctionnent sans aucune subvention et uniquement gr\u00e2ce \u00e0 la r\u00e9cup\u00e9ration dobjets. Cette autonomie financi\u00e8re leur permet d\u00eatre innovantes, et libres de leurs actions. La personne accueillie \u00e0 la communaut\u00e9 reste le temps quelle souhaite, avec pour seule obligation de respecter les r\u00e8gles de vie en commun. Fid\u00e8les \u00e0 laccueil inconditionnel, les communaut\u00e9s accueillent des personnes de tous horizons, \u00e9trangers en situation irr\u00e9guli\u00e8re ou des personnes devant effectuer des travaux dint\u00e9r\u00eat g\u00e9n\u00e9ral TIG par exemple. La communaut\u00e9 permet de se refaire une sant\u00e9, de retrouver les rep\u00e8res dune vie sociale organis\u00e9e.  Favoriser le\u0301co-conception et le re\u0301emploi des meubles : Pierre DEYRIES, Directeur De\u0301veloppement Durable-IKEA France Les contenus suivants peuvent aussi vous int\u00e9resser.<\/p>\n","protected":false},"excerpt":{"rendered":"<p>eco rencontres tarare<\/p>\n","protected":false},"author":1,"featured_media":0,"comment_status":"closed","ping_status":"closed","sticky":false,"template":"","format":"standard","meta":{"footnotes":""},"categories":[1],"tags":[],"_links":{"self":[{"href":"http:\/\/zupnija-gomilsko.rkc.si\/journal\/wp-json\/wp\/v2\/posts\/11236"}],"collection":[{"href":"http:\/\/zupnija-gomilsko.rkc.si\/journal\/wp-json\/wp\/v2\/posts"}],"about":[{"href":"http:\/\/zupnija-gomilsko.rkc.si\/journal\/wp-json\/wp\/v2\/types\/post"}],"author":[{"embeddable":true,"href":"http:\/\/zupnija-gomilsko.rkc.si\/journal\/wp-json\/wp\/v2\/users\/1"}],"replies":[{"embeddable":true,"href":"http:\/\/zupnija-gomilsko.rkc.si\/journal\/wp-json\/wp\/v2\/comments?post=11236"}],"version-history":[{"count":1,"href":"http:\/\/zupnija-gomilsko.rkc.si\/journal\/wp-json\/wp\/v2\/posts\/11236\/revisions"}],"predecessor-version":[{"id":11237,"href":"http:\/\/zupnija-gomilsko.rkc.si\/journal\/wp-json\/wp\/v2\/posts\/11236\/revisions\/11237"}],"wp:attachment":[{"href":"http:\/\/zupnija-gomilsko.rkc.si\/journal\/wp-json\/wp\/v2\/media?parent=11236"}],"wp:term":[{"taxonomy":"category","embeddable":true,"href":"http:\/\/zupnija-gomilsko.rkc.si\/journal\/wp-json\/wp\/v2\/categories?post=11236"},{"taxonomy":"post_tag","embeddable":true,"href":"http:\/\/zupnija-gomilsko.rkc.si\/journal\/wp-json\/wp\/v2\/tags?post=11236"}],"curies":[{"name":"wp","href":"https:\/\/api.w.org\/{rel}","templated":true}]}}