
{"id":11256,"date":"2020-10-15T01:44:11","date_gmt":"2020-10-15T01:44:11","guid":{"rendered":"http:\/\/zupnija-gomilsko.rkc.si\/journal\/?p=11256"},"modified":"2020-10-03T00:06:13","modified_gmt":"2020-10-03T00:06:13","slug":"rencontre-ayrault-syndicats","status":"publish","type":"post","link":"http:\/\/zupnija-gomilsko.rkc.si\/journal\/2020\/10\/15\/rencontre-ayrault-syndicats\/","title":{"rendered":"Rencontre Ayrault Syndicats"},"content":{"rendered":"<p>Derri\u00e8re cet incroyable d\u00e9cha\u00eenement mondial de haine et de sauvagerie, nous lavons dit, se trouve tout ce que la Terre compte de mouvements indig\u00e9nistes et supr\u00e9macistes noirs, dont le but nest autre que dinstiller dans les esprits blancs la culpabilit\u00e9, la haine de soi, la repentance, et, au-del\u00e0, de les d\u00e9sarmer afin de les d\u00e9pouiller de leurs derni\u00e8res pr\u00e9rogatives. Un projet qui serait rest\u00e9 \u00e0 l\u00e9tat de fantasme dextr\u00e9mistes si ces gens ne b\u00e9n\u00e9ficiaient pas de la complicit\u00e9 totale, non dissimul\u00e9e et scandaleuse des grands m\u00e9dias, qui multiplient depuis dix jours les reportages sur les pseudo-bavures polici\u00e8res et ne donnent la parole qu\u00e0 des individus se disant victimes du pr\u00e9tendu racisme de la police. Pire encore : alors que cette racialisation de la politique risque de d\u00e9boucher sur de graves incidents en France, certains \u00e9lus, tels que M\u00e9lenchon, par pur client\u00e9lisme, nh\u00e9sitent pas \u00e0 mettre de lhuile sur le feu en venant d\u00e9clarer, comme il la fait samedi \u00e0 Marseille, que les syndicats de police se comportent dune mani\u00e8re indigne ou encore que Castaner dit oui \u00e0 tout ce quils disent et \u00e0 tout ce quils font. Une v\u00e9ritable honte, quand on pense que, au moment o\u00f9 la police est tra\u00een\u00e9e dans la boue comme jamais, le seul souci du ministre semble justement de mettre la main sur quelques policiers qui auraient prof\u00e9r\u00e9 des insultes racistes sur Internet! Je nai pas le droit de faire croire quen appuyant sur un bouton, les recettes magiques se d\u00e9veloppent, a d\u00e9clar\u00e9 Jean-Marc Ayrault au S\u00e9nat. L\u00e9dito : Ces autorit\u00e9s qui travestissent le g\u00e9nocide REMARQUES CRITIQUES SUR LE MOUVEMENT DES GILETS JAUNES A la m\u00e9moire de Roger Langlais Comment qualifier ce mouvement des Gilets jaunes qui dembl\u00e9e est apparu composite, h\u00e9t\u00e9roclite, labile.. Et Mariana Gr\u00e9pinet, dans Paris-Match, le 25 juillet 2014, consult\u00e9 sur www.parismatch.com le 17 d\u00e9cembre 2017 Quelques jours apr\u00e8s avoir annonc\u00e9 que, le Premier ministre a rappel\u00e9 que lengagement des jeunes est d\u00e9terminant pour maintenir le lien social dans notre pays. Leur donner une place, cest aussi r\u00e9pondre au souhait des jeunes d\u00eatre associ\u00e9s aux d\u00e9cisions qui les concernent, a poursuivi Jean-Marc Ayrault. Val\u00e9rie Fourneyron dajouter Le gouvernement a d\u00e9cid\u00e9 de ne plus faire pour mais avec les jeunes. Ils sont ainsi associ\u00e9s via leurs organisations et le Forum Fran\u00e7ais de la Jeunesse aux travaux interminist\u00e9riels dans le cadre du Comit\u00e9 interminist\u00e9riel de la jeunesse.  <img decoding=\"async\" src=\"http:\/\/www.web-agri.fr\/ulf\/TNM_Biblio\/fiche_80452\/Fiches_562012_484_324.jpg\" alt=\"rencontre ayrault syndicats\" align=\"left\">  Le pr\u00e9sident de la R\u00e9publique a dit que cest le Parlement qui se prononcerait, parce quil faut que lensemble de nos responsables politiques, pr\u00e9sident, Premier ministre, gouvernement, majorit\u00e9 parlementaire Un engagement a \u00e9t\u00e9 pris, a-t-il dit. Comment va-t-il \u00eatre respect\u00e9? Est-ce quon va juste comptabiliser les ann\u00e9es effectivement travaill\u00e9es ou va-t-on int\u00e9grer les p\u00e9riodes valid\u00e9es comme par exemple le ch\u00f4mage de longue dur\u00e9e? Nous soutenons les syndicats et les salari\u00e9s dans cette affaire!!! Ayraut et Hollande se sont fait avoir et cela ne pr\u00e9sage rien de bon pour la suite, tant sur le plan industriel qu\u00e9lectoral!!! <img decoding=\"async\" src=\"http:\/\/images.larepubliquedespyrenees.fr\/2013\/11\/22\/56815d5fa43f5e4d4092edaa\/golden\/1000x625\/jean-marc-ayrault-cinq-heures-et-demie-en-bearn.jpg\" alt=\"rencontre ayrault syndicats\" align=\"center\"> Fran\u00e7ois Hollande et Jean-Marc Ayrault \u00e0 l\u00e9preuve de Florange La le et son remplacement par entra\u00eene le remplacement de Le Drian par au poste de secr\u00e9taire d\u00c9tat \u00e0 la Mer. Son \u00e9viction du gouvernement est vue comme une n\u00e9cessit\u00e9 pour faire entrer dautres personnalit\u00e9s plus importantes ; lentr\u00e9e de au gouvernement est aussi avanc\u00e9e, ce dernier \u00e9tant un \u00e9lu de, ville comptant de tr\u00e8s nombreux dockers. Son nom appara\u00eet aussi dans l, ce qui affaiblit son poids politique. La r\u00e9forme du statut des dockers est finalement men\u00e9e \u00e0 son terme par son successeur. Uniquement pour vous adresser des contenus et services que vous avez demand\u00e9s et qui vous int\u00e9ressent. Pierre Gattaz refuse toute contrainte, Jean-Marc A.. Pour autant, il ny a pas encore saturation des hospitalisations en m\u00e9decine ni en r\u00e9animation, rapporte le Journal de Mayotte. Pour anticiper et garder de la place pour ceux qui ne sont pas Covid, nous avons \u00e9vasan\u00e9 \u00e0 La R\u00e9union plusieurs personnes, il y en aura 7 en tout sur la semaine. Le pic de l\u00e9pid\u00e9mie sur l\u00eele devrait avoir lieu autour du 20 mai.  Emportez lactualit\u00e9 internationale partout avec vous! T\u00e9l\u00e9chargez lapplication France 24 Ce samedi 9 mai, la circulation reste tr\u00e8s active \u00e0 Mayotte o\u00f9 98 cas ont \u00e9t\u00e9 enregistr\u00e9s sur l\u00eele. Face \u00e0 la recrudescence des cas, la Ministre des Outre-mer Annick Girardin a annonc\u00e9 lenvoi de renforts mat\u00e9riels et humains dans le d\u00e9partement. Dans les autres d\u00e9partements ultramarins, la R\u00e9union et la Martinique compte chacun trois cas de Covid-19 suppl\u00e9mentaires et la Guadeloupe, un cas suppl\u00e9mentaire. Lo\u00efc F\u00e9ry proposait \u00e0 Christian Gourcuff de prolonger son contrat de deux ans, alors que celui-ci arrive \u00e0 son terme en juin prochain. Il a donn\u00e9 quinze jours \u00e0 lentra\u00eeneur pour se positionner. Les deux hommes ont m\u00eame \u00e9t\u00e9 re\u00e7u \u00e0 Paris, au minist\u00e8re de la D\u00e9fense, par Jean-Yves Le Drian, ancien maire de Lorient, mais sans r\u00e9sultat, rapporte le Journal du Dimanche. Malgr\u00e9 lintervention du ministre, le conflit ne semble pas apais\u00e9. Engagez un vrai plan daction avec un objectif de r\u00e9sultat dans les entreprises pour assurer l\u00e9galit\u00e9 salariale entre les hommes et les femmes. <img decoding=\"async\" src=\"http:\/\/resize1-europe1.ladmedia.fr\/r\/622,311,FFFFFF,center-middle\/img\/var\/europe1\/storage\/images\/europe1\/politique\/pacte-de-responsabilite-ayrault-raille-le-decalage-horaire-de-gattaz-912772\/18302534-1-fre-FR\/Pacte-de-responsabilite-Ayrault-raille-le-decalage-horaire-de-Gattaz.jpg\" alt=\"rencontre ayrault syndicats\" align=\"left\"> Pour associer votre compte PassMedia avec votre compte JDD en toute s\u00e9curit\u00e9, validez votre email : Les syndicats se sont jusqu\u00e0 pr\u00e9sent d\u00e9clar\u00e9s tr\u00e8s r\u00e9serv\u00e9s sur ce pacte et ses possibles contreparties mais aucun na lintention de pratiquer la politique de la chaise vide. Lheure est venue pour la Grande-Bretagne, pays qui observe le mieux les r\u00e8gles de lUE, dexiger de ses partenaires quils mettent un terme \u00e0 leurs abus, temp\u00eate le maire de.. Ind\u00e9pendance et s\u00e9r\u00e9nit\u00e9 de la Justice mises \u00e0 mal. L\u00e9ditorial de Patrick Apel-Muller. Le pr\u00e9sident de la R\u00e9publique, en refusant toute repr\u00e9sentation officielle \u00e0 Kigali, choisit dendosser la responsabilit\u00e9 des v\u00e9rit\u00e9s falsifi\u00e9es.. Publi\u00e9 le 05122012 \u00e0 07:20 mis \u00e0 jour le 05122012 \u00e0 13:42 Le Premier ministre a annonc\u00e9 quil donnerait laccord quil a sign\u00e9 avec le groupe Mittal sur Florange.<\/p>\n","protected":false},"excerpt":{"rendered":"<p>rencontre ayrault syndicats<\/p>\n","protected":false},"author":1,"featured_media":0,"comment_status":"closed","ping_status":"closed","sticky":false,"template":"","format":"standard","meta":{"footnotes":""},"categories":[1],"tags":[],"_links":{"self":[{"href":"http:\/\/zupnija-gomilsko.rkc.si\/journal\/wp-json\/wp\/v2\/posts\/11256"}],"collection":[{"href":"http:\/\/zupnija-gomilsko.rkc.si\/journal\/wp-json\/wp\/v2\/posts"}],"about":[{"href":"http:\/\/zupnija-gomilsko.rkc.si\/journal\/wp-json\/wp\/v2\/types\/post"}],"author":[{"embeddable":true,"href":"http:\/\/zupnija-gomilsko.rkc.si\/journal\/wp-json\/wp\/v2\/users\/1"}],"replies":[{"embeddable":true,"href":"http:\/\/zupnija-gomilsko.rkc.si\/journal\/wp-json\/wp\/v2\/comments?post=11256"}],"version-history":[{"count":1,"href":"http:\/\/zupnija-gomilsko.rkc.si\/journal\/wp-json\/wp\/v2\/posts\/11256\/revisions"}],"predecessor-version":[{"id":11257,"href":"http:\/\/zupnija-gomilsko.rkc.si\/journal\/wp-json\/wp\/v2\/posts\/11256\/revisions\/11257"}],"wp:attachment":[{"href":"http:\/\/zupnija-gomilsko.rkc.si\/journal\/wp-json\/wp\/v2\/media?parent=11256"}],"wp:term":[{"taxonomy":"category","embeddable":true,"href":"http:\/\/zupnija-gomilsko.rkc.si\/journal\/wp-json\/wp\/v2\/categories?post=11256"},{"taxonomy":"post_tag","embeddable":true,"href":"http:\/\/zupnija-gomilsko.rkc.si\/journal\/wp-json\/wp\/v2\/tags?post=11256"}],"curies":[{"name":"wp","href":"https:\/\/api.w.org\/{rel}","templated":true}]}}