
{"id":11262,"date":"2020-10-15T06:22:06","date_gmt":"2020-10-15T06:22:06","guid":{"rendered":"http:\/\/zupnija-gomilsko.rkc.si\/journal\/?p=11262"},"modified":"2020-10-03T00:20:17","modified_gmt":"2020-10-03T00:20:17","slug":"rencontres-internationales-de-photographie-arles","status":"publish","type":"post","link":"http:\/\/zupnija-gomilsko.rkc.si\/journal\/2020\/10\/15\/rencontres-internationales-de-photographie-arles\/","title":{"rendered":"Rencontres Internationales De Photographie Arles"},"content":{"rendered":"<p>12h30. Deux unit\u00e9s Covid ferment \u00e0 Berck en raison de la baisse du nombre de patients Le Premier ministre \u00c9douard Philippe a pr\u00e9sent\u00e9 hier devant lAssembl\u00e9e nationale pour lapr\u00e8s. Ce plan en a \u00e9t\u00e9 approuv\u00e9 par les d\u00e9put\u00e9s. Par Publi\u00e9 le 14022008 \u00e0 01:00 Mis \u00e0 jour le 09012018 \u00e0 12:00 Mise \u00e0 jour vendredi 15 mai 2020 \u00e0 13h47 Le 12 mai devait \u00eatre le jour du coup denvoi du Festival de Cannes. Comme de nombreux \u00e9v\u00e9nements culturels fran\u00e7ais, le rendez-vous mondial du cin\u00e9ma a d\u00fb renoncer \u00e0 sa 73e \u00e9dition en raison des.. Rating is available when the video has been rented. Dautres m\u00e9c\u00e8nes sont plus r\u00e9cents, telles les fondations Herm\u00e8s ou, arriv\u00e9e lan dernier. Cest au grand photographe am\u00e9ricain Joel Meyerowitz et \u00e0 la galerie Polka que nous devons d\u00eatre devenus partenaires de cette extraordinaire caisse de r\u00e9sonance quArles offre \u00e0 la photo, souligne Fr\u00e9d\u00e9ric Rouzaud, patron des champagnes Roederer. Pour lui, plus quun festival, cest un lieu d\u00e9mulation artistique et entrepreneuriale dans une ville marqu\u00e9e par lart de vivre du Sud.  <img decoding=\"async\" src=\"http:\/\/static.lexpress.fr\/medias_10513\/w_640,h_358,c_fill,g_center\/v1437116112\/un-homme-visite-l-exposition-total-records-qui-met-a-l-honneur-les-pochettes-de-vinyles-photographiques-au-festival-des-rencontres-d-arles-le-7-juillet-2015_5383003.jpg\" alt=\"rencontres internationales de photographie arles\" align=\"center\"> 9h40. D\u00e9confinement : calculez o\u00f9 vous pourrez aller dans un rayon de 100km autour de chez vous Prix du livre images : Mein Kampf de Twin Palms Monique Deyres Du 20 mai au 29 ao\u00fbt 2020 www.musee-massey.com Les \u0153uvres dart sont dune infinie solitude. Rien nest pire que la critique pour les aborder. Seul lamour peut les.. Les 48e Rencontres dArles vont \u00e0 la rencontre du monde Si vous le souhaitez, vous pouvez saisir uniquement la ville comme \u00e9l\u00e9ment de recherche Cest la deuxi\u00e8me table du chef \u00e9toil\u00e9 Jean-Luc Rabanel, qui propose ici une cuisine plus abordable et familiale. Les plats gourmands sont travaill\u00e9s avec le savoir-faire dun des grands de la cuisine contemporaine fran\u00e7aise, qui vous r\u00e9veille la brandade de morue et la poule au pot. Prix du livre : A Vanished World de Farrar, Straus Giroux et la collection Photo Poche CNP Le m\u00e9dia quotidien explique que le taux doccupation des prisons fran\u00e7aises est d\u00e9sormais inf\u00e9rieur \u00e0 100 en moyenne. Toutefois, il tourne encore autour de 110 dans les maisons darr\u00eat contre 140 en mars. <img decoding=\"async\" src=\"http:\/\/www.lesbonsplansdarles.com\/wp-content\/uploads\/2018\/04\/IMG_20180328_112335.jpg\" alt=\"rencontres internationales de photographie arles\" align=\"right\"> LEMAIRE, G\u00e9rard-Georges 2004, Histoire du Salon de peinture, Paris, Klincksieck. Les chambres chez lhabitant avec accueil personnalis\u00e9. Face \u00e0 limpossibilit\u00e9 de produire les expositions, d\u00e9quiper les lieux, face \u00e0 linterruption des \u00e9changes internationaux, et en tenant compte des nouvelles recommandations du gouvernement, nous devons renoncer \u00e0 organiser l\u00e9dition 2020 des Rencontres dArles, \u00e9crit le conseil dadministration dans un communiqu\u00e9. Cest la premi\u00e8re fois de leur histoire que les Rencontres, dont la premi\u00e8re \u00e9dition a eu lieu en 1970, sont annul\u00e9es.  <img decoding=\"async\" src=\"http:\/\/www.claudinecolin.com\/fr\/426-40e-edition-des-rencontres-internationales-de-la-photographie\/documents\/images\/lemagny01-web.jpg\" alt=\"rencontres internationales de photographie arles\" align=\"center\">  Depuis 1970, les Rencontres dArles, festival sans pareil du monde photographique pr\u00e9sentent chaque ann\u00e9e une quarantaine dexpositions durant la p\u00e9riode estivale dans des lieux historiques de la ville dArles \u00e9glises, clo\u00eetres, friches industrielles, etc. En 2019, \u00e0 loccasion des cinquante ans des Rencontres, il y a eu 1 400 000 entr\u00e9es dans les expositions. Pr\u00e9curseur sil en est, Chris Marker a tr\u00e8s t\u00f4t cherch\u00e9 \u00e0 utiliser la photographie de fa\u00e7on diff\u00e9rente : de La jet\u00e9e \u00e0 Second Life, du banc-titre mythique \u00e0 sa passion daujourdhui, la galerie virtuelle. Cette exposition pr\u00e9sente ce voyageur engag\u00e9, amus\u00e9 et bouleversant, \u00e0 travers ses s\u00e9ries photographiques en noir et blanc r\u00e9alis\u00e9es durant ses voyages autour du monde, et la plus r\u00e9cente, in\u00e9dite et en couleur, dans le m\u00e9tro parisien. Les quatre lieux daccueil enfant-parents de la ville dArles rouvriront leurs portes \u00e0 partir du lundi 15 juin. Toutes les infos. Le Festival Rock en Seine, au domaine national de Saint-Cloud Paris, du 29 ao\u00fbt au 1er septembre 2020, est maintenu. Cette \u00e9dition sera marqu\u00e9e par la pr\u00e9sence des groupes Rage Against the Machine et Run the Jewels. Christophe Mourth\u00e9 est un photographe fran\u00e7ais Christophe Mourth\u00e9 n\u00e9 en \u00e0 Bordeaux est un photographe fran\u00e7ais vivant \u00e0 Paris, a travaill\u00e9 sur le th\u00e8me du f\u00e9tichisme, son travail re\u00e7oit une notori\u00e9t\u00e9 publique lorsquil photographie Myl\u00e8ne Farmer puis Dita Von Teese \u00e0 laube de lan Constant Puyo \u00e9tait un photographe pictorialiste photos depoque du theatre \u00c9mile Joachim Constant Puyo dit Commandant Puyo n\u00e9 photos depoque du theatre \u00e0 Morlaix mort le 6 octobre \u00e0 Morlaix est un photographe pictorialiste fran\u00e7ais, devient lun des chefs de file du pictorialisme fran\u00e7ais tels \u00c9mile Fr\u00e9chon et Robert Demachy. Face \u00e0 limpossibilit\u00e9 de produire les expositions, d\u00e9quiper les lieux, face \u00e0 linterruption des \u00e9changes internationaux, et en tenant compte des nouvelles recommandations du gouvernement, nous devons renoncer \u00e0 organiser l\u00e9dition 2020 des Rencontres dArles, \u00e9crit le conseil dadministration.<\/p>\n","protected":false},"excerpt":{"rendered":"<p>rencontres internationales de photographie arles<\/p>\n","protected":false},"author":1,"featured_media":0,"comment_status":"closed","ping_status":"closed","sticky":false,"template":"","format":"standard","meta":{"footnotes":""},"categories":[1],"tags":[],"_links":{"self":[{"href":"http:\/\/zupnija-gomilsko.rkc.si\/journal\/wp-json\/wp\/v2\/posts\/11262"}],"collection":[{"href":"http:\/\/zupnija-gomilsko.rkc.si\/journal\/wp-json\/wp\/v2\/posts"}],"about":[{"href":"http:\/\/zupnija-gomilsko.rkc.si\/journal\/wp-json\/wp\/v2\/types\/post"}],"author":[{"embeddable":true,"href":"http:\/\/zupnija-gomilsko.rkc.si\/journal\/wp-json\/wp\/v2\/users\/1"}],"replies":[{"embeddable":true,"href":"http:\/\/zupnija-gomilsko.rkc.si\/journal\/wp-json\/wp\/v2\/comments?post=11262"}],"version-history":[{"count":1,"href":"http:\/\/zupnija-gomilsko.rkc.si\/journal\/wp-json\/wp\/v2\/posts\/11262\/revisions"}],"predecessor-version":[{"id":11263,"href":"http:\/\/zupnija-gomilsko.rkc.si\/journal\/wp-json\/wp\/v2\/posts\/11262\/revisions\/11263"}],"wp:attachment":[{"href":"http:\/\/zupnija-gomilsko.rkc.si\/journal\/wp-json\/wp\/v2\/media?parent=11262"}],"wp:term":[{"taxonomy":"category","embeddable":true,"href":"http:\/\/zupnija-gomilsko.rkc.si\/journal\/wp-json\/wp\/v2\/categories?post=11262"},{"taxonomy":"post_tag","embeddable":true,"href":"http:\/\/zupnija-gomilsko.rkc.si\/journal\/wp-json\/wp\/v2\/tags?post=11262"}],"curies":[{"name":"wp","href":"https:\/\/api.w.org\/{rel}","templated":true}]}}