
{"id":11330,"date":"2020-10-15T06:05:03","date_gmt":"2020-10-15T06:05:03","guid":{"rendered":"http:\/\/zupnija-gomilsko.rkc.si\/journal\/?p=11330"},"modified":"2020-10-03T02:26:55","modified_gmt":"2020-10-03T02:26:55","slug":"www-site-de-rencontre-catholique","status":"publish","type":"post","link":"http:\/\/zupnija-gomilsko.rkc.si\/journal\/2020\/10\/15\/www-site-de-rencontre-catholique\/","title":{"rendered":"Www.Site De Rencontre Catholique"},"content":{"rendered":"<p>Vous cherchez un \u00e9tablissement bas\u00e9 sur la p\u00e9dagogie Montessori. Alors venez nous rencontrer Une grande b\u00e9n\u00e9diction chant\u00e9e pour la France \u00e0 loccasion de la Pentec\u00f4te. Un salon dorientation, cest loccasion unique de venir \u00e0 la rencontre La fermeture du Coll\u00e8ge des Bernardins en raison des circonstances exceptionnelles fragilise ses ressources.  Consulter des informations compl\u00e9mentaires sur ce site \u00e9v\u00e9nements, lien vers des sites chr\u00e9tiens, livres, etc. <img decoding=\"async\" src=\"http:\/\/www.cathobel.be\/wp-content\/uploads\/2018\/04\/2018-05-05-rencontre-interculturelle-des-jeunes-356x500.jpg\" alt=\"www.site de rencontre catholique\" align=\"left\"> <img decoding=\"async\" src=\"http:\/\/www.catholiques-val-de-bievre.org\/IMG\/jpg\/2011_Avent.jpg\" alt=\"www.site de rencontre catholique\" align=\"left\"> Le tribunal doit rendre jeudi sa d\u00e9cision dans laffaire qui oppose les Associations familiales catholiques au site de rencontres extra-conjugales Gleeden. Bonsoir,moi c est henriette,Chretienne evangelique desire rencontrer un homme chretien qui aime et craind Dieu.voici mon email et mon skype :kouadioamoinkanhenriettegmail.com ou mon whats apps et imo: 22509169144 merci et soyez benis Salut fr\u00e8res et soeurs dans le seigneur J\u00e9sus christ Any member can use the site in one of these languages. Bonsoir, je suis frank f,jeune chr\u00e9tien croyant et tr\u00e8s engag\u00e9 dans la spiritualit\u00e9, c\u00e9libataire r\u00e9sidant dans la ville de Yaound\u00e9 et \u00e2g\u00e9 de 28ans. Choisir le type dabus Facultatif Compl\u00e9ter votre signalement Facultatif La visite du pape \u00e0 Gen\u00e8ve comportait un double-aspect. Pouvons nous \u00eatre c\u00e9libataire catholique heureux et d\u00e9complex\u00e9? Oui cest possible! Il engendre tol\u00e9rance et respect dans les relations avec autrui. Aleteia a trouv\u00e9 pour vous les meilleurs sites de rencontres chr\u00e9tiens Bienvenue sur le site du dioc\u00e8se de Quimper et L\u00e9on-Dioc\u00e8se de Quimper  Avec ce site, vous avez la possibilit\u00e9 de voir naitre des relations s\u00e9rieuses, durables et bas\u00e9es sur la sinc\u00e9rit\u00e9 ou encore sur de simples amiti\u00e9s. Association de parents d\u00e9l\u00e8ves de lenseignement libre Les projets men\u00e9s dans certaines classe de Coll\u00e8ge.. Pour nous permettre de poursuivre nos actions et faire conna\u00eetre notre mouvement. D\u00e9couvrez le site www.pere.michel-marie.fr qui reprend les tr\u00e8s belles  <img decoding=\"async\" src=\"http:\/\/www.papatute.cf\/wp-content\/uploads\/dsc02304.jpg\" alt=\"www.site de rencontre catholique\" align=\"right\"> La messe chrismale aura lieu le mardi 26 mai 2020, \u00e0 18h \u00e0 la cath\u00e9drale.. Ce soir le MCC organise sa derni\u00e8re R\u00e9union Zoom de R\u00e9flexions Nous recherchons une secr\u00e9taire paroissiale pour la paroisse Sainte-Lucie \u00e0 partir du 1er septembre 2020! Si vous souhaitez un m\u00e9tier riche en contacts humains, au service de lEglise et de votre paroisse, effectuer des t\u00e2ches diverses et vari\u00e9es, travailler en \u00e9quipe et de fa\u00e7on autonome cette mission est faite pour vous!! Votre profil.<\/p>\n","protected":false},"excerpt":{"rendered":"<p>www.site de rencontre catholique<\/p>\n","protected":false},"author":1,"featured_media":0,"comment_status":"closed","ping_status":"closed","sticky":false,"template":"","format":"standard","meta":{"footnotes":""},"categories":[1],"tags":[],"_links":{"self":[{"href":"http:\/\/zupnija-gomilsko.rkc.si\/journal\/wp-json\/wp\/v2\/posts\/11330"}],"collection":[{"href":"http:\/\/zupnija-gomilsko.rkc.si\/journal\/wp-json\/wp\/v2\/posts"}],"about":[{"href":"http:\/\/zupnija-gomilsko.rkc.si\/journal\/wp-json\/wp\/v2\/types\/post"}],"author":[{"embeddable":true,"href":"http:\/\/zupnija-gomilsko.rkc.si\/journal\/wp-json\/wp\/v2\/users\/1"}],"replies":[{"embeddable":true,"href":"http:\/\/zupnija-gomilsko.rkc.si\/journal\/wp-json\/wp\/v2\/comments?post=11330"}],"version-history":[{"count":1,"href":"http:\/\/zupnija-gomilsko.rkc.si\/journal\/wp-json\/wp\/v2\/posts\/11330\/revisions"}],"predecessor-version":[{"id":11331,"href":"http:\/\/zupnija-gomilsko.rkc.si\/journal\/wp-json\/wp\/v2\/posts\/11330\/revisions\/11331"}],"wp:attachment":[{"href":"http:\/\/zupnija-gomilsko.rkc.si\/journal\/wp-json\/wp\/v2\/media?parent=11330"}],"wp:term":[{"taxonomy":"category","embeddable":true,"href":"http:\/\/zupnija-gomilsko.rkc.si\/journal\/wp-json\/wp\/v2\/categories?post=11330"},{"taxonomy":"post_tag","embeddable":true,"href":"http:\/\/zupnija-gomilsko.rkc.si\/journal\/wp-json\/wp\/v2\/tags?post=11330"}],"curies":[{"name":"wp","href":"https:\/\/api.w.org\/{rel}","templated":true}]}}