
{"id":11338,"date":"2020-10-15T10:56:25","date_gmt":"2020-10-15T10:56:25","guid":{"rendered":"http:\/\/zupnija-gomilsko.rkc.si\/journal\/?p=11338"},"modified":"2020-10-03T02:34:52","modified_gmt":"2020-10-03T02:34:52","slug":"rencontre-nationale-des-gestionnaires-de-l-education","status":"publish","type":"post","link":"http:\/\/zupnija-gomilsko.rkc.si\/journal\/2020\/10\/15\/rencontre-nationale-des-gestionnaires-de-l-education\/","title":{"rendered":"Rencontre Nationale Des Gestionnaires De L \u00c9ducation"},"content":{"rendered":"<p>lanimation \u00e9ducative : cr\u00e9ation des conditions du dialogue dans laction \u00e9ducative, sur le plan collectif et sur le plan individuel, mais aussi organisation de la concertation et de la participation des diff\u00e9rents acteurs \u00e0 la vie scolaire au sein de l\u00e9tablissement. : Le Congr\u00e8s d r\u00e9affirme lappartenance du mouvement au courant socialiste devant plus de 1 000 militants. Cr\u00e9ation de lINFPRASE Institut national de formation professionnelle des responsables danimation socio-\u00e9ducative. <img decoding=\"async\" src=\"http:\/\/cache.media.education.gouv.fr\/image\/general\/75\/0\/dsden83-header_268750.jpg\" alt=\"rencontre nationale des gestionnaires de l \u00e9ducation\" align=\"right\"> IX Rencontre Nationale des Gestionnaires des sites Patrimoine Mondial, Pont Vizcaya Getxo, Espagne-UNESCO Centre du patrimoine mondial D\u00e9couvrez les 18 projets demi-finaliste du Challenge Green Tic Campus  Nouveau Infos 21 mai sp\u00e9cial Prospective et d\u00e9veloppement durable Cette \u00e9dition, marqu\u00e9e par une forte augmentation des c In diam augue, interdum eu sollicitudin ac, lacinia et lectus. Membre de la Commission de lenseignement coll\u00e9gial 2010-2013. Production du rapport CSE, 2013, 115 p.-Cons\u00e9quences sur le statut individuel et collectif des salari\u00e9s Les id\u00e9es fortes de la journ\u00e9e r\u00e9sum\u00e9es par lillustratrice Alexia Leibbrandt. La fresque est t\u00e9l\u00e9chargeable au bas de larticle. Journ\u00e9e internationale des for\u00eats Du 14 au 22 mars 2020-Partout en France la pr\u00e9sence simultan\u00e9e dassociations participant \u00e0 la gestion Lewandowski, Sophie. L\u00c9tat, gestionnaire de l\u00e9ducation? Diversification et privatisation de loffre scolaire au Burkina Faso. Mazzella, Sylvie. Lenseignement sup\u00e9rieur dans la mondialisation lib\u00e9rale : Une comparaison lib\u00e9rale Maghreb, Afrique, Canada, France. Tunis : Institut de recherche sur le Maghreb contemporain, 2007 Pp. 89-100 Web Http:books.openedition.orgirmc728. <img decoding=\"async\" src=\"http:\/\/www.assemblee-nationale.fr\/14\/rap-info\/i3292-53.gif\" alt=\"rencontre nationale des gestionnaires de l \u00e9ducation\" align=\"left\"> 3 mars : mise en place dune cellule de continuit\u00e9 \u00e9conomique au minist\u00e8re de lEconomie et des Finances. Quest ce qui motive les personnes prestataires relais a devenir bureaux de change? Dans le cadre du d\u00e9confinement et concernant lacc\u00e8s aux centres Apec et nos d\u00e9placements dans vos entreprises, votre avis nous est pr\u00e9cieux. Une poign\u00e9e de rebelles v\u00e9n\u00e9zu\u00e9liens cherchant \u00e0 renverser le pr\u00e9sident Nicol\u00e1s Maduro ont \u00e9t\u00e9 mis en \u00e9chec. Ce dernier, qui qualifie lop\u00e9ration de baie des Cochons v\u00e9n\u00e9zu\u00e9lienne, d\u00e9nonce les \u00c9tats-Unis et met en cause son rival Juan Guaid\u00f3. En Haute-Volta, la premi\u00e8re \u00e9cole de P\u00e8res blancs nest ouverte quen 1901. Daide bilat\u00e9rales, aux organisations non gouvernementales ONG et \u00e0 tous ceux soit \u00e0 la maison, avec un enseignement \u00e0 distance-\u00e0 plein temps ou \u00e0 temps partiel selon les modalit\u00e9s locales ;   <img decoding=\"async\" src=\"http:\/\/www.brieucphoto.com\/wp-content\/uploads\/2018\/08\/ELECPRO.gif\" alt=\"rencontre nationale des gestionnaires de l \u00e9ducation\" align=\"center\"> J-1 : candidatez \u00e0 lappel \u00e0 contribution 21 solutions pour demain! Comme lan dernier, le CFEEDD-Collectif fran\u00e7ais pour l\u00e9ducation \u00e0 lenvironnement et au d\u00e9veloppement durable dont le Comit\u00e9 21 est membre-organise le 28 octobre 2011 la deuxi\u00e8me journ\u00e9e nationale d\u00e9change et de co-construction de lEEDD, au P Les m\u00e9diateurs reformulent pour v\u00e9rifier la compr\u00e9hension de la situation ; 16 D\u00e9cret n 2020-569 du 13 mai 2020 fixant pour une p\u00e9riode limit\u00e9e les modalit\u00e9s d\u00e9rogatoires dacc\u00e8s par la voie du d\u00e9tachement \u00e0 un corps ou cadre demplois de niveau sup\u00e9rieur ou de cat\u00e9gorie sup\u00e9rieure institu\u00e9es en faveur des fonctionnaires b\u00e9n\u00e9ficiaires de lobligation demploi des travailleurs handicap\u00e9s Jean Bernatchez 1996, Le d\u00e9veloppement en r\u00e9seau de programmes d\u00e9tudes de cycles sup\u00e9rieurs au Qu\u00e9bec, Revue interam\u00e9ricaine de gestion de lenseignement sup\u00e9rieur, no 10, p 39-51.<\/p>\n","protected":false},"excerpt":{"rendered":"<p>rencontre nationale des gestionnaires de l \u00e9ducation<\/p>\n","protected":false},"author":1,"featured_media":0,"comment_status":"closed","ping_status":"closed","sticky":false,"template":"","format":"standard","meta":{"footnotes":""},"categories":[1],"tags":[],"_links":{"self":[{"href":"http:\/\/zupnija-gomilsko.rkc.si\/journal\/wp-json\/wp\/v2\/posts\/11338"}],"collection":[{"href":"http:\/\/zupnija-gomilsko.rkc.si\/journal\/wp-json\/wp\/v2\/posts"}],"about":[{"href":"http:\/\/zupnija-gomilsko.rkc.si\/journal\/wp-json\/wp\/v2\/types\/post"}],"author":[{"embeddable":true,"href":"http:\/\/zupnija-gomilsko.rkc.si\/journal\/wp-json\/wp\/v2\/users\/1"}],"replies":[{"embeddable":true,"href":"http:\/\/zupnija-gomilsko.rkc.si\/journal\/wp-json\/wp\/v2\/comments?post=11338"}],"version-history":[{"count":1,"href":"http:\/\/zupnija-gomilsko.rkc.si\/journal\/wp-json\/wp\/v2\/posts\/11338\/revisions"}],"predecessor-version":[{"id":11339,"href":"http:\/\/zupnija-gomilsko.rkc.si\/journal\/wp-json\/wp\/v2\/posts\/11338\/revisions\/11339"}],"wp:attachment":[{"href":"http:\/\/zupnija-gomilsko.rkc.si\/journal\/wp-json\/wp\/v2\/media?parent=11338"}],"wp:term":[{"taxonomy":"category","embeddable":true,"href":"http:\/\/zupnija-gomilsko.rkc.si\/journal\/wp-json\/wp\/v2\/categories?post=11338"},{"taxonomy":"post_tag","embeddable":true,"href":"http:\/\/zupnija-gomilsko.rkc.si\/journal\/wp-json\/wp\/v2\/tags?post=11338"}],"curies":[{"name":"wp","href":"https:\/\/api.w.org\/{rel}","templated":true}]}}