
{"id":11416,"date":"2020-10-15T18:25:15","date_gmt":"2020-10-15T18:25:15","guid":{"rendered":"http:\/\/zupnija-gomilsko.rkc.si\/journal\/?p=11416"},"modified":"2020-10-03T04:38:23","modified_gmt":"2020-10-03T04:38:23","slug":"rencontre-internationale-hospitaliers-lourdes","status":"publish","type":"post","link":"http:\/\/zupnija-gomilsko.rkc.si\/journal\/2020\/10\/15\/rencontre-internationale-hospitaliers-lourdes\/","title":{"rendered":"Rencontre Internationale Hospitaliers Lourdes"},"content":{"rendered":"<p>Il est consid\u00e9r\u00e9 comme le dernier accord nucl\u00e9aire encore en vigueur, contenant les arsenaux des deux pays en dessous de leurs sommets de la Guerre froide. La pand\u00e9mie du Covid-19 frappe lensemble de la plan\u00e8te sans distinction de nationalit\u00e9, dorigine ethnique ou sociale. Elle met en \u00e9vidence les fractures entre les citoyens et les peuples \u00e9conomique, sociale, environnementale, sanitaire, num\u00e9rique,null,aujourdu2019hui,null,null,Accu00e9der u00e0 Le Figaro,publicationsCAAiECfoa6DqFBUxavQsadHjUbgqFAgKIhAn6Gug6hQVMWr0LGnR41G4,null,null,null,null,null,link Le projet de loi qui proroge l\u00e9tat durgence sanitaire jusquau 24 juillet pr\u00e9voit que les mesures individuelles de placement sont prises par le repr\u00e9sentant de lEtat, sur proposition du directeur g\u00e9n\u00e9ral de lAgence r\u00e9gionale de sant\u00e9 et apr\u00e8s constatation m\u00e9dicale de linfection de la personne concern\u00e9e. Elles ne sappliqueront quaux personnes entrant sur le territoire national ou arrivant dans un territoire dOutre-mer ou en Corse,null,null,null,null,null,null,null,null,https:lh6.googleusercontent.comproxyovViTP7vvVYexmTpZD8sPErJq40FQ2LraMfdaAqt_wTtmyQBFB6TfmCARfrrMIDgCh33r3uiwz3nnBJoiLPQwoeAY_SLZ-6O9teY6Kav49VlBAw7NCgvRAbj8hGhWFKQol9OYy3ktRmbFuMaQQysDrHuGqc1exu_KPhaovpaED2kYfg,null,60,60,null,fifes:lh6.googleusercontent.comproxyovViTP7vvVYexmTpZD8sPErJq40FQ2LraMfdaAqt_wTtmyQBFB6TfmCARfrrMIDgCh33r3uiwz3nnBJoiLPQwoeAY_SLZ-6O9teY6Kav49VlBAw7NCgvRAbj8hGhWFKQol9OYy3ktRmbFuMaQQysDrHuGqc1exu_KPhaovpaED2kYfg,42,42,CAAqOQgKIjNDQklTSURvSmMzUnZjbmt0TXpZd1NoTUtFUWpOeHNiRmw0QU1FWVBCS2h4X2xySjdLQUFQAQ <img decoding=\"async\" src=\"http:\/\/images.slideplayer.fr\/1\/471000\/slides\/slide_16.jpg\" alt=\"rencontre internationale hospitaliers lourdes\" align=\"right\"> ,https:lh3.googleusercontent.comK6Aq-3ABSI8OAi57YZZtvoz5fEOHNwZcwKbVmm6Tnb0GtzNy7weyns3jIwywD4ySbM98lIJKthI,null,2000,400,null,CAUqBwgKMKGm_gow4uab7CpqCWltYWdlL3BuZw,null,null,null,null,null,null,null,null,Afficher plus,storiesCAAqOQgKIjNDQklTSURvSmMzUnZjbmt0TXpZd1NoTUtFUWpPaWZqUGw0QU1FYi1lY3NBWDM1cU1LQUFQAQ <img decoding=\"async\" src=\"http:\/\/blog.jeunes-cathos.fr\/wp-content\/uploads\/sites\/13\/2018\/08\/38985001-1035336859960679-4525004627682263040-o-270x144.jpg\" alt=\"rencontre internationale hospitaliers lourdes\" align=\"right\">  <img decoding=\"async\" src=\"http:\/\/ekladata.com\/xBz7W_bL2W-GlUvqzx-LHilq10Y.jpg\" alt=\"rencontre internationale hospitaliers lourdes\" align=\"center\"> lenfant en cause impose au fonctionn ai r e de lourdes c h arges r\u00e9sultant dun handicap mental.,3,null,null,13,13,CBMidmh0dHBzOi8vYWN0dS5vcmFuZ2UuZnIvbW9uZGUvdHdpdHRlci1mZXJtZS1kZXMtY29tcHRlcy1jaGlub2lzLXpvb20tYWNjZWRlLWEtZGVzLWRlbWFuZGVzLWRlLXBla2luLUNOVDAwMDAwMXFPU3VtLmh0bWzSAQA 50i\u00e8me Anniversair e d u Sanctuaire de Lourdes i n Litchfield USA 9. \u00c0 partir daujourdhui et jusquau 8 d\u00e9cembre, Lourdes accueille la 4e Rencontre internationale des hospitaliers qui r\u00e9unira environ 1.000 hospitaliers fran\u00e7ais, italiens, espagnols, anglais, allemands, suisses et am\u00e9ricains. Voyage en autocar Grand Tourisme des Alpes-de-Haute-Provence jusqu\u00e0 Lourdes avec la Soci\u00e9t\u00e9 Somatrav,Univers Freebox,https:encrypted-tbn3.gstatic.comfaviconV2?urlu003dhttps:www.universfreebox.comu0026clientu003dNEWS_360u0026sizeu003d96u0026typeu003dFAVICONu0026fallback_optsu003dTYPE,SIZE,URL,null,180,180,null,https:encrypted-tbn3.gstatic.comfaviconV2?urlu003dhttps:www.universfreebox.comu0026clientu003dNEWS_360u0026sizeu003d96u0026typeu003dFAVICONu0026fallback_optsu003dTYPE,SIZE,URL,https:encrypted-tbn3.gstatic.comfaviconV2?urlu003dhttps:www.universfreebox.comu0026clientu003dNEWS_360u0026sizeu003d96u0026typeu003dFAVICONu0026fallback_optsu003dTYPE,SIZE,URL Que ce soit un policier blessant un manifestant pacifique ou un pr\u00e9sident le d\u00e9fendant avec une th\u00e9orie du complot vue \u00e0 la t\u00e9l\u00e9vision.. Nous ne pouvons accepter ni lun ni lautre, a assur\u00e9 lancien vice-pr\u00e9sident de Barack Obama. Comme elle, ils sont 1 600 b\u00e9n\u00e9voles r\u00e9partis sur tout le territoire pour \u00eatre cette voix qui apaise et cette oreille pr\u00eate \u00e0 tout entendre, de jour comme de nuit. SOS Amiti\u00e9, ce sont 620 000 appels par an. Un toutes les 40 secondes au 0 972 394 050. Pendant le confinement, ces SOS ont augment\u00e9 de 30! Agn\u00e8s sy \u00e9tait pr\u00e9par\u00e9e. Non, je ne suis pas \u00e9tonn\u00e9e. Cette situation est tellement sid\u00e9rante, in\u00e9dite et tr\u00e8s anxiog\u00e8ne pour les personnes fragiles. La premi\u00e8re cause des appels, et de loin, cest la solitude. Avec le confinement, langoisse est plus importante. Certains souffrent de ne plus pouvoir sortir, mais dautres le craignent. Ils ont peur de la maladie, de la mort, de ce danger invisible qui peut \u00eatre partout. Ce virus a alourdi les choses, t\u00e9moigne lancienne salari\u00e9e de la protection de lenfance. Comme tous les deux ans, nous aurons la joie de nous retrouver du 23 au 28 juillet 2020 aupr\u00e8s de Marie. Voici le Pr\u00e9-Programme de notre P\u00e8lerinage UCCFHNDV qui est susceptible de modifications. Notre Dame de Lourdes apr\u00e8s 18 ans. Anonyme, Imp. Grotte, 65 Lourdes 1876 Ce mardi est marqu\u00e9 par la messe \u00e0 la grotte conc\u00e9l\u00e9br\u00e9e par les \u00e9v\u00eaques de Limoges, Clermont-Ferrand et bien entendu, La Rochelle! La SNCF a d\u00e9j\u00e0 subi un manque \u00e0 gagner de deux milliards deuros du fait de la crise sanitaire provoqu\u00e9e par l\u00e9pid\u00e9mie de Covid-19, a d\u00e9clar\u00e9 samedi son PDG Jean-Pierre Farandou,42,42,CAAqOQgKIjNDQklTSURvSmMzUnZjbmt0TXpZd1NoTUtFUWl5dTlITmw0QU1FVTgxQWhFQjVMbUFLQUFQAQ Pensez-vous voter au 1e tour de l\u00e9lection municipale? Au fil de mes s\u00e9jours \u00e0 Lourdes, jai d\u00e9velopp\u00e9 un v\u00e9ritable r\u00e9seau damis et de connaissances. Lune delle est organiste dans l\u00e9glise de la ville. Cest \u00e0 ce titre quavec un de mes coll\u00e8gues, nous e\u00fbmes droit \u00e0 un concert priv\u00e9 personnalis\u00e9 en 2015 Un moment magique!! Maladies et pathologies-La pr\u00e9vention du diab\u00e8te passe par une bonne hygi\u00e8ne de vie en contr\u00f4lant son poids, son alimentation et son activit\u00e9 physique. Toute personne empruntant les transports en commun est tenue porter un masque vis\u00e9 par, il peut sagir soit : .<\/p>\n","protected":false},"excerpt":{"rendered":"<p>rencontre internationale hospitaliers lourdes<\/p>\n","protected":false},"author":1,"featured_media":0,"comment_status":"closed","ping_status":"closed","sticky":false,"template":"","format":"standard","meta":{"footnotes":""},"categories":[1],"tags":[],"_links":{"self":[{"href":"http:\/\/zupnija-gomilsko.rkc.si\/journal\/wp-json\/wp\/v2\/posts\/11416"}],"collection":[{"href":"http:\/\/zupnija-gomilsko.rkc.si\/journal\/wp-json\/wp\/v2\/posts"}],"about":[{"href":"http:\/\/zupnija-gomilsko.rkc.si\/journal\/wp-json\/wp\/v2\/types\/post"}],"author":[{"embeddable":true,"href":"http:\/\/zupnija-gomilsko.rkc.si\/journal\/wp-json\/wp\/v2\/users\/1"}],"replies":[{"embeddable":true,"href":"http:\/\/zupnija-gomilsko.rkc.si\/journal\/wp-json\/wp\/v2\/comments?post=11416"}],"version-history":[{"count":1,"href":"http:\/\/zupnija-gomilsko.rkc.si\/journal\/wp-json\/wp\/v2\/posts\/11416\/revisions"}],"predecessor-version":[{"id":11417,"href":"http:\/\/zupnija-gomilsko.rkc.si\/journal\/wp-json\/wp\/v2\/posts\/11416\/revisions\/11417"}],"wp:attachment":[{"href":"http:\/\/zupnija-gomilsko.rkc.si\/journal\/wp-json\/wp\/v2\/media?parent=11416"}],"wp:term":[{"taxonomy":"category","embeddable":true,"href":"http:\/\/zupnija-gomilsko.rkc.si\/journal\/wp-json\/wp\/v2\/categories?post=11416"},{"taxonomy":"post_tag","embeddable":true,"href":"http:\/\/zupnija-gomilsko.rkc.si\/journal\/wp-json\/wp\/v2\/tags?post=11416"}],"curies":[{"name":"wp","href":"https:\/\/api.w.org\/{rel}","templated":true}]}}