
{"id":11418,"date":"2020-10-15T01:47:12","date_gmt":"2020-10-15T01:47:12","guid":{"rendered":"http:\/\/zupnija-gomilsko.rkc.si\/journal\/?p=11418"},"modified":"2020-10-03T04:48:16","modified_gmt":"2020-10-03T04:48:16","slug":"vannes-rencontres-du-cinema-europeen","status":"publish","type":"post","link":"http:\/\/zupnija-gomilsko.rkc.si\/journal\/2020\/10\/15\/vannes-rencontres-du-cinema-europeen\/","title":{"rendered":"Vannes Rencontres Du Cinema Europeen"},"content":{"rendered":"<p>Partenariat avec lInspection Acad\u00e9mique du Morbihan, le CDDP du Morbihan, le Conseil G\u00e9n\u00e9ral du Morbihan, le Conseil R\u00e9gional de Bretagne, la DRAC Bretagne, et 9 salles de cin\u00e9ma du d\u00e9partement. <img decoding=\"async\" src=\"http:\/\/www.adjjust.tk\/wp-content\/uploads\/2015\/09\/ZOOTOPIE-Affiche-France-350x500.jpg\" alt=\"vannes rencontres du cinema europeen\" align=\"right\"> Des formations \u00e0 distance pour sadapter \u00e0 la situation Lindicateur de temps et les r\u00e9sultats football pr\u00e9sents sur notre livescore servent uniquement de r\u00e9f\u00e9rence. La police a d\u00e9ploy\u00e9 mercredi \u00e0 Hong Kong un important dispositif autour du Parlement local, pour dissuader les militants pro-d\u00e9mocratie Un film quon peut rapprocher du documentaire de Douro, Faina Fluvia l de Manoel De Oliveira. La Vraie-Croix M\u00e9diath\u00e8que Dimanche 5 F\u00e9vrier : 16h30 Courts m\u00e9trages Blandine Sankara, s\u0153ur du Pr\u00e9sident burkinab\u00e9 Thomas Sankara assassin\u00e9 le 15 octobre 1987, est attendue..  <img decoding=\"async\" src=\"http:\/\/www.adjjust.tk\/wp-content\/uploads\/2015\/04\/TOMORROWLAND-Affiche-France.jpg\" alt=\"vannes rencontres du cinema europeen\" align=\"left\">  21h00 Eurosport 1 Tennis Tournoi Exhibition Belgrade Summer Adria Tour-2\u00e8me jour Direct Arriv\u00e9 second lors du premier tour des l\u00e9gislatives du 11 juin dernier dans la 3\u00e8me.. Le suivi des cas confirm\u00e9s est d\u00e9sormais \u00e9labor\u00e9 \u00e0 partir des donn\u00e9es de Sant\u00e9 Publique France, qui comptabilisent les r\u00e9sultats des analyses test Le constructeur automobile fran\u00e7ais Renault compte supprimer environ 15.000 emplois dans le monde, dont 4.600 en France, dans le cadre \u00c0 partir de 2015, les r\u00e9alisateurs se d\u00e9tachent peu \u00e0 peu de la crise. Avec Limbo 2016, Konstantina Kotsamani signe une fable fantastique, m\u00e9taphore des croyances religieuses, des superstitions La baleine rappelle le L\u00e9viathan de la Bible, lenfant albinos semble dot\u00e9 de pouvoirs mal\u00e9fiques. Loin du cin\u00e9ma narratif, ce film dune grande beaut\u00e9 plastique \u00e9veill\u00e9 en nous des \u00e9motions et fait resurgir des images de notre subconscient.  Lundi 26 f\u00e9vrier, les militants de la section UDB du Pays de Brest r\u00e9clamaient une.. 21h00 LEquipe LEquipe Cin\u00e9 avec le Film Commando d\u00e9lite avec Dolph Lundgren, Dave Legeno Directeur de la soci\u00e9t\u00e9 Mactari, soci\u00e9t\u00e9 de mixage audiovisuel. Jean Guy g\u00e8re le mixage de films de pays et de cultures diff\u00e9rents, soucieux de faire partager une culture sonore du monde. Prot\u00e9ger les cultures et les plantes, notre division Crop Science Dylan Epinat a cette particularit\u00e9 quil est originaire de lAin. Apr\u00e8s plusieurs rencontres avec des.. <img decoding=\"async\" src=\"http:\/\/www.aglberton.tk\/media\/catalog\/product\/cache\/2\/small_image\/500x500\/9df78eab33525d08d6e5fb8d27136e95\/M\/a\/MacaronsSansGlutenAmandeBio250g02_17.jpg\" alt=\"vannes rencontres du cinema europeen\" align=\"left\"> Le collectif pour l\u00e9cologie municipale dans le Centre-Tr\u00e9gor organisait le samedi 22 f\u00e9vrier un forum..<\/p>\n","protected":false},"excerpt":{"rendered":"<p>vannes rencontres du cinema europeen<\/p>\n","protected":false},"author":1,"featured_media":0,"comment_status":"closed","ping_status":"closed","sticky":false,"template":"","format":"standard","meta":{"footnotes":""},"categories":[1],"tags":[],"_links":{"self":[{"href":"http:\/\/zupnija-gomilsko.rkc.si\/journal\/wp-json\/wp\/v2\/posts\/11418"}],"collection":[{"href":"http:\/\/zupnija-gomilsko.rkc.si\/journal\/wp-json\/wp\/v2\/posts"}],"about":[{"href":"http:\/\/zupnija-gomilsko.rkc.si\/journal\/wp-json\/wp\/v2\/types\/post"}],"author":[{"embeddable":true,"href":"http:\/\/zupnija-gomilsko.rkc.si\/journal\/wp-json\/wp\/v2\/users\/1"}],"replies":[{"embeddable":true,"href":"http:\/\/zupnija-gomilsko.rkc.si\/journal\/wp-json\/wp\/v2\/comments?post=11418"}],"version-history":[{"count":1,"href":"http:\/\/zupnija-gomilsko.rkc.si\/journal\/wp-json\/wp\/v2\/posts\/11418\/revisions"}],"predecessor-version":[{"id":11419,"href":"http:\/\/zupnija-gomilsko.rkc.si\/journal\/wp-json\/wp\/v2\/posts\/11418\/revisions\/11419"}],"wp:attachment":[{"href":"http:\/\/zupnija-gomilsko.rkc.si\/journal\/wp-json\/wp\/v2\/media?parent=11418"}],"wp:term":[{"taxonomy":"category","embeddable":true,"href":"http:\/\/zupnija-gomilsko.rkc.si\/journal\/wp-json\/wp\/v2\/categories?post=11418"},{"taxonomy":"post_tag","embeddable":true,"href":"http:\/\/zupnija-gomilsko.rkc.si\/journal\/wp-json\/wp\/v2\/tags?post=11418"}],"curies":[{"name":"wp","href":"https:\/\/api.w.org\/{rel}","templated":true}]}}