
{"id":11464,"date":"2020-10-15T21:03:11","date_gmt":"2020-10-15T21:03:11","guid":{"rendered":"http:\/\/zupnija-gomilsko.rkc.si\/journal\/?p=11464"},"modified":"2020-10-03T05:54:31","modified_gmt":"2020-10-03T05:54:31","slug":"festival-rencontres-brel-st-pierre-de-chartreuse-38","status":"publish","type":"post","link":"http:\/\/zupnija-gomilsko.rkc.si\/journal\/2020\/10\/15\/festival-rencontres-brel-st-pierre-de-chartreuse-38\/","title":{"rendered":"Festival Rencontres Brel St Pierre De Chartreuse 38"},"content":{"rendered":"<p>2. Tri des messages et \u00e9laboration de la restitution Arno vendredi 8 avril-20h30 Espace Paul Jargot \u00e0 Crolles 38  060905 France 3 Rh\u00f4ne-Alpes Auvergne 1214 HAMBURG ALLEMAGNE Ubel und Gefahrlich 28052009 Le dernier week-end de juin, le Grand Duc Ultra Trail ex-Tour p\u00e9destre de propose diff\u00e9rentes courses en pleine nature dans le massif. 150110 Faveyrolles 43 concert \u00e0 emporter R\u00e9sidences dartistes sculpteurs d\u00e9velopp\u00e9es par lassociation LEph\u00e9m\u00e8re en parall\u00e8le de son projet phare, le festival de musiques actuelles : les Rencontres Brel, devenu le festival Le Grand Son en 2017. Cette association sest donn\u00e9 le projet de faire vivre le village de Saint-Pierre de Chartreuse par lorganisation, laccueil dactions artistiques. SIN LE NOBLE Printemps culturel 2010 14052010 VITRE 35 Centre culturel Jacques Duhamel 26102017 <img decoding=\"async\" src=\"http:\/\/s-www.ledauphine.com\/images\/46B815CD-9788-40D8-B19F-327F93083B3C\/LDL_V0_12\/dany-brillant-devrait-faire-chavirer-les-plus-romantiques-le-dl-sylvain-muscio-1422870959.jpg\" alt=\"festival rencontres brel st pierre de chartreuse 38\" align=\"center\"> <img decoding=\"async\" src=\"http:\/\/www.petit-bulletin.fr\/multimedia\/articles\/180406_vercorsmusicfestival2018.jpg\" alt=\"festival rencontres brel st pierre de chartreuse 38\" align=\"right\"> 260319 Saint Pol-sur-Ternoise 62 Salle des f\u00eates Victor le Ukul\u00e9l\u00e9 9h30 BAYONNE 64 Sc\u00e8ne nationale Sud Aquitaine 12022016 11217 F\u00eates des Lumi\u00e8res, Lyon Gerland, d\u00e9ambulation pl des Pavillons \u00e0 partir de 19h Lyon 7\u00e8me 19 juillet : Festival des Voix de la M\u00e9dit\u00e9rran\u00e9e \u00e0 Lodeve 34 <img decoding=\"async\" src=\"http:\/\/www.alpesolidaires.org\/files\/arriere.jpg\" alt=\"festival rencontres brel st pierre de chartreuse 38\" align=\"right\"> L\u00e9cole \u00e9l\u00e9mentaire Saint-Hugues situ\u00e9e dans le hameau du m\u00eame nom qui comptait \u00e0 la rentr\u00e9e scolaire de 2017, un effectif scolaire de 99 \u00e9l\u00e8ves. Celle-ci comprend une \u00e9cole maternelle et une \u00e9cole \u00e9l\u00e9mentaire.  230607 Clermont-Fd 63 Centre dAnimation de la Gauthi\u00e8re Jaccepte de recevoir des infos, des jeux et des offres privil\u00e8ges du site .<\/p>\n","protected":false},"excerpt":{"rendered":"<p>festival rencontres brel st pierre de chartreuse 38<\/p>\n","protected":false},"author":1,"featured_media":0,"comment_status":"closed","ping_status":"closed","sticky":false,"template":"","format":"standard","meta":{"footnotes":""},"categories":[1],"tags":[],"_links":{"self":[{"href":"http:\/\/zupnija-gomilsko.rkc.si\/journal\/wp-json\/wp\/v2\/posts\/11464"}],"collection":[{"href":"http:\/\/zupnija-gomilsko.rkc.si\/journal\/wp-json\/wp\/v2\/posts"}],"about":[{"href":"http:\/\/zupnija-gomilsko.rkc.si\/journal\/wp-json\/wp\/v2\/types\/post"}],"author":[{"embeddable":true,"href":"http:\/\/zupnija-gomilsko.rkc.si\/journal\/wp-json\/wp\/v2\/users\/1"}],"replies":[{"embeddable":true,"href":"http:\/\/zupnija-gomilsko.rkc.si\/journal\/wp-json\/wp\/v2\/comments?post=11464"}],"version-history":[{"count":1,"href":"http:\/\/zupnija-gomilsko.rkc.si\/journal\/wp-json\/wp\/v2\/posts\/11464\/revisions"}],"predecessor-version":[{"id":11465,"href":"http:\/\/zupnija-gomilsko.rkc.si\/journal\/wp-json\/wp\/v2\/posts\/11464\/revisions\/11465"}],"wp:attachment":[{"href":"http:\/\/zupnija-gomilsko.rkc.si\/journal\/wp-json\/wp\/v2\/media?parent=11464"}],"wp:term":[{"taxonomy":"category","embeddable":true,"href":"http:\/\/zupnija-gomilsko.rkc.si\/journal\/wp-json\/wp\/v2\/categories?post=11464"},{"taxonomy":"post_tag","embeddable":true,"href":"http:\/\/zupnija-gomilsko.rkc.si\/journal\/wp-json\/wp\/v2\/tags?post=11464"}],"curies":[{"name":"wp","href":"https:\/\/api.w.org\/{rel}","templated":true}]}}