
{"id":11482,"date":"2020-10-15T06:42:53","date_gmt":"2020-10-15T06:42:53","guid":{"rendered":"http:\/\/zupnija-gomilsko.rkc.si\/journal\/?p=11482"},"modified":"2020-10-03T06:17:21","modified_gmt":"2020-10-03T06:17:21","slug":"prostituee-charleville-mezi-eres","status":"publish","type":"post","link":"http:\/\/zupnija-gomilsko.rkc.si\/journal\/2020\/10\/15\/prostituee-charleville-mezi-eres\/","title":{"rendered":"Prostituee Charleville Mezi Eres"},"content":{"rendered":"<p> <img decoding=\"async\" src=\"http:\/\/nsa39.casimages.com\/img\/2018\/01\/04\/180104043554799418.png\" alt=\"prostituee charleville mezi eres\" align=\"center\"> chez les policiers et les magistrats et aurait organis\u00e9 des soir\u00e9es sadomaso avec des adolescentes La pr\u00e9sence dun commentaire nimplique aucune approbation de la RTBF quant \u00e0 son contenu. Lavis r\u00e9dig\u00e9 reste publi\u00e9 pour le compte de son auteur.  Ce que jaime \u00e0 Charleville-M\u00e9zi\u00e8res : Proximit\u00e9 imm\u00e9diate de la belgique, une nature environnante riche, pas mal dactivit\u00e9s \u00e0 faire, beaucoup de choses \u00e0 d\u00e9couvrir, un patrimoine riche, des vrais hivers et des vrais \u00e9t\u00e9s mais parfois pluvieux! Le caract\u00e8re des ardennais.  Ce que je naime pas \u00e0 Charleville-M\u00e9zi\u00e8res : Le manque danimation! Certes, je ny vis plus, mais en cotoyant des carolos ou en y retournant de temps en temps, je vois bien que la ville ne vit toujours pas beaucoup au cours de lann\u00e9e. Cest dommage! Ville qui a un \u00e9norme potentiel! La cr\u00e9ation du cabaret vert et le festival des marionnettes cest tr\u00e8s bien mais il faut aussi que la ville bouge plus au cours de lann\u00e9e! Je me rappelle, pour ceux qui connaissent, jaimais flaner cours briand et aller au cin\u00e9 les clubs dans ma jeunesse, et le fait que le cin\u00e9ma fut rest\u00e9 comme \u00e7a et que la ville nai rien fait \u00e0 la place je trouve \u00e7a tellement dommage! C\u00e9tait la rue des sorties du samedi soir.. Bref cest ptet la nostalgie qui me fait parler en partie, mais la disparition du cin\u00e9ma en centre ville a tu\u00e9 l\u00e2me de cet endroit.. Ce nest plus pareil.. Cest dommage, car la ville est superbe et souffre dune mauvaise image, alors quelle a un \u00e9norme potentiel.. Bravo pour toutes les initiatives, mais il en faudra encore.. Ptet que je my mettrai un jour ;. Du CAAPP : R\u00e9duction des Risques et des Dommages RDRD pour les personnes ayant une activit\u00e9 de prostitution. Avec Harmonie, en revanche, vous avez la certitude que nous sommes enti\u00e8rement \u00e0 votre disposition du lundi au vendredi de 10h \u00e0 20h sans interruption et le samedi de 10h \u00e0 17h et, ce, toute lann\u00e9e! Aussi souvent que n\u00e9cessaire, par t\u00e9l\u00e9phone, internet, ou pour vous recevoir lors dentretiens approfondis et confidentiels. <img decoding=\"async\" src=\"http:\/\/cdn3-europe1.new2.ladmedia.fr\/var\/europe1\/storage\/images\/media\/images\/jupe-640\/18765128-1-fre-FR\/jupe-640_scalewidth_640.jpg\" alt=\"prostituee charleville mezi eres\" align=\"center\"> Les sorties de f\u00e9vrier : le jeudi 5 mars et le jeudi 12 mars de 14h \u00e0 16h. Pauvre ville : Ville sans aucun int\u00e9r\u00eat surtout quand on vient de lext\u00e9rieur. Le touriste ne pourra que sennuyer et faire tr\u00e8s vite le tour. Cest une globalit\u00e9 pour tout le d\u00e9partement, il faut y \u00eatre n\u00e9 pour appr\u00e9ci\u00e9 et encore.. La fuite de la population et des jeunes dipl\u00f4m\u00e9s le r\u00e9v\u00e8lent tr\u00e8s bien.. Il faut partir pour vivre sans d\u00e9prime.. Ce que je naime pas \u00e0 Charleville-M\u00e9zi\u00e8res : Il faudrait d\u00e9velopper encore plus les pistes cyclables et les parkings \u00e0 v\u00e9lo en centre ville. Ca va venir. Si vous souhaitez participer \u00e0 cette op\u00e9ration de sororit\u00e9 vis \u00e0 vis des oubli\u00e9es que sont les femmes d\u00e9tenues, venez d\u00e9poser votre don lors dun de nos points de collectes ou contactez-nous en mp Bourg-Saint Robert-Cadet-Bois Raimbault-Jean Jaur\u00e8s La basketteuse internationale belge Kim Mestdagh a d\u00e9cid\u00e9 de prolonger son aventure au sein du club fran\u00e7ais des Flammes Carolo Basket Ardennes, bas\u00e9 \u00e0 Charleville-M\u00e9zi\u00e8res, a annonc\u00e9 la soci\u00e9t\u00e9 de management Atticus Sports Management. Chaque personne choisit elle-m\u00eame sa ou ses rencontres, notamment en fonction de crit\u00e8res comme les go\u00fbts communs, lappartenance \u00e0 un milieu socio-professionnel, la cat\u00e9gorie d\u00e2ge, lacceptation des enfants \u00e9ventuels, etou lapparence physique, etc Ce que jaime \u00e0 Charleville-M\u00e9zi\u00e8res : Ses diff\u00e9rents \u00e9v\u00e8nements cabaret vert, festival de marionnettes.. Ses restaurants de qualit\u00e9s, ses bars qui poss\u00e8dent une \u00e2me, le centre-ville de charleville celui de m\u00e9zi\u00e8res est en train de refaire peau neuve. Jaime aussi sa proximit\u00e9 avec la nature, le massif ardennais et son immense for\u00eat. Jaime ses sp\u00e9cialit\u00e9s locales, notamment ses bi\u00e8res!bref, je suis heureux dy vivre et jy resterai, pour s\u00fbr!ah, joubliais : la proximit\u00e9 avec la belgique, et dautres pays luxembourg, \u00e0 1h45 de lallemagne, de bruxelles, de paris Lire aussi: Dodo la Saumure: Les Fran\u00e7aises et les Belges, les filles les plus pris\u00e9es des clients Est-ce que vous acceptez tout le monde dans votre agence? <img decoding=\"async\" src=\"http:\/\/meinqsport.tk\/Files\/126284\/Img\/01\/005384-Bambou-vert_1x500.jpg\" alt=\"prostituee charleville mezi eres\" align=\"right\">.<\/p>\n","protected":false},"excerpt":{"rendered":"<p>prostituee charleville mezi eres<\/p>\n","protected":false},"author":1,"featured_media":0,"comment_status":"closed","ping_status":"closed","sticky":false,"template":"","format":"standard","meta":{"footnotes":""},"categories":[1],"tags":[],"_links":{"self":[{"href":"http:\/\/zupnija-gomilsko.rkc.si\/journal\/wp-json\/wp\/v2\/posts\/11482"}],"collection":[{"href":"http:\/\/zupnija-gomilsko.rkc.si\/journal\/wp-json\/wp\/v2\/posts"}],"about":[{"href":"http:\/\/zupnija-gomilsko.rkc.si\/journal\/wp-json\/wp\/v2\/types\/post"}],"author":[{"embeddable":true,"href":"http:\/\/zupnija-gomilsko.rkc.si\/journal\/wp-json\/wp\/v2\/users\/1"}],"replies":[{"embeddable":true,"href":"http:\/\/zupnija-gomilsko.rkc.si\/journal\/wp-json\/wp\/v2\/comments?post=11482"}],"version-history":[{"count":1,"href":"http:\/\/zupnija-gomilsko.rkc.si\/journal\/wp-json\/wp\/v2\/posts\/11482\/revisions"}],"predecessor-version":[{"id":11483,"href":"http:\/\/zupnija-gomilsko.rkc.si\/journal\/wp-json\/wp\/v2\/posts\/11482\/revisions\/11483"}],"wp:attachment":[{"href":"http:\/\/zupnija-gomilsko.rkc.si\/journal\/wp-json\/wp\/v2\/media?parent=11482"}],"wp:term":[{"taxonomy":"category","embeddable":true,"href":"http:\/\/zupnija-gomilsko.rkc.si\/journal\/wp-json\/wp\/v2\/categories?post=11482"},{"taxonomy":"post_tag","embeddable":true,"href":"http:\/\/zupnija-gomilsko.rkc.si\/journal\/wp-json\/wp\/v2\/tags?post=11482"}],"curies":[{"name":"wp","href":"https:\/\/api.w.org\/{rel}","templated":true}]}}