
{"id":11488,"date":"2020-10-15T15:17:45","date_gmt":"2020-10-15T15:17:45","guid":{"rendered":"http:\/\/zupnija-gomilsko.rkc.si\/journal\/?p=11488"},"modified":"2020-10-03T06:34:45","modified_gmt":"2020-10-03T06:34:45","slug":"rencontre-esneux","status":"publish","type":"post","link":"http:\/\/zupnija-gomilsko.rkc.si\/journal\/2020\/10\/15\/rencontre-esneux\/","title":{"rendered":"Rencontre Esneux"},"content":{"rendered":"<p>Rencontre libertine et \u00e9changiste \u00e0 Esneux 4130-CarreLibertin Nous sommes \u00e0 votre \u00e9coute tous les jours de la semaine, du lundi au vendredi de 9h30 \u00e0 16h30 au 08156.88.56. Nous ne sommes pas pr\u00e9sents? Laissez-nous un message sur notre r\u00e9pondeur. La participation de chacun au GAC est volontaire ; on peut quitter le groupe \u00e0 tout moment en informant par courriel ou courrier le responsable des commandes et apr\u00e8s avoir pay\u00e9 ses dettes \u00e9ventuelles. JOE FM NV, avec si\u00e8ge social situ\u00e9 \u00e0 Mediaplein 1, 2018 Antwerpen, num\u00e9ro dentreprise 0469.992.615, T\u00e9l.: 02255.32.11, E-mail: privacydpgmedia.be Ces donn\u00e9es ne peuvent \u00eatre utilis\u00e9es quentre les membres de SELesneux Mets-le \u00e0 jour maintenant pour profiter de la meilleure exp\u00e9rience Badoo. Des millions de nouvelles personnes tattendent! De mani\u00e8re r\u00e9guli\u00e8re, un repas de type auberge espagnole est organis\u00e9 juste apr\u00e8s lenl\u00e8vement des paniers de la semaine ou \u00e0 un autre moment pour cr\u00e9er, renforcer les liens entre les membres, pour prendre les d\u00e9cisions n\u00e9cessaires concernant le fonctionnement du GAC et lorganisation des activit\u00e9s ; cette rencontre est aussi loccasion de choisir ou de rencontrer des futurs producteurs et artisans. Rendez-vous ce dimanche \u00e0 Esneux pour la rencontre \u00e0 15h, mais aussi dans Xtra-balles ce dimanche \u00e0 20h pour le r\u00e9sum\u00e9 de la rencontre.  Cours par webcam Cours en face \u00e0 face Profil valid\u00e9 Le Bar dambiance et sa belle terrasse Id\u00e9al pour vos groupes! suis jalouse et un peu r\u00e2leuse et je m inscris sur  <img decoding=\"async\" src=\"http:\/\/www.canalc.be\/wp-content\/uploads\/2013-10-20-s06.jpg\" alt=\"rencontre esneux\" align=\"right\"> Info et r\u00e9servation : 04 380 93 17-lucie.bricteuxesneux.be <img decoding=\"async\" src=\"http:\/\/ds2.ds.static.vivreici.be\/article\/image\/624x351\/b\/2\/b\/25gmjzXMtWTsGcY.jpg\" alt=\"rencontre esneux\" align=\"right\">  Une carte vari\u00e9e et \u00e9volutive vous est propos\u00e9e. Cette carte est modifi\u00e9e au fil des saisons pour satisfaire chacun de vos passages et pour correspondre aux produits et envies du moment. Nous mettons donc un point dhonneur \u00e0 utiliser des ingr\u00e9dients frais et de saison. De plus, nous privil\u00e9gions toujours les circuits courts afin de produire des plats de qualit\u00e9 \u00e0 la hauteur de vos attentes. Vente directe \u00e0 la ferme, ou lauto-cueillette, la collaboration avec des Un moment magique \u00e0 venir partager en famille en cette p\u00e9riode de No\u00ebl. Les \u00e9l\u00e8ves de 1re et de 2e maternelles ont visit\u00e9 la biblioth\u00e8que communale dEsneux situ\u00e9e \u00e0 lEscale. Ils ont rencontr\u00e9 notre.. <img decoding=\"async\" src=\"http:\/\/www.escale-esneux.be\/img\/accueil_1.jpg\" alt=\"rencontre esneux\" align=\"center\"> Afin de d\u00e9terminer quelles parties du site sont les plus int\u00e9ressantes pour nos visiteurs, nous essayons de mesurer continuellement, en utilisant entre autres le logiciel dun tiers, le nombre de visiteurs sur notre site et quels articles sont les plus consult\u00e9s. Pour ce faire, nous utilisons des cookies. Lentr\u00e9e en Communion se fait \u00e0 la demande des parents.<\/p>\n","protected":false},"excerpt":{"rendered":"<p>rencontre esneux<\/p>\n","protected":false},"author":1,"featured_media":0,"comment_status":"closed","ping_status":"closed","sticky":false,"template":"","format":"standard","meta":{"footnotes":""},"categories":[1],"tags":[],"_links":{"self":[{"href":"http:\/\/zupnija-gomilsko.rkc.si\/journal\/wp-json\/wp\/v2\/posts\/11488"}],"collection":[{"href":"http:\/\/zupnija-gomilsko.rkc.si\/journal\/wp-json\/wp\/v2\/posts"}],"about":[{"href":"http:\/\/zupnija-gomilsko.rkc.si\/journal\/wp-json\/wp\/v2\/types\/post"}],"author":[{"embeddable":true,"href":"http:\/\/zupnija-gomilsko.rkc.si\/journal\/wp-json\/wp\/v2\/users\/1"}],"replies":[{"embeddable":true,"href":"http:\/\/zupnija-gomilsko.rkc.si\/journal\/wp-json\/wp\/v2\/comments?post=11488"}],"version-history":[{"count":1,"href":"http:\/\/zupnija-gomilsko.rkc.si\/journal\/wp-json\/wp\/v2\/posts\/11488\/revisions"}],"predecessor-version":[{"id":11489,"href":"http:\/\/zupnija-gomilsko.rkc.si\/journal\/wp-json\/wp\/v2\/posts\/11488\/revisions\/11489"}],"wp:attachment":[{"href":"http:\/\/zupnija-gomilsko.rkc.si\/journal\/wp-json\/wp\/v2\/media?parent=11488"}],"wp:term":[{"taxonomy":"category","embeddable":true,"href":"http:\/\/zupnija-gomilsko.rkc.si\/journal\/wp-json\/wp\/v2\/categories?post=11488"},{"taxonomy":"post_tag","embeddable":true,"href":"http:\/\/zupnija-gomilsko.rkc.si\/journal\/wp-json\/wp\/v2\/tags?post=11488"}],"curies":[{"name":"wp","href":"https:\/\/api.w.org\/{rel}","templated":true}]}}