
{"id":11518,"date":"2020-10-15T00:55:06","date_gmt":"2020-10-15T00:55:06","guid":{"rendered":"http:\/\/zupnija-gomilsko.rkc.si\/journal\/?p=11518"},"modified":"2020-10-03T07:34:55","modified_gmt":"2020-10-03T07:34:55","slug":"rencontres-internationales-de-la-photographie-arles-2011","status":"publish","type":"post","link":"http:\/\/zupnija-gomilsko.rkc.si\/journal\/2020\/10\/15\/rencontres-internationales-de-la-photographie-arles-2011\/","title":{"rendered":"Rencontres Internationales De La Photographie Arles 2011"},"content":{"rendered":"<p>Pour cette sixi\u00e8me \u00e9dition, la foire internationale d\u00e9di\u00e9e \u00e0 la photographie d\u00e9cide de repousser son \u00e9v\u00e8nement. Photo Basel se d\u00e9roulera du 15 au 20 septembre 2020. America latina 1960-2016Plusieurs expositions, sur 32 pr\u00e9sent\u00e9es dans le cadre officiel des et une dizaine dans des programmes associ\u00e9s, sont consacr\u00e9es cette ann\u00e9e \u00e0 lAm\u00e9rique latine, notamment Pulsions urbaines, un panorama de la photographie latino-am\u00e9ricaine de 1960 \u00e0 2016. La Vuelta pr\u00e9sentera le travail de 28 photographes colombiens contemporains tandis quune r\u00e9trospective mettra en valeur le travail de la grande photographe colombienne Paz Errazuriz. Des Rencontres dArles propose des \u00e9v\u00e9nements ax\u00e9s sur la photographie projections nocturnes, visites dexpositions, d\u00e9bats, symposiums, soir\u00e9es, signatures de livres, etc. Dans des lieux historiques de la ville, dont certains sont sp\u00e9cialement ouverts pour loccasion. <img decoding=\"async\" src=\"http:\/\/www.50howardstreet.com\/past\/massimovitali\/img\/0_03.jpg\" alt=\"rencontres internationales de la photographie arles 2011\" align=\"center\"> Pr\u00e9sent\u00e9 comme lun des rares \u00e9v\u00e9nements artistiques internationaux se d\u00e9roulant au Japon, Kyotographie est un rendez-vous incontournable du 8e art. De b\u00e2timents historiques \u00e0 des constructions modernes, les collections envahissent la ville de Kyoto. Belleza en las ruinas, fotografiad Spain. 30012011 Parcourez le monde avec les 48\u00e8me Rencontres Photographiques dArles Associant les approches sensible et m\u00e9diatique de la s\u00e9miotique et de la communication, lauteure propose une \u00e9tude du contexte et des dispositifs de m\u00e9diation modalisant la pr\u00e9sentation et la r\u00e9ception des Cor\u00e9ennes de Chris Marker expos\u00e9es \u00e0 Arles en 2011. Festival, distribution et disposition des photographies sont analys\u00e9s pour tenter de d\u00e9finir les traitements des diff\u00e9rentes valeurs en jeu et les modalisations potentielles des parcours des visiteurs. <img decoding=\"async\" src=\"http:\/\/photography-now.com\/images\/Hauptbilder\/gross\/91213.jpg\" alt=\"rencontres internationales de la photographie arles 2011\" align=\"left\"> Aussi, quelques textes, mots, correspondances, ainsi que des morceaux de films r\u00e9alis\u00e9s lors dun voyage \u00e0 Savannah en 2007 avec Jean Rolin sur les traces dune auteur quelle admirait, Flannery OConnor. Autant dindices permettant aujourdhui de remonter le fil dune \u0153uvre inachev\u00e9e. Les visiteurs pourront acheter leur billet soit en ligne et b\u00e9n\u00e9ficier dune baisse des tarifs 7 de moins sur les forfaits ou dans les billetteriesboutiques du festival. De nombreux partenariats ont \u00e9t\u00e9 mis en place afin de favoriser les prises de vue des participants. En effet, des Arl\u00e9siens, des commer\u00e7ants, diverses administrations et entreprises, des structures associatives et culturelles acceptent daccueillir de nombreux stagiaires, qui peuvent ainsi d\u00e9velopper facilement un projet photographique. Ces diverses collaborations permettent de renforcer les liens entre les Rencontres dArles et les acteurs professionnels, culturels, associatifs du territoire, et plus largement les Arl\u00e9siens. Fr\u00e9d\u00e9ric Mitterrand, ministre de la Culture et de la Communication a visit\u00e9 les expositions des Rencontres dArles et particip\u00e9 \u00e0 la soir\u00e9e de cl\u00f4ture au Th\u00e9\u00e2tre Antique le samedi 9 juillet. Au cours dune conf\u00e9rence de presse, il a notamment pr\u00e9sent\u00e9 lavancement des travaux de la mission photographique du Minist\u00e8re de la Culture et de la Communication, illustrant son engagement dans tous les domaines de la.  Parce quil ny a pas que les multiplexes dans la vie, My Provence vous propose un tour dhorizon des cin\u00e9mas dart et dessai \u00e0 Marseille! Avec, en bonus, les festivals \u00e0 ne pas manquer!, qui sint\u00e9resse \u00e0 la photographie lorsquelle sort de son cadre et envahit lespace.. Cette s\u00e9rie a \u00e9t\u00e9 r\u00e9alis\u00e9e suite \u00e0 la d\u00e9couverte dune voie de chemin de fer abandonn\u00e9e pendant lhiver. Pendant 2 mois jai \u00e9crit un story-board, ensuite les prises de vues photographiques avec le mod\u00e8le ont \u00e9t\u00e9 r\u00e9alis\u00e9es au printemps en \u00e9t\u00e9. Les Rencontres photographiques dArles f\u00eatent, du 2 juillet au 23 septembre 2012, les 30 ans de l\u00c9cole nationale sup\u00e9rieure de la photographie ENSP. \u00c0 cette occasion, ce sont les directeurs de grandes \u00e9coles de la photographie dans le monde qui ont nomin\u00e9 les laur\u00e9ats du Prix D\u00e9couverte. En lice, quatre photographes africains : Sammy Baloji, Hasan et Husain Essop, Zanele Muholi. Born in Paris in 1972, Ambroise graduated from the Applied Arts School of Vevey, Switzerland in 1994. First based in London and then Paris, he worked as a photo-journalist for both french and international magazines, spending much of his time traveling in South East Asia, Central and South America. Albert Fernique, La Statue de la libert\u00e9 de Bartholdi en construction, 1884. Collection du mus\u00e9e bartholdi, colmar. HORS-CADRE   <img decoding=\"async\" src=\"http:\/\/mrofoundation.org\/wp-content\/uploads\/2018\/06\/6OmarImam.jpg\" alt=\"rencontres internationales de la photographie arles 2011\" align=\"right\">.<\/p>\n","protected":false},"excerpt":{"rendered":"<p>rencontres internationales de la photographie arles 2011<\/p>\n","protected":false},"author":1,"featured_media":0,"comment_status":"closed","ping_status":"closed","sticky":false,"template":"","format":"standard","meta":{"footnotes":""},"categories":[1],"tags":[],"_links":{"self":[{"href":"http:\/\/zupnija-gomilsko.rkc.si\/journal\/wp-json\/wp\/v2\/posts\/11518"}],"collection":[{"href":"http:\/\/zupnija-gomilsko.rkc.si\/journal\/wp-json\/wp\/v2\/posts"}],"about":[{"href":"http:\/\/zupnija-gomilsko.rkc.si\/journal\/wp-json\/wp\/v2\/types\/post"}],"author":[{"embeddable":true,"href":"http:\/\/zupnija-gomilsko.rkc.si\/journal\/wp-json\/wp\/v2\/users\/1"}],"replies":[{"embeddable":true,"href":"http:\/\/zupnija-gomilsko.rkc.si\/journal\/wp-json\/wp\/v2\/comments?post=11518"}],"version-history":[{"count":1,"href":"http:\/\/zupnija-gomilsko.rkc.si\/journal\/wp-json\/wp\/v2\/posts\/11518\/revisions"}],"predecessor-version":[{"id":11519,"href":"http:\/\/zupnija-gomilsko.rkc.si\/journal\/wp-json\/wp\/v2\/posts\/11518\/revisions\/11519"}],"wp:attachment":[{"href":"http:\/\/zupnija-gomilsko.rkc.si\/journal\/wp-json\/wp\/v2\/media?parent=11518"}],"wp:term":[{"taxonomy":"category","embeddable":true,"href":"http:\/\/zupnija-gomilsko.rkc.si\/journal\/wp-json\/wp\/v2\/categories?post=11518"},{"taxonomy":"post_tag","embeddable":true,"href":"http:\/\/zupnija-gomilsko.rkc.si\/journal\/wp-json\/wp\/v2\/tags?post=11518"}],"curies":[{"name":"wp","href":"https:\/\/api.w.org\/{rel}","templated":true}]}}