
{"id":11566,"date":"2020-10-15T16:15:55","date_gmt":"2020-10-15T16:15:55","guid":{"rendered":"http:\/\/zupnija-gomilsko.rkc.si\/journal\/?p=11566"},"modified":"2020-10-03T08:36:42","modified_gmt":"2020-10-03T08:36:42","slug":"groupe-de-rencontre-lausanne","status":"publish","type":"post","link":"http:\/\/zupnija-gomilsko.rkc.si\/journal\/2020\/10\/15\/groupe-de-rencontre-lausanne\/","title":{"rendered":"Groupe De Rencontre Lausanne"},"content":{"rendered":"<p>Lieu: Restaurant Les Villas dAsie ch. Des P\u00eacheurs 7, 1007 Lausanne Ouchy Rencontre avec Sandra Laugier, philosophe, professeure \u00e0 lUniversit\u00e9 Paris 1 et chercheure au CNRS, sp\u00e9cialiste des questions li\u00e9es au genre, au care, aux cultures populaires notamment, attentive aux enjeux philosophiques et socio-politiques du souci des autres. Vivre le pr\u00e9sent femme c\u00e9libataire de 65 ans cherche homme pour rencontre s\u00e9rieuse Vous faites davantage pour faciliter les contacts entre expatri\u00e9s entre eux plut\u00f4t quavec les autochtones, non?  suivez les informations en temps r\u00e9el et acc\u00e9dez \u00e0 nos analyses de lactualit\u00e9. Les param\u00e8tres des cookies sur ce site sont d\u00e9finis sur accepter les cookies pour vous offrir la meilleure exp\u00e9rience de navigation possible. Si vous continuez \u00e0 utiliser ce site sans changer vos param\u00e8tres de cookies ou si vous cliquez sur Accepter ci-dessous, vous consentez \u00e0 cela. Cette situation r\u00e9sulte de divergences de visions entre: Le verdict dInterNations alarme-t-il les autorit\u00e9s, qui pourraient \u00eatre inqui\u00e8tes de lexode des expatri\u00e9s, ces travailleurs \u00e0 haute valeur ajout\u00e9e? Les internationaux pleurent quand ils arrivent \u00e0 Gen\u00e8ve mais aussi quand ils doivent repartir, plaisante Olivier Coutau, le d\u00e9l\u00e9gu\u00e9 du canton \u00e0 la Gen\u00e8ve internationale. On ne me fera pas croire quil est impossible de nouer des liens \u00e0 Gen\u00e8ve, o\u00f9 il y a 40 d\u00e9trangers. Et loffre daccueil existe, insiste-t-il, citant le travail du Centre daccueil de la Gen\u00e8ve internationale. On est toujours l\u00e9tranger de quelquun1. Qui saurait \u00eatre en d\u00e9saccord avec cette citation de Tahar Ben Jelloun, \u00e9crivain, po\u00e8te et peintre franco-marocain? Quelles que soient nos origines, notre lieu de r\u00e9sidence, notre confession, nous sommes en effet toutes et tous lautre de quelquun. Et pour vivre en harmonie, il est capital de faire vivre le dialogue en ayant conscience de cette alt\u00e9rit\u00e9 et en la respectant. Cest pr\u00e9cis\u00e9ment cette id\u00e9e qui a fait na\u00eetre lassociation lausannoise Coexistences en 2007, active dans laide au dialogue dans le conflit isra\u00e9lo-palestinien.  Les donn\u00e9es personnelles ne seront pas conserv\u00e9es ni utilis\u00e9es sur le site et \u00e0 des fins commerciales 0:src:https:m6.orphea.comthumbnails00000000325165915.s.jpg,72:src:https:m6.orphea.comthumbnails00000000325ddb2b92b_91eb_48cd_9221_ff91e9181acd_72.s.jpg,145:src:https:m6.orphea.comthumbnails00000000325ddb2b92b_91eb_48cd_9221_ff91e9181acd_145.s.jpg,217:src:https:m6.orphea.comthumbnails00000000325ddb2b92b_91eb_48cd_9221_ff91e9181acd_217.s.jpg,290:src:https:m6.orphea.comthumbnails00000000325ddb2b92b_91eb_48cd_9221_ff91e9181acd_290.s.jpg,362:src:https:m6.orphea.comthumbnails00000000325ddb2b92b_91eb_48cd_9221_ff91e9181acd_362.s.jpg,435:src:https:m6.orphea.comthumbnails00000000325ddb2b92b_91eb_48cd_9221_ff91e9181acd_435.s.jpg,507:src:https:m6.orphea.comthumbnails00000000325ddb2b92b_91eb_48cd_9221_ff91e9181acd_507.s.jpg,579:src:https:m6.orphea.comthumbnails00000000325ddb2b92b_91eb_48cd_9221_ff91e9181acd_579.s.jpg,652:src:https:m6.orphea.comthumbnails00000000325ddb2b92b_91eb_48cd_9221_ff91e9181acd_652.s.jpg,724:src:https:m6.orphea.comthumbnails00000000325ddb2b92b_91eb_48cd_9221_ff91e9181acd_724.s.jpg,797:src:https:m6.orphea.comthumbnails00000000325ddb2b92b_91eb_48cd_9221_ff91e9181acd_797.s.jpg,869:src:https:m6.orphea.comthumbnails00000000325ddb2b92b_91eb_48cd_9221_ff91e9181acd_869.s.jpg,942:src:https:m6.orphea.comthumbnails00000000325ddb2b92b_91eb_48cd_9221_ff91e9181acd_942.s.jpg,1014:src:https:m6.orphea.comthumbnails00000000325ddb2b92b_91eb_48cd_9221_ff91e9181acd_1014.s.jpg,1086:src:https:m6.orphea.comthumbnails00000000325ddb2b92b_91eb_48cd_9221_ff91e9181acd_1086.s.jpg,1159:src:https:m6.orphea.comthumbnails00000000325ddb2b92b_91eb_48cd_9221_ff91e9181acd_1159.s.jpg,1231:src:https:m6.orphea.comthumbnails00000000325ddb2b92b_91eb_48cd_9221_ff91e9181acd_1231.s.jpg,1304:src:https:m6.orphea.comthumbnails00000000325ddb2b92b_91eb_48cd_9221_ff91e9181acd_1304.s.jpg <img decoding=\"async\" src=\"http:\/\/www.omnlyheroes.ga\/wp-content\/uploads\/2018\/07\/Screen-Shot-07-06-18-at-01.40-AM-700x300.jpg\" alt=\"groupe de rencontre lausanne\" align=\"center\"> Rencontrer de nouvelles personnes est une partie importante de lexp\u00e9rience au pair. Les jeunes au pair peuvent socialiser \u00e0 travers les r\u00e9seaux sociaux ou directement sur place. Ici vous trouverez tous nos conseils! <img decoding=\"async\" src=\"http:\/\/decroissance.ch\/wp-content\/uploads\/2017\/04\/flyer_cafe_avril-722x1024.png\" alt=\"groupe de rencontre lausanne\" align=\"right\"> Lieu de rencontre: Alzheimer Vaud, Rue Beau-S\u00e9jour 29, Lausanne. Tr\u00e8s bonnes connaissances du tissu \u00e9conomique romand et des associations patronales  Je suis arriv\u00e9e \u00e0 Gen\u00e8ve il y a deux ans et le premier ami que jai eu \u00e9tait suisse, relate S\u00e9raphima, dans un anglais impeccable. Je lai rencontr\u00e9 via, une plateforme beaucoup plus s\u00e9lect. La Russe ne voit pas pourquoi elle apprendrait le fran\u00e7ais. Dans mon m\u00e9tier elle travaille dans le domaine de lart, ndlr, cela ne me rapporterait pas dargent, rigole-t-elle. <img decoding=\"async\" src=\"http:\/\/www.croix-bleue.ch\/data\/images\/accroches\/photo-groupe\/Photo-Repas-partage.jpg\" alt=\"groupe de rencontre lausanne\" align=\"right\">.<\/p>\n","protected":false},"excerpt":{"rendered":"<p>groupe de rencontre lausanne<\/p>\n","protected":false},"author":1,"featured_media":0,"comment_status":"closed","ping_status":"closed","sticky":false,"template":"","format":"standard","meta":{"footnotes":""},"categories":[1],"tags":[],"_links":{"self":[{"href":"http:\/\/zupnija-gomilsko.rkc.si\/journal\/wp-json\/wp\/v2\/posts\/11566"}],"collection":[{"href":"http:\/\/zupnija-gomilsko.rkc.si\/journal\/wp-json\/wp\/v2\/posts"}],"about":[{"href":"http:\/\/zupnija-gomilsko.rkc.si\/journal\/wp-json\/wp\/v2\/types\/post"}],"author":[{"embeddable":true,"href":"http:\/\/zupnija-gomilsko.rkc.si\/journal\/wp-json\/wp\/v2\/users\/1"}],"replies":[{"embeddable":true,"href":"http:\/\/zupnija-gomilsko.rkc.si\/journal\/wp-json\/wp\/v2\/comments?post=11566"}],"version-history":[{"count":1,"href":"http:\/\/zupnija-gomilsko.rkc.si\/journal\/wp-json\/wp\/v2\/posts\/11566\/revisions"}],"predecessor-version":[{"id":11567,"href":"http:\/\/zupnija-gomilsko.rkc.si\/journal\/wp-json\/wp\/v2\/posts\/11566\/revisions\/11567"}],"wp:attachment":[{"href":"http:\/\/zupnija-gomilsko.rkc.si\/journal\/wp-json\/wp\/v2\/media?parent=11566"}],"wp:term":[{"taxonomy":"category","embeddable":true,"href":"http:\/\/zupnija-gomilsko.rkc.si\/journal\/wp-json\/wp\/v2\/categories?post=11566"},{"taxonomy":"post_tag","embeddable":true,"href":"http:\/\/zupnija-gomilsko.rkc.si\/journal\/wp-json\/wp\/v2\/tags?post=11566"}],"curies":[{"name":"wp","href":"https:\/\/api.w.org\/{rel}","templated":true}]}}