
{"id":11568,"date":"2020-10-15T08:18:05","date_gmt":"2020-10-15T08:18:05","guid":{"rendered":"http:\/\/zupnija-gomilsko.rkc.si\/journal\/?p=11568"},"modified":"2020-10-03T08:37:19","modified_gmt":"2020-10-03T08:37:19","slug":"rencontres-associatives","status":"publish","type":"post","link":"http:\/\/zupnija-gomilsko.rkc.si\/journal\/2020\/10\/15\/rencontres-associatives\/","title":{"rendered":"Rencontres Associatives"},"content":{"rendered":"<p>Visionnez \u00e9galement la vid\u00e9o issue des Rencontres! COVID-19 : Les inscriptions restent ouvertes et nous avons modifi\u00e9 exceptionnellement nos conditions dannulation 12-Samedi 19 janvier 2019 \u00e0 Besan\u00e7on. Ville de Besan\u00e7onTwitter mer. 03 juin 2020-mar. 16 juin 2020 Trignac Exposition <img decoding=\"async\" src=\"http:\/\/www.ville-bouguenais.fr\/images\/stories\/actus\/2014\/01_JanvFev\/pharch-int-002-073_A5.jpg\" alt=\"rencontres associatives\" align=\"right\"> La journ\u00e9e portes ouvertes de la MFR de Bourgougnague une rencontre annuelle de r\u00e9flexion et de coordination, en coordination avec le R\u00e9seau des Crefad et dautres partenaires, fin novembre dans une r\u00e9gion diff\u00e9rente \u00e0 chaque fois. Au premier \u00e9tage, T3 de 92m, Garage de 21m-Cellier-Terrasse de 24m..  Au sein de lA2RS diff\u00e9rentes sections dactivit\u00e9s sont propos\u00e9es, l\u00e9lectronique, la robotique, linformatique, la domotique, la m\u00e9t\u00e9orologie, la radioastronomie, les radiocommunications terrestre et spatiale  mer. 03 juin 2020-lun. 29 juin 2020 Pornichet Loisirs cr\u00e9atifs Afin d\u00eatre \u00e0 l\u00e9coute de son public, la biblioth\u00e8que propose \u00e0 celui-ci des animations tout au long de lann\u00e9e: Premi\u00e8res rencontres r\u00e9gionales des r\u00e9seaux daccompagnement \u00e0 la vie associative <img decoding=\"async\" src=\"http:\/\/montirat.m.o.pic.centerblog.net\/74969d69.JPG\" alt=\"rencontres associatives\" align=\"center\"> Saisissez les caract\u00e8res que vous voyez dans cette image : Acteurs de lint\u00e9r\u00eat g\u00e9n\u00e9ral sur le territoire de Guingamp-Paimpol Agglom\u00e9ration Les premi\u00e8res rencontres associatives-r\u00e9union-actu-Orange R\u00e9union  Article cr\u00e9\u00e9 le 15052020 Mis \u00e0 jour le 15052020 Martine CLAVEL, pr\u00e9f\u00e8te des Hautes-Alpes, a rendu visite ce vendredi 15 mai aux artisans et commer\u00e7ants du centre-ville de Gap. \u00c0 cette occasion, la Pr\u00e9f\u00e8te a fait un point de situation quelques jours apr\u00e8s la sortie progressive du confinement qui marque la reprise dactivit\u00e9. Le lieu accueillera aussi bien des spectacles ici un concert blues en septembre que des associations comme R\u00e9tro Oldies <img decoding=\"async\" src=\"http:\/\/s395460203.onlinehome.fr\/wp-content\/uploads\/2012\/10\/rencontresinterasso.jpg\" alt=\"rencontres associatives\" align=\"center\"> Pour vous informer et vous inscrire, vous pouvez nous contacer au 02.35.58.16.08 ou 02.35.58.16.01 ou. Malgr\u00e9 le confinement, nous avons voulu, avec les moyens du bord, organiser une c\u00e9r\u00e9monie permettant de partager ces moments d\u00e9motion virtuellement tous ensemble. Production dun consensus sur les besoins des associations Pour contacter cet h\u00e9bergeur, rendez-vous \u00e0 ladresse Code de v\u00e9rification envoy\u00e9 sur votre bo\u00eete mail. Merci de le saisir dans les cases ci-dessous contre. Veuillez v\u00e9rifier ladresse mail renseign\u00e9e et vos spams si vous ne le recevez pas. Participez aux 1\u00e8res rencontres associatives de lAlliance contre le tabac.<\/p>\n","protected":false},"excerpt":{"rendered":"<p>rencontres associatives<\/p>\n","protected":false},"author":1,"featured_media":0,"comment_status":"closed","ping_status":"closed","sticky":false,"template":"","format":"standard","meta":{"footnotes":""},"categories":[1],"tags":[],"_links":{"self":[{"href":"http:\/\/zupnija-gomilsko.rkc.si\/journal\/wp-json\/wp\/v2\/posts\/11568"}],"collection":[{"href":"http:\/\/zupnija-gomilsko.rkc.si\/journal\/wp-json\/wp\/v2\/posts"}],"about":[{"href":"http:\/\/zupnija-gomilsko.rkc.si\/journal\/wp-json\/wp\/v2\/types\/post"}],"author":[{"embeddable":true,"href":"http:\/\/zupnija-gomilsko.rkc.si\/journal\/wp-json\/wp\/v2\/users\/1"}],"replies":[{"embeddable":true,"href":"http:\/\/zupnija-gomilsko.rkc.si\/journal\/wp-json\/wp\/v2\/comments?post=11568"}],"version-history":[{"count":1,"href":"http:\/\/zupnija-gomilsko.rkc.si\/journal\/wp-json\/wp\/v2\/posts\/11568\/revisions"}],"predecessor-version":[{"id":11569,"href":"http:\/\/zupnija-gomilsko.rkc.si\/journal\/wp-json\/wp\/v2\/posts\/11568\/revisions\/11569"}],"wp:attachment":[{"href":"http:\/\/zupnija-gomilsko.rkc.si\/journal\/wp-json\/wp\/v2\/media?parent=11568"}],"wp:term":[{"taxonomy":"category","embeddable":true,"href":"http:\/\/zupnija-gomilsko.rkc.si\/journal\/wp-json\/wp\/v2\/categories?post=11568"},{"taxonomy":"post_tag","embeddable":true,"href":"http:\/\/zupnija-gomilsko.rkc.si\/journal\/wp-json\/wp\/v2\/tags?post=11568"}],"curies":[{"name":"wp","href":"https:\/\/api.w.org\/{rel}","templated":true}]}}