
{"id":11594,"date":"2020-10-15T12:03:19","date_gmt":"2020-10-15T12:03:19","guid":{"rendered":"http:\/\/zupnija-gomilsko.rkc.si\/journal\/?p=11594"},"modified":"2020-10-03T09:03:20","modified_gmt":"2020-10-03T09:03:20","slug":"rencontre-au-coeur-du-parcours-de-soins","status":"publish","type":"post","link":"http:\/\/zupnija-gomilsko.rkc.si\/journal\/2020\/10\/15\/rencontre-au-coeur-du-parcours-de-soins\/","title":{"rendered":"Rencontre Au Coeur Du Parcours De Soins"},"content":{"rendered":"<p>Nous \u00e9laborons \u00e9galement un certain nombre de lignes directrices qui permettront \u00e0 la plupart des Etats membres qui nont rien de commencer b\u00e2tir un syst\u00e8me de sant\u00e9 offrant le maximum dinterop\u00e9rabilit\u00e9 avec les syst\u00e8mes des pays d\u00e9j\u00e0 dot\u00e9s dune infrastructure Ce site web utilise les cookies pour vous offrir une meilleure exp\u00e9rience de navigation. Pour plus dinformations vous pouvez consulter notre politique de confidentialit\u00e9  D\u00e9couvrez nos 3 solutions phares qui prennent en charge efficacement chacune des donn\u00e9es produites au sein de votre structure. To avoid being denied access, log in if youre a ResearchGate member or create an account if youre not. R\u00e9forme du 2e cycle des \u00e9tudes m\u00e9dicales et suppression des \u00e9preuves classantes nationalespour une orientation tenant mieux compte des comp\u00e9tences et aptitudes des \u00e9l\u00e8ves et de leur projet professionnel. 2\u00e8me engagement : travailler conjointement avec les acteurs de sant\u00e9 pour optimiser le parcours de soins de lAVC au sein des territoires de sant\u00e9  A loccasion de la semaine nationale de pr\u00e9vention et dinformation sur lendom\u00e9triose, le CHU de Besan\u00e7on sassocie \u00e0 EndoFrance pour sensibiliser le grand public \u00e0 cette pathologie gyn\u00e9cologique chronique qui touche une.. Lauditoire est sorti ravi de cette pr\u00e9sentation pr\u00e9sent\u00e9e avec technicit\u00e9 et humilit\u00e9.&#8212;-lEHESP Conseil vient de publier, un opus intitul\u00e9 COVID-19 : pistes de r\u00e9flexions pour adapter les organisations face \u00e0 la permanence du risque articul\u00e9 autour de 3 th\u00e9matiques : Piloter le retour \u00e0 la normale ; G\u00e9rer lapr\u00e8s avec les \u00e9quipes ;.. La direction des h\u00f4pitaux et de lorganisation des soins clairement a indiqu\u00e9 dans une circulaire de f\u00e9vrier 2005 que le secteur public \u00e9tait plus co\u00fbteux que le secteur priv\u00e9. <img decoding=\"async\" src=\"http:\/\/www.economie.grandlyon.com\/fileadmin\/user_upload\/fichiers\/images\/rencontres_metropole_intelligente_logo_383.jpg\" alt=\"rencontre au coeur du parcours de soins\" align=\"left\"> Comment Unicancer accompagne ce mouvement de la sant\u00e9 num\u00e9rique?  T. De la B.: Les salari\u00e9s \u00e9taient actionnaires majoritaires du groupe Normandy. Lors du rachat, nous avons souhait\u00e9 \u00e9tendre ce dispositif \u00e0 lensemble du groupe. Nous avons \u00e9t\u00e9 les premiers surpris par le nombre de collaborateurs souhaitant entrer au capital. Aujourdhui, sur 1 000 salari\u00e9s, pr\u00e8s dun quart font partie de la soci\u00e9t\u00e9 dactionnaires cr\u00e9\u00e9e pour loccasion. Cest un \u00e9l\u00e9ment fort de fid\u00e9lisation des \u00e9quipes. Bien s\u00fbr, cela implique un autre mode de communication avec les collaborateurs, mais cela permet \u00e9galement de mieux expliquer les enjeux et les choix strat\u00e9giques qui peuvent les impacter. <img decoding=\"async\" src=\"http:\/\/sphconseil.eu\/wp-content\/uploads\/2018\/07\/ADRHESS-1-logo.jpg\" alt=\"rencontre au coeur du parcours de soins\" align=\"right\">-En raison de ma ou mes pathologies g\u00e9n\u00e9rales, mon m\u00e9decin ma fait \u00e9couter quelques bruits et il lui semble que mes r\u00e9ponses sont un peu faibles. Je confirme que parfois je suis g\u00ean\u00e9. Festival 2019 Les intervenants.Festival 2019 Les intervenants.Festival 2019 Les intervenants M\u00e9decine interne-Unit\u00e9 M\u00e9dicale Post-Accueil UMPA-M\u00e9decine polyvalente nrco.contentDetailController.content.status draft? Brouillon : Inconnu MARY-LOUVE ET DOMINIQUE TAU ILELEYA c\u0153ur du soleil en huichol Dominique : Issu de plusieurs g\u00e9n\u00e9rations de gu\u00e9risseurs, \u00e0 la crois\u00e9e des mondes de par ses origines am\u00e9rindienne, bretonne, africaine et indienne, reliant traditions premi\u00e8res et nouvelle conscience, sur des racines chamaniques en harmonie avec les vibrations christiques. Dans tout service des \u00e9tablissements de sant\u00e9 : m\u00e9decine g\u00e9n\u00e9rale et canc\u00e9rologie, soins palliatifs, psychiatrie, g\u00e9riatrie, polyhandicap, centres dh\u00e9bergement durgence C\u00e9lia Cr\u00e9tolle, chirurgienne en p\u00e9diatrie \u00e0 Necker et Giulia Disnan, psychologue clinicienne \u00e0 Necker, pr\u00e9senteront le projet construit avec le. Le protocole Handicap et Douleur a \u00e9t\u00e9 adapt\u00e9 pour des enfants et leur entourage dans trois cadres chez eux, \u00e0 lh\u00f4pital et \u00e0 l\u00e9cole, \u00e0 partir du tout premier protocole Monologuer. Notre r\u00e9flexion est centr\u00e9e sur les tabous, les non-dits, la douleur et le handicap invisible. Ce projet vient dobtenir le soutien de lInstitut Imagine. DSIH, le lun. 25 mars 2013 : F\u00e9vrier 2013. Le Premier ministre et la ministre de la Sant\u00e9 ont d\u00e9fini la strat\u00e9gie du gouvernement en mati\u00e8re de syst\u00e8me de sant\u00e9 par une simple formule, lorganisation dune M\u00e9decine de parcours. Des b\u00e9n\u00e9fices qui s\u00e9tendent au-del\u00e0 des patients et des r\u00e9sidents, qui touchent \u00e9galement : la famille, les proches, les \u00e9quipes m\u00e9dicales et les artistes. D\u00e9couvrir ensemble que lart et le partage adoucissent la vie \u00e0 lh\u00f4pital. Groupe Clinique D\u00e9veloppement, quand la chirurgie rime avec synergies. Environ 10 600 suicides surviennent chaque ann\u00e9e en France, la Franche-Comt\u00e9 est quant \u00e0 elle une r\u00e9gion historiquement marqu\u00e9e par une surmortalit\u00e9 par suicide. <img decoding=\"async\" src=\"http:\/\/p7.storage.canalblog.com\/74\/46\/1439865\/119414537.jpg\" alt=\"rencontre au coeur du parcours de soins\" align=\"left\"> Maincare Solutions, le lun. 19 janvier 2015 : Maincare Solutions ex McKesson France annonce la signature dun partenariat avec la soci\u00e9t\u00e9 Bow Medical, leader dans le domaine du dossier danesth\u00e9sie en France avec sa solution DIANE, afin de mettre \u00e0 disposition de ses clients une solution compl\u00e8te et performante adressant la globalit\u00e9 du parcours du patient op\u00e9r\u00e9. Le nouveau module Dianesth\u00e9sie de M-Bloc, bas\u00e9 sur les fonctionnalit\u00e9s de DIANE, b\u00e9n\u00e9ficiera dune interop\u00e9rabilit\u00e9 forte avec le dossier patient informatis\u00e9 M-CrossWay garantissant notamment le partage s\u00e9curis\u00e9 des donn\u00e9es patient entre les professionnels de sant\u00e9. Nos meilleurs conseils chaque semaine par mail pendant 2 mois.<\/p>\n","protected":false},"excerpt":{"rendered":"<p>rencontre au coeur du parcours de soins<\/p>\n","protected":false},"author":1,"featured_media":0,"comment_status":"closed","ping_status":"closed","sticky":false,"template":"","format":"standard","meta":{"footnotes":""},"categories":[1],"tags":[],"_links":{"self":[{"href":"http:\/\/zupnija-gomilsko.rkc.si\/journal\/wp-json\/wp\/v2\/posts\/11594"}],"collection":[{"href":"http:\/\/zupnija-gomilsko.rkc.si\/journal\/wp-json\/wp\/v2\/posts"}],"about":[{"href":"http:\/\/zupnija-gomilsko.rkc.si\/journal\/wp-json\/wp\/v2\/types\/post"}],"author":[{"embeddable":true,"href":"http:\/\/zupnija-gomilsko.rkc.si\/journal\/wp-json\/wp\/v2\/users\/1"}],"replies":[{"embeddable":true,"href":"http:\/\/zupnija-gomilsko.rkc.si\/journal\/wp-json\/wp\/v2\/comments?post=11594"}],"version-history":[{"count":1,"href":"http:\/\/zupnija-gomilsko.rkc.si\/journal\/wp-json\/wp\/v2\/posts\/11594\/revisions"}],"predecessor-version":[{"id":11595,"href":"http:\/\/zupnija-gomilsko.rkc.si\/journal\/wp-json\/wp\/v2\/posts\/11594\/revisions\/11595"}],"wp:attachment":[{"href":"http:\/\/zupnija-gomilsko.rkc.si\/journal\/wp-json\/wp\/v2\/media?parent=11594"}],"wp:term":[{"taxonomy":"category","embeddable":true,"href":"http:\/\/zupnija-gomilsko.rkc.si\/journal\/wp-json\/wp\/v2\/categories?post=11594"},{"taxonomy":"post_tag","embeddable":true,"href":"http:\/\/zupnija-gomilsko.rkc.si\/journal\/wp-json\/wp\/v2\/tags?post=11594"}],"curies":[{"name":"wp","href":"https:\/\/api.w.org\/{rel}","templated":true}]}}