
{"id":11806,"date":"2020-10-15T19:28:00","date_gmt":"2020-10-15T19:28:00","guid":{"rendered":"http:\/\/zupnija-gomilsko.rkc.si\/journal\/?p=11806"},"modified":"2020-10-03T14:59:12","modified_gmt":"2020-10-03T14:59:12","slug":"rencontre-du-court-metrage-montpellier","status":"publish","type":"post","link":"http:\/\/zupnija-gomilsko.rkc.si\/journal\/2020\/10\/15\/rencontre-du-court-metrage-montpellier\/","title":{"rendered":"Rencontre Du Court M\u00e9trage Montpellier"},"content":{"rendered":"<p>Interpr\u00e9tation : Natacha Badoz, Sandy Parsemin, \u00c9lise Alexeline, Thomas Bardinet, B\u00e9n\u00e9dicte Faure, Soukeina Tahari-Chaoui, Dalila Roux-Salembien Le film sera ensuite pr\u00e9sent\u00e9 avec toute l\u00e9quipe le 25 novembre 2017 \u00e0 la M270 Maison des savoirs partag\u00e9s de Floirac. <img decoding=\"async\" src=\"http:\/\/diffusionph.cccommunication.biz\/jpgok\/repGR\/634\/634682_14.jpg\" alt=\"rencontre du court m\u00e9trage montpellier\" align=\"center\"> Ce rendez-vous culturel de fin dann\u00e9e nous invite \u00e0 un passionnant p\u00e9riple sur grand \u00e9cran, \u00e0 dintenses moments de d\u00e9couvertes et d\u00e9changes pour un public amateur de films et de rencontres avec les r\u00e9alisateurs, com\u00e9diens, techniciens venus de tous les bords de la M\u00e9diterran\u00e9e. Plus de 200 films sont \u00e0 laffiche chaque ann\u00e9e. <img decoding=\"async\" src=\"http:\/\/actualitte.com\/images\/actualites\/Aurelie_Filippetti_Alain_Juppe_2.JPG\" alt=\"rencontre du court m\u00e9trage montpellier\" align=\"right\"> Dublin Short Film and Music festival Irlande, octobre 2016 <img decoding=\"async\" src=\"http:\/\/1015productions.fr\/new\/wp-content\/uploads\/2015\/02\/Untitled_2.1.4-copie.jpg\" alt=\"rencontre du court m\u00e9trage montpellier\" align=\"center\"> Profitez des courts-m\u00e9trages du Festival.. Depuis chez vous!-et le \u00e0 Montpellier, sur le th\u00e8me Tous diff\u00e9rents! europ\u00e9en du film court de Brest 2017 Prix France 2 -En pr\u00e9sence de Claire DENIS, Mahamat Saleh HAROUN, Robinson SAVARY, Fran\u00e7ois BOUTONNET, Isabelle CZAJKA, Olivier MOULAI Fran\u00e7oise DEXMIER R\u00e9alisateurs, Michel SUBOR, Alex DESCAS, Anne REBESCHINI Com\u00e9dienne, Alain RIOU Critique Cin\u00e9ma, Nouvel Observateur, Jean-Claude MIRABELLA Professeur de Cin\u00e9ma \u00e0 lUniversit\u00e9 Paul Val\u00e9ry de Montpellier et sp\u00e9cialiste du cin\u00e9ma Italien, Marin ROSENSTHEIL Languedoc-Roussillon Cin\u00e9ma. Table ronde pr\u00e9sent\u00e9e par com\u00e9dienne et co-cr\u00e9atrice du groupe Femmes dans le cin\u00e9ma et laudiovisuel. En pr\u00e9sence de nombreuses invit\u00e9es : Marie Coutance com\u00e9dienne, Isabelle Maurel r\u00e9alisatrice, Charlotte Juniere sc\u00e9nariste, r\u00e9alisatrice et com\u00e9dienne, Irma Pelatan autrice de LOdeur de chlore, Marie Hattu com\u00e9dienne. Fond\u00e9e par Louis MONESTIER Maire de Prades et Secr\u00e9taire G\u00e9n\u00e9ral de La Rencontre de Prades jusquen 1965, et par Marcel TARIOL Professeur de Lettres \u00e0 Toulouse et Pr\u00e9sident de La Rencontre de Prades jusquen 1972. Festival Fen\u00eatres sur Courts, Festival International du court-m\u00e9trage de Dijon, 2016 Les \u00e9tudiants de notre \u00e9tablissement peuvent \u00eatre accr\u00e9dit\u00e9s au Festival de Cannes. Laccr\u00e9ditation donne acc\u00e8s au Palais des Festivals et aux projections de la S\u00e9lection officielle longs-m\u00e9trages en Comp\u00e9tition, Hors Comp\u00e9tition et S\u00e9ances Sp\u00e9ciales, s\u00e9lection Un certain regard, courts-m\u00e9trages en Comp\u00e9tition, s\u00e9lection Cin\u00e9fondation, Cannes Classics, ainsi quaux Le\u00e7ons de cin\u00e9ma et dacteur. 2015 : DIFFUSION-RENCONTRES 100 CINEMA CL\u00c9RMONT LH\u00c9RAULT-And the winner is   La 4e \u00e9dition aura lieu du 7 au 11 juillet 2019 \u00e0 S\u00e8te LAFFAIRE EDOUARD I. BUGUET, court-m\u00e9trage, fiction, co-\u00e9crit avec Julien Boustani, 25. Produit par Les films dAvalon, En d\u00e9veloppement. Parcours du sc\u00e9nario : 3e prix au Festival Europ\u00e9en de Lille, s\u00e9lection au Kiosque dAubagne, au festival Court-M\u00e9trange Rennes, finaliste au 7e Rencontres du Court Montpellier. Participez d\u00e8s maintenant au Guide des Festivals en soumettant \u00e0 notre r\u00e9daction un article. Pour cela envoyez linfo \u00e0 contactleguidedesfestivals.com.<\/p>\n","protected":false},"excerpt":{"rendered":"<p>rencontre du court m\u00e9trage montpellier<\/p>\n","protected":false},"author":1,"featured_media":0,"comment_status":"closed","ping_status":"closed","sticky":false,"template":"","format":"standard","meta":{"footnotes":""},"categories":[1],"tags":[],"_links":{"self":[{"href":"http:\/\/zupnija-gomilsko.rkc.si\/journal\/wp-json\/wp\/v2\/posts\/11806"}],"collection":[{"href":"http:\/\/zupnija-gomilsko.rkc.si\/journal\/wp-json\/wp\/v2\/posts"}],"about":[{"href":"http:\/\/zupnija-gomilsko.rkc.si\/journal\/wp-json\/wp\/v2\/types\/post"}],"author":[{"embeddable":true,"href":"http:\/\/zupnija-gomilsko.rkc.si\/journal\/wp-json\/wp\/v2\/users\/1"}],"replies":[{"embeddable":true,"href":"http:\/\/zupnija-gomilsko.rkc.si\/journal\/wp-json\/wp\/v2\/comments?post=11806"}],"version-history":[{"count":1,"href":"http:\/\/zupnija-gomilsko.rkc.si\/journal\/wp-json\/wp\/v2\/posts\/11806\/revisions"}],"predecessor-version":[{"id":11807,"href":"http:\/\/zupnija-gomilsko.rkc.si\/journal\/wp-json\/wp\/v2\/posts\/11806\/revisions\/11807"}],"wp:attachment":[{"href":"http:\/\/zupnija-gomilsko.rkc.si\/journal\/wp-json\/wp\/v2\/media?parent=11806"}],"wp:term":[{"taxonomy":"category","embeddable":true,"href":"http:\/\/zupnija-gomilsko.rkc.si\/journal\/wp-json\/wp\/v2\/categories?post=11806"},{"taxonomy":"post_tag","embeddable":true,"href":"http:\/\/zupnija-gomilsko.rkc.si\/journal\/wp-json\/wp\/v2\/tags?post=11806"}],"curies":[{"name":"wp","href":"https:\/\/api.w.org\/{rel}","templated":true}]}}