
{"id":11826,"date":"2020-10-15T20:09:46","date_gmt":"2020-10-15T20:09:46","guid":{"rendered":"http:\/\/zupnija-gomilsko.rkc.si\/journal\/?p=11826"},"modified":"2020-10-03T15:22:34","modified_gmt":"2020-10-03T15:22:34","slug":"rencontre-des-luthiers","status":"publish","type":"post","link":"http:\/\/zupnija-gomilsko.rkc.si\/journal\/2020\/10\/15\/rencontre-des-luthiers\/","title":{"rendered":"Rencontre Des Luthiers"},"content":{"rendered":"<p>Cette remarquable repr\u00e9sentation tr\u00f4nant sur un chapiteau \u00e0 pr\u00e8s de trois m\u00e8tres de hauteur dans la salle des musiciens du ch\u00e2teau de Puivert fut longtemps consid\u00e9r\u00e9e, de par sa raret\u00e9, comme \u00e9tant une repr\u00e9sentation symbolique. Apr\u00e8s trois ans de travaux et de recherches, les Luthiers de lAtelier Skald ont mi en lumi\u00e8re de par lEurope, dautres repr\u00e9sentations de cet \u00e9nigmatique instrument permettant ainsi de d\u00e9montrer sa dimension r\u00e9elle et instrumentale et dautre part, de disposer de suffisamment dinformations entre les diff\u00e9rents sujets afin de pouvoir proposer une reconstitution pertinente de ce psalt\u00e9rion.-GOUILLART, No\u00eblle. Les luthiers de Mirecourt aux XVII e et XVIII e si\u00e8cles. Th\u00e8se darchiviste pal\u00e9ographe. Paris : \u00c9cole nationale des chartes, 1983 non publi\u00e9e. <img decoding=\"async\" src=\"http:\/\/www.laguitare.com\/images\/tremblay_1.jpg\" alt=\"rencontre des luthiers\" align=\"center\"> Inspir\u00e9 par le travail des luthiers majeurs du XX\u00e8me si\u00e8cle et en particulier par la tradition fran\u00e7aise de lutherie dart, je cr\u00e9e des guitares classiques de concert pour r\u00e9pondre au niveau dexigence \u00e9lev\u00e9 des guitaristes daujourdhui. Joriente mon travail sur la construction dune guitare moderne et expressive avec de l\u00e9paisseur et de l\u00e9clat dans laigu. Des basses amples et timbr\u00e9es, un son long qui projette dans la salle et enveloppe le musicien.  Les luthiers du quartier Sainte-Anne ont une client\u00e8le fran\u00e7aise et m\u00eame internationale de passionn\u00e9s exigeants qui nh\u00e9sitent pas \u00e0 soffrir un instrument dont les prix vont de 14 000 euros \u00e0 plus de 40 000 euros. Ils sont aussi \u00e0 l\u00e9coute de leurs clients et peuvent r\u00e9aliser des instruments en fonction des demandes des musiciens. Sur le m\u00eame th\u00e8me, le festival de musique \u00e9lectronique \u00cele Soniq reporte aussi son \u00e9v\u00e9nement \u00e0 lan prochain. La f\u00eate aura lieu les 6 et 7 ao\u00fbt 2021 au parc Jean-Drapeau. Le volet \u00cele Soniq en ville se tiendra la veille, soit le 5 ao\u00fbt 2021. Le semestre \u00e0 lEcole de Guerre est une bonne formation pour un futur dirigeant!! <img decoding=\"async\" src=\"http:\/\/cimmducielauxmarges.org\/wp-content\/uploads\/2018\/03\/photo-Benjamin-Margotton-multi-instru-8.jpg\" alt=\"rencontre des luthiers\" align=\"center\"> A travers cette cr\u00e9ation artistique contemporaine et ce m\u00e9tissage des genres, la musique ancienne na jamais \u00e9t\u00e9 Abonnez-vous en un clic \u00e0 notre newsletter et recevez notre s\u00e9lection du meilleur de la Lorraine. Et promis, on ne vous importunera pas ; Ceci dit, Philomena a peut \u00eatre \u00e9galement un esprit libre et militant.  <img decoding=\"async\" src=\"http:\/\/ekladata.com\/Li70q764ld_RMXHI81J6FFMgUns.jpg\" alt=\"rencontre des luthiers\" align=\"right\"> tout mon temps et toute mon attention, car il faut quun instrument qui a une si petite caisse de r\u00e9sonance arrive \u00e0 \u00eatre aussi puissant quun violoncelle ou quun piano. Actuellement, pour Artisan atypique par le choix des formes de ses instruments, des essences et de sa production, il est constamment en qu\u00eate de nouveaut\u00e9s et nh\u00e9site pas \u00e0 chercher encore et encore pour faire \u00e9voluer le fruit de son travail. Votre adresse de messagerie ne sera pas publi\u00e9e. Les champs obligatoires sont indiqu\u00e9s avec Erik et son groupe sont attendus \u00e0 la toute prochaine \u00e9dition de la en mai prochain. Jai aussi eu 4 enfants et jen suis combl\u00e9e, mais jai toujours travaill\u00e9 et lun nemp\u00eache pas lautre bien au contraire. Quant aux vraies valeurs merci de respecter les choix de chacun Dans les ann\u00e9es 1970, Andr\u00e9s Segovia a donn\u00e9 \u00e0 Paris 5 ou 6 jours de suite le m\u00eame programme au Th\u00e9\u00e2tre de la Ville. Jai assist\u00e9 \u00e0 tous les concerts, assis au premier rang. Je me souviens de mon \u00e9motion au premier accord de La canc\u00edon del emperador de Narv\u00e1ez. Il a jou\u00e9 le m\u00eame programme tous les soirs, toujours expressif, toujours avec la m\u00eame force, toujours la m\u00eame capacit\u00e9 po\u00e9tique et pourtant, tous les soirs, c\u00e9tait un nouveau concert.  Yves dArcizas Sauvegarder le. Navigation de larticle Genevi\u00e8ve Leclerc a donn\u00e9 dimanche 31 mai son premier grand concert virtuel interactif. Intitul\u00e9 Mai, il \u00e9tait capt\u00e9 par trois cam\u00e9ras, depuis le Studio Open House, \u00e0 Longueuil. Une aide financi\u00e8re serait \u00e9galement bienvenue pour permettre de sous-traiter des am\u00e9liorations que nous ne pouvons pas faire en interne. Je nai jamais eu envie de faire de la lutherie. Par contre, jaime le contact sensuel, le contact physique avec la mati\u00e8re, les crit\u00e8res d\u00e9lasticit\u00e9 au toucher. Et je suis pr\u00e9sent \u00e0 toutes les \u00e9tapes lorsque je fais construire ou restaurer une guitare. Pour ma derni\u00e8re guitare de Daniel Friederich, il avait sorti ses bois et nous les avions choisis ensemble. \u00c9coutons-les nous partager un brin de leur passion. Affiche des Rencontres Internationales des Luthiers et Ma\u00eetres Sonneurs 2013-Conception Graphique : R\u00e9mi Amiot 486 commentaires ne signifient pas 486 personnes int\u00e9ress\u00e9es par ce sujet. Ah les Point de Vue davant! cest vrai, il naurait pas d\u00fb changer, ce magazine. Madame, vous ne connaissez manifestement pas lhistoire de ce magazine cr\u00e9\u00e9 en 1945. Car, comme dans les ann\u00e9es 50 on aurait bien plus souvent une couverture sur des artistes de cin\u00e9ma, des photos en noir et blanc et la rubrique Sant\u00e9 des animaux du docteur Mery Dailleurs il nexisterait plus, car un magazine qui n\u00e9volue pas avec son temps dispara\u00eet Et, au contraire, je pense moi que le PdV daujourdhui nous pr\u00e9sente chaque semaine des tr\u00e9sors. Des reportages non seulement sur les royaux si, si! mais sur des artisans de haute vol\u00e9e, comme des luthiers ou les artisans Manufacture de S\u00e8vres, ou sur la r\u00e9novation de lextraordinaire Chambre dAmbre du palais Catherine \u00e0 Saint Petersbourg. Mais aussi des rubriques passionnantes, comme la page des Ench\u00e8res o\u00f9 lon d\u00e9couvre des tr\u00e9sors, dailleurs souvent li\u00e9s aux monarchies, une rubrique litt\u00e9raire o\u00f9 nous sont pr\u00e9sent\u00e9es dint\u00e9ressantes bio de nos anciens monarques. Sans parler des reportages sur des demeures sublimes dont nous ne soup\u00e7onnons m\u00eame pas lexistence, et que nous naurions jamais eu la chance de conna\u00eetre sans PdV. Moi qui lis et ach\u00e8te le magazine depuis 1963 et ai encore toute la collection de 1993 \u00e0 aujourdhui, je my r\u00e9f\u00e8re tr\u00e8s souvent pour compl\u00e9ter des recherches sur des sujets qui me passionnent et cest une mine in\u00e9puisable. Quil ne soit pas consacr\u00e9 aux princes de la premi\u00e8re \u00e0 la derni\u00e8re page mais tant mieux! nous en ferions une indigestion! Je vous encourage donc \u00e0 courir lacheter P.S. Je nai aucune participation aux dividendes In Situ Revues des patrimoines est mis \u00e0 disposition selon les termes de la.<\/p>\n","protected":false},"excerpt":{"rendered":"<p>rencontre des luthiers<\/p>\n","protected":false},"author":1,"featured_media":0,"comment_status":"closed","ping_status":"closed","sticky":false,"template":"","format":"standard","meta":{"footnotes":""},"categories":[1],"tags":[],"_links":{"self":[{"href":"http:\/\/zupnija-gomilsko.rkc.si\/journal\/wp-json\/wp\/v2\/posts\/11826"}],"collection":[{"href":"http:\/\/zupnija-gomilsko.rkc.si\/journal\/wp-json\/wp\/v2\/posts"}],"about":[{"href":"http:\/\/zupnija-gomilsko.rkc.si\/journal\/wp-json\/wp\/v2\/types\/post"}],"author":[{"embeddable":true,"href":"http:\/\/zupnija-gomilsko.rkc.si\/journal\/wp-json\/wp\/v2\/users\/1"}],"replies":[{"embeddable":true,"href":"http:\/\/zupnija-gomilsko.rkc.si\/journal\/wp-json\/wp\/v2\/comments?post=11826"}],"version-history":[{"count":1,"href":"http:\/\/zupnija-gomilsko.rkc.si\/journal\/wp-json\/wp\/v2\/posts\/11826\/revisions"}],"predecessor-version":[{"id":11827,"href":"http:\/\/zupnija-gomilsko.rkc.si\/journal\/wp-json\/wp\/v2\/posts\/11826\/revisions\/11827"}],"wp:attachment":[{"href":"http:\/\/zupnija-gomilsko.rkc.si\/journal\/wp-json\/wp\/v2\/media?parent=11826"}],"wp:term":[{"taxonomy":"category","embeddable":true,"href":"http:\/\/zupnija-gomilsko.rkc.si\/journal\/wp-json\/wp\/v2\/categories?post=11826"},{"taxonomy":"post_tag","embeddable":true,"href":"http:\/\/zupnija-gomilsko.rkc.si\/journal\/wp-json\/wp\/v2\/tags?post=11826"}],"curies":[{"name":"wp","href":"https:\/\/api.w.org\/{rel}","templated":true}]}}