
{"id":11836,"date":"2020-10-15T17:10:13","date_gmt":"2020-10-15T17:10:13","guid":{"rendered":"http:\/\/zupnija-gomilsko.rkc.si\/journal\/?p=11836"},"modified":"2020-10-03T15:39:42","modified_gmt":"2020-10-03T15:39:42","slug":"rencontre-matthieu-cote","status":"publish","type":"post","link":"http:\/\/zupnija-gomilsko.rkc.si\/journal\/2020\/10\/15\/rencontre-matthieu-cote\/","title":{"rendered":"Rencontre Matthieu Cote"},"content":{"rendered":"<p>En juin cohabitent les concerts retransmis via les \u00e9crans et timidement, quelques concerts en  Bien s\u00fbr! Jai dabord fait un Bac S, puis un BTS Am\u00e9nagement Paysager \u00e0 Tours en apprentissage. Pour lalternance, je voulais une entreprise proposant une palette diversifi\u00e9e de projets paysagers. Jai donc postul\u00e9 au Puy du Fou et apr\u00e8s un entretien avec le Directeur des jardiniers, jai \u00e9t\u00e9 re\u00e7u.  Le Medef veut que la prise en charge du ch\u00f4mage partiel ne baisse pas de nouveau avant la rentr\u00e9e, a indiqu\u00e9 vendredi son pr\u00e9sident Geoffroy Roux de B\u00e9zieux. Liz Van Deuq commence la musique d\u00e8s l\u00e2ge de 7 ans. Plus tard, pianiste dans des groupes de pop-rock elle se d\u00e9tache de la th\u00e9orie classique pour la musique actuelle. Au fil du temps, elle \u00e9crit ses premi\u00e8res chansons et les assume seule en sc\u00e8ne ou en trio. Finaliste du Radio Crochet France Inter sur 5 000 candidats, s\u00e9lectionn\u00e9e aux Inou\u00efs du Printemps de Bourges, elle accumule les r\u00e9compenses professionnelles Rencontres Matthieu C\u00f4te de C\u00e9bazat, prix Georges Moustaki, Le Mans Cit\u00e9 Chanson, Prix de lalbum UNAC-SACEM.. Et collectionne les premi\u00e8res parties Cali, Emily Loizeau, Carmen Maria V\u00e9ga, Diane Tell, Romain Didier, Anne Sylvestre, Presque Oui, Nolwenn Leroy, C\u0153ur de pirate.. Fabian est un des artistes les plus originaux de la chanson francophone en Suisse. Par son regard quil prom\u00e8ne l\u00e0 o\u00f9 on ne le pose pas, il \u00e9voque les choses les plus quotidiennes en choisissant un angle qui les rend surprenantes. Quest-ce quils sont cons ces pauvres, quest-ce quils sont cons. En 2008, il sort lalbum Singapour, remarqu\u00e9 par la radio et la presse \u00e9crite France Inter, France Culture, RFI, Radio Suisse Romande, Chorus, Francofans, Longueur dOndes. Our website uses plugins from YouTube, which is operated by Google. The operator of the pages is YouTube LLC, 901 Cherry Ave, San Bruno, CA 94066, USA. Apr\u00e8s des \u00e9tudes de droit et de science politique, Mathieu Le Tallec quitte sa Bretagne natale pour sinstaller \u00e0 Strasbourg en 2008, \u00e0 la suite de sa r\u00e9ussite aux concours de la fonction publique. Depuis, il travaille en tant quagent du minist\u00e8re du Travail \u00e0 la Direccte Grand-Est. Militant au quotidien, le candidat essaie aussi de se rendre autant que son activit\u00e9 professionnelle lui permet sur les march\u00e9s strasbourgeois. Une pr\u00e9sence, qui lui permet daller \u00e0 la rencontre de la population, de discuter des probl\u00e8mes auxquels celle-ci doit faire face, mais aussi dinviter ceux qui le souhaitent \u00e0 se battre contre la politique de la municipalit\u00e9. Solenne, candidate de Mari\u00e9s au premier regard 2020, photo officielle Harc\u00e8lement scolaire : Rencontre avec Matthieu Meriot Les Insouciantes Clumsy Little Acts of Tenderness de Miia Tervo 9  Rencontre avec Matthieu Rivi\u00e8re, Talent Acquisition Director chez Devoteam Le 31 mai 2018 Dans le cadre de sa saison culturelle Acc\u00e8s Soirs, la Ville de Riom pr\u00e9sente un concert de chansons urbaines et jazzy par Zim jeudi 29 novembre 2018 \u00e0 la Puce \u00e0 lOreille, 16 rue du G\u00e9n\u00e9ral Chapsal \u00e0 20h30. <img decoding=\"async\" src=\"http:\/\/www.donnemoitamain.fr\/wp-content\/uploads\/2015\/09\/Mariage_Anne_et_Matthieu_photographe_chateau_de_Beaussais_Theme_ecole_Bretagne_Cotes_d_Armor_Blog_02.jpg\" alt=\"rencontre matthieu cote\" align=\"center\"> En dehors de lorganisation de la Gay Pride, quelles actions m\u00e8ne votre association? Depuis la plus grande rade dEurope, partez \u00e0 la d\u00e9couverte de la route des phares, des sentiers de randonn\u00e9es et des plaisirs nautiques qui font tout le sel de cette.. Bob Dylan, Leonard Cohen, John Lennon, Paul McCartney, Georges Brassens, Serge Gainsbourg, Alain Souchon, F\u00e9lix Leclerc, Guy B\u00e9art, Jacques Brel, L\u00e9o Ferr\u00e9, Barbara, Renaud, Bernard Lavilliers, Yves Duteil, CharlElie Couture, Alain Bashung. <img decoding=\"async\" src=\"http:\/\/www.kianma.gq\/images\/regions\/paca\/18-02-23-espace-alpin.jpg\" alt=\"rencontre matthieu cote\" align=\"left\"> Si vous avez un compte ou si vous avez laiss\u00e9 des commentaires sur le site, vous pouvez demander \u00e0 recevoir un fichier contenant toutes les donn\u00e9es personnelles que nous poss\u00e9dons \u00e0 votre sujet, incluant celles que vous nous avez fournies. Vous pouvez \u00e9galement demander la suppression des donn\u00e9es personnelles vous concernant. Cela ne prend pas en compte les donn\u00e9es stock\u00e9es \u00e0 des fins administratives, l\u00e9gales ou pour des raisons de s\u00e9curit\u00e9. <img decoding=\"async\" src=\"http:\/\/fcmorteaumontlebon.com\/site\/fcmorteaumontlebon.com\/img\/content\/matt_w560_x_h0.jpg\" alt=\"rencontre matthieu cote\" align=\"center\"> Fait dplus en plus chaud, fait dplus en plus noir 15 octobre 2005 : Je choisis la cuisine plut\u00f4t que le rugby dChant, c\u00e9tait la derni\u00e8re en int\u00e9gralit\u00e9 \u00e0 Lyon. On a encore de jolis concerts pr\u00e9vus ailleurs, en Alsace, dans lOuest.. Mais oui, on pr\u00e9pare la suite. Cela fait un an et demi que le 2013 : Spectacle en formule duo avec Thomas David, De lart dapprivoiser la sc\u00e8ne et son public. Arrangements de quatre titres et co-r\u00e9alisation du premier album de Liz Van Deuq Anna-Liz Prix UNAC de lautoproduction et Prix Georges Moustaki de lartiste ind\u00e9pendant en 2014. Composition de la musique du court-m\u00e9trage Les \u00e9chapp\u00e9es d\u00eatres dIsabelle Renard et Th\u00e9o Cibrario. Atelier d\u00e9criture de chansons en lyc\u00e9e puis arrangement et enregistrement du CD des 7 chansons cr\u00e9\u00e9es. Matthieu Monier Nous sommes ravis. Lan dernier nous avons r\u00e9unis 300 personnes contre pas moins de 700 cette ann\u00e9e. Dautant plus que nous voulions que la Marche 2011 soit v\u00e9ritablement militante \u00e0 lapproche des prochaines \u00e9lections pr\u00e9sidentielles.<\/p>\n","protected":false},"excerpt":{"rendered":"<p>rencontre matthieu cote<\/p>\n","protected":false},"author":1,"featured_media":0,"comment_status":"closed","ping_status":"closed","sticky":false,"template":"","format":"standard","meta":{"footnotes":""},"categories":[1],"tags":[],"_links":{"self":[{"href":"http:\/\/zupnija-gomilsko.rkc.si\/journal\/wp-json\/wp\/v2\/posts\/11836"}],"collection":[{"href":"http:\/\/zupnija-gomilsko.rkc.si\/journal\/wp-json\/wp\/v2\/posts"}],"about":[{"href":"http:\/\/zupnija-gomilsko.rkc.si\/journal\/wp-json\/wp\/v2\/types\/post"}],"author":[{"embeddable":true,"href":"http:\/\/zupnija-gomilsko.rkc.si\/journal\/wp-json\/wp\/v2\/users\/1"}],"replies":[{"embeddable":true,"href":"http:\/\/zupnija-gomilsko.rkc.si\/journal\/wp-json\/wp\/v2\/comments?post=11836"}],"version-history":[{"count":1,"href":"http:\/\/zupnija-gomilsko.rkc.si\/journal\/wp-json\/wp\/v2\/posts\/11836\/revisions"}],"predecessor-version":[{"id":11837,"href":"http:\/\/zupnija-gomilsko.rkc.si\/journal\/wp-json\/wp\/v2\/posts\/11836\/revisions\/11837"}],"wp:attachment":[{"href":"http:\/\/zupnija-gomilsko.rkc.si\/journal\/wp-json\/wp\/v2\/media?parent=11836"}],"wp:term":[{"taxonomy":"category","embeddable":true,"href":"http:\/\/zupnija-gomilsko.rkc.si\/journal\/wp-json\/wp\/v2\/categories?post=11836"},{"taxonomy":"post_tag","embeddable":true,"href":"http:\/\/zupnija-gomilsko.rkc.si\/journal\/wp-json\/wp\/v2\/tags?post=11836"}],"curies":[{"name":"wp","href":"https:\/\/api.w.org\/{rel}","templated":true}]}}