
{"id":11884,"date":"2020-10-15T00:53:13","date_gmt":"2020-10-15T00:53:13","guid":{"rendered":"http:\/\/zupnija-gomilsko.rkc.si\/journal\/?p=11884"},"modified":"2020-10-03T17:04:20","modified_gmt":"2020-10-03T17:04:20","slug":"rencontre-acteurs-publics","status":"publish","type":"post","link":"http:\/\/zupnija-gomilsko.rkc.si\/journal\/2020\/10\/15\/rencontre-acteurs-publics\/","title":{"rendered":"Rencontre Acteurs Publics"},"content":{"rendered":"<p>Le Plan r\u00e9gional dinsertion pour la jeunesse des quartiers prioritaires dIle-de-France  Les Rencontres des Acteurs publics 2019 Billets, Le mer 26 juin 2019 \u00e0 08:30 Eventbrite <img decoding=\"async\" src=\"http:\/\/img.over-blog.com\/275x300\/0\/54\/21\/73\/Geographie\/Territoires-du-quotidien\/Schema-Les-acteurs-publics-de-l-amenagement.jpg\" alt=\"rencontre acteurs publics\" align=\"right\"> La Su\u00e8de a propos\u00e9 un nouveau r\u00e8glement \u00e9tablissant des.. Hanewinkel M, Cullmann D.A, Schelhaas M-J, Nabuurs G-J, Zimmermann N.E, 2013, Climate Change May Cause Severe Loss in the Economic Value of European Forest Land, Nature Climate Change, vol. 3, n 3, p 203-207. En revanche, ces circonstances pourraient permettre \u00e0 un enseignant de faire valoir son droit de retrait, lorsquil est consid\u00e9r\u00e9, au regard de son \u00e2ge ou de son \u00e9tat de sant\u00e9, comme une personne \u00e0 risque. D\u00e9couvrez les artisants, entreprises et associations du patrimoine qui seront pr\u00e9sents Plus rarement, certains responsables dorganismes publics ont pu avoir des comportements opportunistes qui ont bloqu\u00e9 linnovation accaparement de linvention, recherche de prestige, agenda cach\u00e9 comme dans le cas du d\u00e9cortiqueur de fonio au Burkina Faso. Ces rencontres se tiendront les 27 et 28 mars au Pavillon Dauphine, \u00e0 Paris, en pr\u00e9sence dacteurs \u00e9conomiques, d\u00e9lus fran\u00e7ais et d\u00e9l\u00e9gations africaines. Pour sinscrire et acc\u00e9der gratuitement \u00e0 lensemble des conf\u00e9rences et tables-rondes formations incluses il suffit dentrer le code INVCOMPUB sur. Fran\u00e7ois BERGERE, Directeur g\u00e9n\u00e9ral de LTIIA, Ancien Directeur de la Mission dAppui aux PPP 12h-13h : restitution, conclusions puis d\u00e9jeuner et testing sensoriel par Altrimenti. Nous nous r\u00e9inventons en continu.En privil\u00e9giant la co-construction avec nos clients et en abordant chacun de leur enjeux avec z\u00e9ro id\u00e9e pr\u00e9\u00e7oncue. En poursuivant votre navigation, vous acceptez le d\u00e9p\u00f4t de cookies tiers destin\u00e9s \u00e0 nous permettre d\u00e9tablir des statistiques de fr\u00e9quentation. Vous pouvez vous y opposer.-. Explosion des maladies respiratoires : d\u00e9tecter les premiers signes  Assistez \u00e0 la conf\u00e9rence : Lagilit\u00e9 sous toutes ses formes au service de la modernisation des institutions organis\u00e9e par CGI, de 10h30 \u00e0 12h : <img decoding=\"async\" src=\"http:\/\/static.apidae-tourisme.com\/filestore\/objets-touristiques\/documents\/169\/229\/3138985.jpg\" alt=\"rencontre acteurs publics\" align=\"center\"> 6 7 f\u00e9vrier 2020 : 4\u00e8me Rencontre nationale de la visite dentreprise en Pays de la Loire Des rencontres, il y en a eu 6 en 2019. Dirigeants dentreprises, acteurs publics, \u00e9lus locaux ou nationaux, ministres, la diversit\u00e9 des invit\u00e9s a \u00e9t\u00e9 totale en cette ann\u00e9e 2019. Nous avons veill\u00e9 \u00e0 donner la parole \u00e0 des acteurs aux parcours atypiques, sensibles \u00e0 la question des PPP et porteurs de visions et de projets davenir destin\u00e9s \u00e0 \u00eatre partag\u00e9s, diffus\u00e9s. Covid 19 : les enseignants doivent-ils craindre de voir leur responsabilit\u00e9 p\u00e9nale engag\u00e9e? Laure Dassonville, directrice du projet transformation num\u00e9rique pour ladministration, SGA-minist\u00e8re des Arm\u00e9es 38Dans la fili\u00e8re for\u00eat-bois, lutilisation de lunit\u00e9 carbone pour l\u00e9valuation de l\u00e9cologisation etou de la territorialisation est en outre porteuse dune autre ambigu\u00eft\u00e9 : le bois, mat\u00e9riau issu du vivant, est lui-m\u00eame constitu\u00e9 de carbone. Autrement dit, la quantification du carbone fossile n\u00e9cessaire aux processus dabattage, de transformation et de transport se fait dans la m\u00eame unit\u00e9 que la quantification du carbone biog\u00e9nique issu de la s\u00e9questration du carbone atmosph\u00e9rique dans larbre par le m\u00e9canisme de photosynth\u00e8se. Cest sur cette ambigu\u00eft\u00e9, et sur lamalgame entre carbone fossile et carbone forestier que la rh\u00e9torique pr\u00e9sentant le bois comme mat\u00e9riau \u00e9cologique sest en partie construite. Si les produits bois g\u00e9n\u00e8rent g\u00e9n\u00e9ralement moins d\u00e9missions de carbone fossile que leurs substituts non-bois au cours des processus de transformation, ils sont dans la plupart des cas transport\u00e9s sur de longues distances et, surtout, leur combustion, lorsquils sont utilis\u00e9s en tant que source d\u00e9nergie, \u00e9met plus de gaz \u00e0 effet de serre que leurs substituts fossiles pour le m\u00eame service \u00e9nerg\u00e9tique rendu si lon met de c\u00f4t\u00e9 les effets de substitution Petersen et Solberg, 2005. Le bilan compar\u00e9 des \u00e9missions de carbone fossile de lensemble du cycle de vie des produits bois et de leurs substituts non-bois nest donc pas toujours en faveur du bois. <img decoding=\"async\" src=\"http:\/\/www.acteurspublics.com\/img\/uploaded\/club\/2015-09-55f004a4ba321.jpg\" alt=\"rencontre acteurs publics\" align=\"left\">  LInsee organise r\u00e9guli\u00e8rement des conf\u00e9rences de presse lors de la publication des La ministre des Affaires sociales et de la Sant\u00e9, sur proposition de Sant\u00e9 publique France SpF, a nomm\u00e9 le Laboratoire de biologie cellulaire et mol\u00e9culaire du CHU de Besan\u00e7on, Centre national de r\u00e9f\u00e9rence des papillomavirus humains.<\/p>\n","protected":false},"excerpt":{"rendered":"<p>rencontre acteurs publics<\/p>\n","protected":false},"author":1,"featured_media":0,"comment_status":"closed","ping_status":"closed","sticky":false,"template":"","format":"standard","meta":{"footnotes":""},"categories":[1],"tags":[],"_links":{"self":[{"href":"http:\/\/zupnija-gomilsko.rkc.si\/journal\/wp-json\/wp\/v2\/posts\/11884"}],"collection":[{"href":"http:\/\/zupnija-gomilsko.rkc.si\/journal\/wp-json\/wp\/v2\/posts"}],"about":[{"href":"http:\/\/zupnija-gomilsko.rkc.si\/journal\/wp-json\/wp\/v2\/types\/post"}],"author":[{"embeddable":true,"href":"http:\/\/zupnija-gomilsko.rkc.si\/journal\/wp-json\/wp\/v2\/users\/1"}],"replies":[{"embeddable":true,"href":"http:\/\/zupnija-gomilsko.rkc.si\/journal\/wp-json\/wp\/v2\/comments?post=11884"}],"version-history":[{"count":1,"href":"http:\/\/zupnija-gomilsko.rkc.si\/journal\/wp-json\/wp\/v2\/posts\/11884\/revisions"}],"predecessor-version":[{"id":11885,"href":"http:\/\/zupnija-gomilsko.rkc.si\/journal\/wp-json\/wp\/v2\/posts\/11884\/revisions\/11885"}],"wp:attachment":[{"href":"http:\/\/zupnija-gomilsko.rkc.si\/journal\/wp-json\/wp\/v2\/media?parent=11884"}],"wp:term":[{"taxonomy":"category","embeddable":true,"href":"http:\/\/zupnija-gomilsko.rkc.si\/journal\/wp-json\/wp\/v2\/categories?post=11884"},{"taxonomy":"post_tag","embeddable":true,"href":"http:\/\/zupnija-gomilsko.rkc.si\/journal\/wp-json\/wp\/v2\/tags?post=11884"}],"curies":[{"name":"wp","href":"https:\/\/api.w.org\/{rel}","templated":true}]}}