
{"id":11910,"date":"2020-10-15T15:32:29","date_gmt":"2020-10-15T15:32:29","guid":{"rendered":"http:\/\/zupnija-gomilsko.rkc.si\/journal\/?p=11910"},"modified":"2020-10-03T17:48:17","modified_gmt":"2020-10-03T17:48:17","slug":"rencontre-vanessa-johnny-depp","status":"publish","type":"post","link":"http:\/\/zupnija-gomilsko.rkc.si\/journal\/2020\/10\/15\/rencontre-vanessa-johnny-depp\/","title":{"rendered":"Rencontre Vanessa Johnny Depp"},"content":{"rendered":"<p><img decoding=\"async\" src=\"http:\/\/f.legossip.net\/img\/2016\/11\/laetitia-milot-laaurent-deutch.jpg\" alt=\"rencontre vanessa johnny depp\" align=\"right\"> Le 22 septembre 2014 est publi\u00e9 un single in\u00e9dit de Vanessa Paradis \u00e9crit et compos\u00e9 par Benjamin Biolay :, extrait de lalbum live Love Songs Tour publi\u00e9 en CD et DVD le 23 novembre 2014.  Le titre a bien \u00e9t\u00e9 enregistr\u00e9 en 1983, la chanteuse le dit elle-m\u00eame : Javais dix ans dans l\u00e9mission Frequenstar. Le titre fut ensuite chant\u00e9 en 1985 lors du Festival Ambrogino Souhaitez-vous personnaliser vos param\u00e8tres des cookies? Cliquez alors sur Param\u00e8tres. En cliquant sur Continuer vers le site, vous nous faites confiance et vous ferez lexp\u00e9rience de notre site dans les meilleures conditions. Continuer vers le site Param\u00e8tres Activer JavaScript dans votre navigateur pour acc\u00e9der \u00e0 linscription sur notre site Jadore Virginie. Je la connais depuis mes d\u00e9buts chez. Elle a tellement de talent, et je pense quelle est la meilleure personne pour garder la m\u00e9moire de Karl vivante. Dans chaque d\u00e9fil\u00e9 Chanel, jai limpression quil y a des pi\u00e8ces de Karl. Je vois encore son influence, son g\u00e9nie. A hrefhttps:www.sudinfo.be222368sectionsmobiliteMobilit\u00e9a \u4eca\u5e74\uff12\u5ea6\u76ee\u306e\uff11\u9031\u9593\u6c34\u65ad\u98df\u304c \u6628\u6669\u7d42\u4e86\u3057\u4eca\u65e5\u304b\u3089\u56de\u5fa9\u98df \u524d\u56de\uff11\u6708\u306e\u6c34\u65ad\u98df\u3067\u306f\uff14\u30ad\u30ed\u6e1b\u91cf \u3057\u305f\u306e\u3060\u3051\u3069\u3082\uff14\u30ad\u30ed\u30ea\u30d0\u30a6\u30f3\u30c9.. En rendant un hommage aux victimes sur Instagram apr\u00e8s les attentats de Paris qui ont fait, selon un dernier.. Des informations suppl\u00e9mentaires sur les param\u00e8tres peuvent \u00eatre consult\u00e9es en cliquant sur Param\u00e8tres, et des informations suppl\u00e9mentaires sur notre politique de confidentialit\u00e9 et cookies peuvent \u00eatre trouv\u00e9es via le lien au bas de cette page.  Lacteur sest mis \u00e0 r\u00eaver sur la sc\u00e8ne du Festival de Glastonbury: et sil tuait le pr\u00e9sident am\u00e9ricain? Recette : un g\u00e2teau \u00e0 la banane qui change du banana bread <img decoding=\"async\" src=\"http:\/\/i1.ytimg.com\/vi\/p-tM1lsKlF8\/0.jpg\" alt=\"rencontre vanessa johnny depp\" align=\"center\"> button classbtn btn-social-icon btn-facebook typebutton onclickdpisocial_share_thishttps:www.facebook.comsharersharer.php?uhttps3A2F2Fwww.sudinfo.be2Fid2033592Farticle2F2020-06-092Fla-pique-de-nagui-lors-de-noubliez-pas-les-paroles-qui-na-pas-plu-aux, facebook, 203359;i classfa fa-facebook icon icon-facebookibutton Le couple est combl\u00e9 par la naissance de leur deuxi\u00e8me enfant pr\u00e9nomm\u00e9 Jack John Christopher III. 23 janvier 2012 Par G.D. Le 05 juillet 2018 \u00e0 12h28 mis \u00e0 jour 05 juillet 2018 \u00e0 12h49 Vanessa Paradis : Johnny Depp, pourquoi il ne voulait pas l\u00e9pouser Depuis le 19 juin 2012 on peut pourtant l\u00e9crire clairement : apr\u00e8s 14 ans Johnny Depp et Vanessa Paradis sont, \u00e0 travers le monde, redevenus c\u00e9libataires! Vous voulez communiquer un renseignement ou vous avez rep\u00e9r\u00e9 une erreur? Nous sommes persuad\u00e9s que lhistoire de chaque \u00eatre humain est tr\u00e8s importante et donne \u00e0 notre communaut\u00e9 la possibilit\u00e9 de ne pas se sentir seule dans ses sentiments, ses r\u00eaves et sa foi. Notre contenu touche les c\u0153urs et ne laisse personne indiff\u00e9rent. Toujours sous la direction de, Vanessa Paradis tourne en janvier 2014 un court m\u00e9trage intitul\u00e9 Quand il ny a plus damour pour le film Rio, I love you, construit \u00e0 partir de plusieurs segments dhistoires,. Ic\u00f4ne de Glamour Ic\u00f4ne utilis\u00e9e pour identifier la marque <img decoding=\"async\" src=\"http:\/\/img3.closermag.fr\/var\/closermag\/storage\/images\/media\/images-des-contenus\/actu-people\/people-francais\/2014-05-11-vanessa-paradis-est-elle-contrariee-par-le-mariage-de-son-ex-johnny-depp\/vanessa-paradis-pendant-l-enregistrement-de-l-emission-vivement-dimanche-le-1er-mai-2014\/2857262-1-fre-FR\/Vanessa-Paradis-pendant-l-enregistrement-de-l-emission-Vivement-dimanche-le-1er-mai-2014_square303x303.jpg\" alt=\"rencontre vanessa johnny depp\" align=\"right\"> M\u00e9lissa Theuriau a publi\u00e9 une vid\u00e9o de sa fille Lila dansant sur le titre All I Want For Christmas de Mariah Carey sur Instagram le 2 janvier 2020.  Vanessa Paradis et Johnny Depp : la fin dun mythe-Galerie-Be-https:www.sudinfo.beart464229articlefunbuzz2012-07-19vanessa-paradis-parle-de-sa-rencontre-avec-johnny-depp-lorsque-je-lui-ai-serre-l, whatsapp, 5ee0faa9caaf1;.<\/p>\n","protected":false},"excerpt":{"rendered":"<p>rencontre vanessa johnny depp<\/p>\n","protected":false},"author":1,"featured_media":0,"comment_status":"closed","ping_status":"closed","sticky":false,"template":"","format":"standard","meta":{"footnotes":""},"categories":[1],"tags":[],"_links":{"self":[{"href":"http:\/\/zupnija-gomilsko.rkc.si\/journal\/wp-json\/wp\/v2\/posts\/11910"}],"collection":[{"href":"http:\/\/zupnija-gomilsko.rkc.si\/journal\/wp-json\/wp\/v2\/posts"}],"about":[{"href":"http:\/\/zupnija-gomilsko.rkc.si\/journal\/wp-json\/wp\/v2\/types\/post"}],"author":[{"embeddable":true,"href":"http:\/\/zupnija-gomilsko.rkc.si\/journal\/wp-json\/wp\/v2\/users\/1"}],"replies":[{"embeddable":true,"href":"http:\/\/zupnija-gomilsko.rkc.si\/journal\/wp-json\/wp\/v2\/comments?post=11910"}],"version-history":[{"count":1,"href":"http:\/\/zupnija-gomilsko.rkc.si\/journal\/wp-json\/wp\/v2\/posts\/11910\/revisions"}],"predecessor-version":[{"id":11911,"href":"http:\/\/zupnija-gomilsko.rkc.si\/journal\/wp-json\/wp\/v2\/posts\/11910\/revisions\/11911"}],"wp:attachment":[{"href":"http:\/\/zupnija-gomilsko.rkc.si\/journal\/wp-json\/wp\/v2\/media?parent=11910"}],"wp:term":[{"taxonomy":"category","embeddable":true,"href":"http:\/\/zupnija-gomilsko.rkc.si\/journal\/wp-json\/wp\/v2\/categories?post=11910"},{"taxonomy":"post_tag","embeddable":true,"href":"http:\/\/zupnija-gomilsko.rkc.si\/journal\/wp-json\/wp\/v2\/tags?post=11910"}],"curies":[{"name":"wp","href":"https:\/\/api.w.org\/{rel}","templated":true}]}}