
{"id":11920,"date":"2020-10-15T20:54:17","date_gmt":"2020-10-15T20:54:17","guid":{"rendered":"http:\/\/zupnija-gomilsko.rkc.si\/journal\/?p=11920"},"modified":"2020-10-03T18:27:01","modified_gmt":"2020-10-03T18:27:01","slug":"rencontres-quebec-france","status":"publish","type":"post","link":"http:\/\/zupnija-gomilsko.rkc.si\/journal\/2020\/10\/15\/rencontres-quebec-france\/","title":{"rendered":"Rencontres Qu\u00e9bec France"},"content":{"rendered":"<p>La demande du Premier Ministre du Qu\u00e9bec. Il en est de m\u00eame Selon Jean-Fran\u00e7ois B\u00e9langer, M. Legault aimerait que ces compagnies investissent davantage au Qu\u00e9bec et y cr\u00e9ent des emplois. <img decoding=\"async\" src=\"http:\/\/www.stasjh.tk\/19138-thickbox_default\/necklace-rhinestones-pendant-iris-gold-color-chain-snake-mesh-l40-45cm-75864.jpg\" alt=\"rencontres qu\u00e9bec france\" align=\"center\">  En fin de journ\u00e9e, la c\u00e9r\u00e9monie douverture officielle de la 3e GREF a \u00e9t\u00e9 marqu\u00e9e par les interventions de Mich\u00e8le Boisvert, d\u00e9l\u00e9gu\u00e9e g\u00e9n\u00e9rale du Qu\u00e9bec \u00e0 Paris et Jean-Benoit Dujol, d\u00e9l\u00e9gu\u00e9 interminist\u00e9riel \u00e0 la Jeunesse en France, en pr\u00e9sence des participants et des repr\u00e9sentants des organismes de mobilit\u00e9 internationale partenaires de l\u00e9v\u00e8nement dont Marianne Bes\u00e8me et Jean-St\u00e9phane Bernard, secr\u00e9taires g\u00e9n\u00e9raux de lOFQJ en France et au Qu\u00e9bec. Ils se sont retrouv\u00e9s \u00e0 lH\u00f4tel de R\u00e9gion, accueillis par Jean Rottner, pr\u00e9sident de la R\u00e9gion Grand Est et Elsa Schalck, vice-pr\u00e9sidente d\u00e9l\u00e9gu\u00e9e \u00e0 la Jeunesse, lorientation et la d\u00e9mocratie et administratrice de lOFQJ. \u00c0 loccasion des entre lorganisme et des francophonies ext\u00e9rieures sont \u00e9tablis comme en 2018 o\u00f9 des auteurs ont particip\u00e9 aux activit\u00e9s de lorganisation. Si un autre choix se pr\u00e9sentait je me tiens \u00e0 votre disposition par courrier \u00e9lectronique : Le 24 janvier 2017 : conf\u00e9rence de sur Les r\u00e9volutions de Leonard Cohen et les paradoxes de la modernit\u00e9. Bye bye routine, hello surprise. Venez rencontrer les c\u00e9libataires de votre r\u00e9gion lors de nos soir\u00e9es Meetic anim\u00e9es et d\u00e9contract\u00e9es. Jaccepte de recevoir les offres sp\u00e9ciales des partenaires du site <img decoding=\"async\" src=\"http:\/\/quebeccompostelle.com\/wp-content\/uploads\/2018\/05\/Mahdi.jpg\" alt=\"rencontres qu\u00e9bec france\" align=\"right\"> Visite au Qu\u00e9bec du pr\u00e9sident de la R\u00e9publique fran\u00e7aise, Vincent Auriol  Dans un esprit learning expedition, les participants seront accompagn\u00e9s par un consultant expert RSE qui animera des sessions de travail quotidiennes et facilitera le passage \u00e0 laction dans vos organisations. Toujours dans lobjectif de tisser des liens daffaires et de cr\u00e9er des \u00e9changes, des sessions de rencontres exclusives seront organis\u00e9es en fonction des attentes sp\u00e9cifiques des participants. Enfin les participants pourront participer \u00e0 la soir\u00e9e de remise des r\u00e9unissant 250 professionnels de la RSE afin de r\u00e9compenser les meilleures pratiques de responsabilit\u00e9 sociale et d\u00e9veloppement durable au Qu\u00e9bec. Parce que nous savons quune fois que vous avez des coups de c\u0153ur partag\u00e9s, initier la conversation nest pas toujours facile. Lara vous donne des conseils pour briser la glace mais pas seulement. Elle peut vous proposer aussi des conseils et des id\u00e9es pour pr\u00e9parer votre future rencontre et des lieux pour faire de votre premier rendez-vous un moment d\u00e9tendu et convivial. Rencontre avec lhumoriste qu\u00e9b\u00e9cois Rachid Badouri de retour en France Recharg\u00e9 La d\u00e9cision pourrait bien avoir des cons\u00e9quences sur le march\u00e9 des colonies de vacances. Croissance dans l\u00e8re post-crise de 2008 et place de la France et du Canada dans le redressement de l\u00e9conomie mondiale gr\u00e2ce \u00e0 leur leadership dans linnovation technologique et linnovation sociale Qu\u00e9bec, le 18 janvier 2019 Le premier ministre du Qu\u00e9bec, Fran\u00e7ois Legault, effectuera, du 20 au 25 janvier 2019, sa premi\u00e8re mission outre-mer depuis son assermentation. \u00c0 cette occasion, il prendra part \u00e0 des rencontres diplomatiques et \u00e9conomiques, \u00e0 Paris, avant de se rendre \u00e0 Davos, en Suisse, o\u00f9 se tiendra le 49e Forum \u00e9conomique mondial, dont le th\u00e8me est Globalization 4.0: Shaping a Global Architecture in the Age of the Fourth Industrial Revolution. Guy Delisle recevra le Prix France-Canada, le jeudi 17 octobre \u00e0 19H dans les salons de la Mairie du 7\u00e8me, pour lensemble de son \u0153uvre, et ce, \u00e0 loccasion de la sortie du 4\u00e8me tome du Guide du Mauvais P\u00e8re chez les \u00c9ditions Delcourt. Wikipedia est une marque d\u00e9pos\u00e9e de la, organisation de bienfaisance r\u00e9gie par le paragraphe du code fiscal des \u00c9tats-Unis. Vous vous \u00eates tout simplement d\u00e9j\u00e0 inscrit. Votre inscription a bien \u00e9t\u00e9 valid\u00e9e et nous vous accueillerons avec plaisir \u00e0 la Journ\u00e9e Etudier au Qu\u00e9bec. De Salom\u00e9 Lefebvre-PellegrinoBonjour, Jai lintention daller travailler en France cet \u00e9t\u00e9, mais jai un petit probl\u00e8me: je nai pas encore 18 ans.. Jai appel\u00e9 plusieurs personnes ayant des fonctions diverses pour me renseigner sur le sujet et jai perdu espoir, jusquau jour o\u00f9 jai trouv\u00e9 ce site: http:vosdroits.service-public.frparticuliersF2736.xhtml J\u00e9tais plut\u00f4t euphorique, mais je  Rencontre avec le Ministre de l\u00e9conomie et de linnovation Qu\u00e9b\u00e9cois, Pierre Fitzgibbon CCI France International <img decoding=\"async\" src=\"http:\/\/cdn.purple.fr\/84d81a74c8cf34a98de6dad271daf068\/static.purple.fr\/2015\/06\/polaroid-andy7-300DPI-300x204.jpg\/300x300\/polaroid-andy7-300DPI-300x204.jpg\" alt=\"rencontres qu\u00e9bec france\" align=\"center\"> 60 jeunes qu\u00e9b\u00e9cois repr\u00e9sentant les 17 r\u00e9gions du Qu\u00e9bec et une entrepreneure de lAlberta ont particip\u00e9 \u00e0 la 3e Grande rencontre des jeunes entrepreneurs du monde francophone GREF, organis\u00e9e \u00e0 Strasbourg, Mulhouse et Nancy France.<\/p>\n","protected":false},"excerpt":{"rendered":"<p>rencontres qu\u00e9bec france<\/p>\n","protected":false},"author":1,"featured_media":0,"comment_status":"closed","ping_status":"closed","sticky":false,"template":"","format":"standard","meta":{"footnotes":""},"categories":[1],"tags":[],"_links":{"self":[{"href":"http:\/\/zupnija-gomilsko.rkc.si\/journal\/wp-json\/wp\/v2\/posts\/11920"}],"collection":[{"href":"http:\/\/zupnija-gomilsko.rkc.si\/journal\/wp-json\/wp\/v2\/posts"}],"about":[{"href":"http:\/\/zupnija-gomilsko.rkc.si\/journal\/wp-json\/wp\/v2\/types\/post"}],"author":[{"embeddable":true,"href":"http:\/\/zupnija-gomilsko.rkc.si\/journal\/wp-json\/wp\/v2\/users\/1"}],"replies":[{"embeddable":true,"href":"http:\/\/zupnija-gomilsko.rkc.si\/journal\/wp-json\/wp\/v2\/comments?post=11920"}],"version-history":[{"count":1,"href":"http:\/\/zupnija-gomilsko.rkc.si\/journal\/wp-json\/wp\/v2\/posts\/11920\/revisions"}],"predecessor-version":[{"id":11921,"href":"http:\/\/zupnija-gomilsko.rkc.si\/journal\/wp-json\/wp\/v2\/posts\/11920\/revisions\/11921"}],"wp:attachment":[{"href":"http:\/\/zupnija-gomilsko.rkc.si\/journal\/wp-json\/wp\/v2\/media?parent=11920"}],"wp:term":[{"taxonomy":"category","embeddable":true,"href":"http:\/\/zupnija-gomilsko.rkc.si\/journal\/wp-json\/wp\/v2\/categories?post=11920"},{"taxonomy":"post_tag","embeddable":true,"href":"http:\/\/zupnija-gomilsko.rkc.si\/journal\/wp-json\/wp\/v2\/tags?post=11920"}],"curies":[{"name":"wp","href":"https:\/\/api.w.org\/{rel}","templated":true}]}}