
{"id":11944,"date":"2020-10-15T02:53:18","date_gmt":"2020-10-15T02:53:18","guid":{"rendered":"http:\/\/zupnija-gomilsko.rkc.si\/journal\/?p=11944"},"modified":"2020-10-03T19:06:15","modified_gmt":"2020-10-03T19:06:15","slug":"les-rencontres-de-la-vente-directe","status":"publish","type":"post","link":"http:\/\/zupnija-gomilsko.rkc.si\/journal\/2020\/10\/15\/les-rencontres-de-la-vente-directe\/","title":{"rendered":"Les Rencontres De La Vente Directe"},"content":{"rendered":"<p>Comprendre tout \u00e7a et m\u00eame pouvoir lexpliquer \u00e0 tata Gertrude et tonton Hubert! Derri\u00e8re LAcad\u00e9mie des VDI, il y a donc un trio de passionn\u00e9s : Jelena, Auguste, et Elisabeth. Je distribue des paniers de l\u00e9gumes de saison, des herbes aromatiques et des \u00e9pices toutes les semaines.  Avant de d\u00e9marrer laventure It Works, je navais jamais travaill\u00e9 dans la VAD, en revanche, jai vu ma m\u00e8re effectuer cette profession pendant des ann\u00e9es. Javais donc les bases de lanimation de r\u00e9union et de constitution dun r\u00e9seau. Jai vu que tu avais d\u00e9j\u00e0 une importante communaut\u00e9 Facebook : quelle est pour toi limportance des r\u00e9seaux sociaux pour ton activit\u00e9? Assister aux formations est tr\u00e8s important si vous voulez d\u00e9marrer sur de bonnes bases et pouvoir vous perfectionner, \u00e9largir vos connaissances et votre champ de comp\u00e9tences au fil du temps. Participer aux r\u00e9unions et formations vous permet de devenir meilleure conseill\u00e8re et donc vous aide \u00e0 r\u00e9ussir. Cest une fa\u00e7on \u00e9galement de conna\u00eetre les actions qui fonctionnent le mieux, dapprendre des exp\u00e9riences des autres, de se sentir appartenir \u00e0 une marque, une \u00e9quipe et de se rebooster 6. DEVELOPPER VOTRE LISTE DE CONTACTS 14Une association de ce type existe depuis un peu plus longtemps dans le d\u00e9partement du Rh\u00f4ne, autre d\u00e9partement o\u00f9 la vente directe sur les march\u00e9s est tr\u00e8s d\u00e9velopp\u00e9e au milieu des ann\u00e9es 1990 plus de 1000 exploitations vivaient, selon la chambre dAgriculture, de la vente directe de leur production sur les march\u00e9s lyonnais. Cette association est \u00e0 lorigine de la cr\u00e9ation dun march\u00e9 de producteurs fermiers, place Carnot, \u00e0 Lyon. Pour cr\u00e9er ce march\u00e9 sp\u00e9cifique, les producteurs se sont appuy\u00e9s sur la Chambre dagriculture et la ville de Lyon. Il sagissait non seulement de garantir le caract\u00e8re fermier, mais aussi de proposer un march\u00e9 \u00e0 dautres horaires, plus adapt\u00e9s aux citadins : un march\u00e9 de fin dapr\u00e8s-midi. Pour les membres fondateurs il sagissait de vendre ce qui est produit \u00e0 la ferme, mais aussi de d\u00e9fendre nos produits de terroir, affirmer et garantir lorigine de nos produits extraits dentretien r\u00e9alis\u00e9s par H. Leleu et E. Vande-Kerckove in lassociation des producteurs fermiers du Rh\u00f4ne, dossier M2 Pro, 2006, 25 p. <img decoding=\"async\" src=\"http:\/\/www.sicagieb.fr\/wp-content\/uploads\/2018\/05\/00015.jpg\" alt=\"les rencontres de la vente directe\" align=\"right\"> Cest un atout pour assurer la promotion de son activit\u00e9 et pour b\u00e9n\u00e9ficier des actions de communication collective. <img decoding=\"async\" src=\"http:\/\/ventedirectemagazine.fr\/wp-content\/uploads\/sites\/5\/2015\/articles-vente-directe-magazine\/silit-web.jpg\" alt=\"les rencontres de la vente directe\" align=\"center\"> D\u00e9sireuse de favoriser le dialogue les acteurs \u00e9conomiques et l\u00c9tat, la pr\u00e9f\u00e8te, Mme Chevalier a rencontr\u00e9 des producteurs sur les circuits courts et la vente directe. Sur la vingtaine dagriculteurs concern\u00e9s convi\u00e9s par M. Bourges, seules 5 exploitations \u00e9taient repr\u00e9sent\u00e9es : Carayon bovins viande, Garrigaud ovins lait, Boismartel safran, Charbonnier bovins et ovins viande, Curvale ovins viande. Les producteurs de viande disaient sadapter \u00e0 la demande en favorisant la livraison \u00e0 domicile dans une zone de chalandise de plus en plus \u00e9tendue H\u00e9rault, Hte Garonne, r\u00e9gion PACA. Les producteurs de lait et de safran pr\u00e9f\u00e9rant la vente directe sur les march\u00e9s, foires etc. Un aspect commercial qui, pour M. Lescure, conseiller agricole, exige : Des comp\u00e9tences suppl\u00e9mentaires. Savoir vendre son produit, cest un autre m\u00e9tier qui sajoute au m\u00e9tier de lagriculture. Constat que reprenait M. Curvale : Ce nest pas la solution pour tous. Il faut apprendre \u00e0 ma\u00eetriser nos prix de vente en calculant nos prix de revient. Toutes les crises nous consolident, nous sommes tous en sous-production car les consommateurs se rapprochent des producteurs. Il faut d\u00e9culpabiliser, on doit \u00eatre fier de nos produits devant nos clients. Nous apportons une notion de confiance et de services, le consommateur est pr\u00eat \u00e0 payer pour des produits de qualit\u00e9, nous navons pas de complexe \u00e0 avoir. Elu \u00e0 la chambre dAgriculture, repr\u00e9sentant la Conf\u00e9d\u00e9ration Paysanne, C. Curvale \u00e9voquait la nouvelle attestation producteur-vendeur d\u00e9livr\u00e9e suite \u00e0 une visite de lexploitation : On a compris quil fallait ma\u00eetriser production et transformation. On marche sur nos jambes, on sest construit un espace de libert\u00e9. FF : Cest une question excessivement complexe, car elle d\u00e9pend de votre situation personnelle et des statuts qui vous seront propos\u00e9s par lentreprise. Ce que lon peut dire en revanche, cest que tous les statuts propos\u00e9s vous donnent droit \u00e0 une retraite de base en fonction de vos cotisations. <img decoding=\"async\" src=\"http:\/\/img.over-blog-kiwi.com\/1\/37\/89\/12\/20161005\/ob_04859f_salon-vdi-cecile-cloarec-partylite2.jpg\" alt=\"les rencontres de la vente directe\" align=\"center\"> Depuis le 18 juin, Nespresso orchestre en France une campagne daffichage, presse et digitale centr\u00e9e sur sa nouvelle capsule r\u00e9alis\u00e9e \u00e0 80.. La vente en ligne permet aussi de d\u00e9velopper une autre valeur ajout\u00e9e, compl\u00e9mentaire \u00e0 celle apport\u00e9e par la vente en blanc des fromages aupr\u00e8s des affineurs. Avec cette valeur ajout\u00e9e, la coop\u00e9rative fournit des emplois locaux. Elle contribue aussi \u00e9galement \u00e0 lattrait touristique du Jura, au rayonnement dans toute la France dun savoir-faire r\u00e9gional. Bravo les filles!! Un projet lourd \u00e0 mener mais vous vous projetez dans lavenir..  You are using Internet Explorer 6. Please upgrade your browser to increase safety and your browsing experience. Choose one of the following links to download a modern browser Les navigateurs sont gratuits et faciles \u00e0 installer. Vendre en direct : Les modes dapproche de la vente directe 06052020 Le Salon de lagriculture de Nouvelle-Aquitaine ne pourra se tenir, les organisateurs proposent donc du 18 au 20 la Semaine de lagriculture 100 en ligne! La 60e \u00e9dition du Salon de lAgriculture de Nouvelle-Aquitaine a malheureusement d\u00fb \u00eatre annul\u00e9e en raison du Covid-19, mais dans loptique de conserver ce rendez-vous annuel entre les agriculteurs et le public, cette ann\u00e9e se tiendra La Semaine de lAgriculture Nouvelle-Aquitaine 100 en ligne. Durant cette semaine enti\u00e8rement consacr\u00e9e \u00e0 lagriculture, le Salon proposera des reportages, des d\u00e9bats ainsi que des interviews dexperts sur les r\u00e9seaux sociaux et sur lagriweb.tv, la web TV du Salon. .<\/p>\n","protected":false},"excerpt":{"rendered":"<p>les rencontres de la vente directe<\/p>\n","protected":false},"author":1,"featured_media":0,"comment_status":"closed","ping_status":"closed","sticky":false,"template":"","format":"standard","meta":{"footnotes":""},"categories":[1],"tags":[],"_links":{"self":[{"href":"http:\/\/zupnija-gomilsko.rkc.si\/journal\/wp-json\/wp\/v2\/posts\/11944"}],"collection":[{"href":"http:\/\/zupnija-gomilsko.rkc.si\/journal\/wp-json\/wp\/v2\/posts"}],"about":[{"href":"http:\/\/zupnija-gomilsko.rkc.si\/journal\/wp-json\/wp\/v2\/types\/post"}],"author":[{"embeddable":true,"href":"http:\/\/zupnija-gomilsko.rkc.si\/journal\/wp-json\/wp\/v2\/users\/1"}],"replies":[{"embeddable":true,"href":"http:\/\/zupnija-gomilsko.rkc.si\/journal\/wp-json\/wp\/v2\/comments?post=11944"}],"version-history":[{"count":1,"href":"http:\/\/zupnija-gomilsko.rkc.si\/journal\/wp-json\/wp\/v2\/posts\/11944\/revisions"}],"predecessor-version":[{"id":11945,"href":"http:\/\/zupnija-gomilsko.rkc.si\/journal\/wp-json\/wp\/v2\/posts\/11944\/revisions\/11945"}],"wp:attachment":[{"href":"http:\/\/zupnija-gomilsko.rkc.si\/journal\/wp-json\/wp\/v2\/media?parent=11944"}],"wp:term":[{"taxonomy":"category","embeddable":true,"href":"http:\/\/zupnija-gomilsko.rkc.si\/journal\/wp-json\/wp\/v2\/categories?post=11944"},{"taxonomy":"post_tag","embeddable":true,"href":"http:\/\/zupnija-gomilsko.rkc.si\/journal\/wp-json\/wp\/v2\/tags?post=11944"}],"curies":[{"name":"wp","href":"https:\/\/api.w.org\/{rel}","templated":true}]}}