
{"id":11986,"date":"2020-10-15T02:53:32","date_gmt":"2020-10-15T02:53:32","guid":{"rendered":"http:\/\/zupnija-gomilsko.rkc.si\/journal\/?p=11986"},"modified":"2020-10-03T20:28:37","modified_gmt":"2020-10-03T20:28:37","slug":"rencontre-arles-2010","status":"publish","type":"post","link":"http:\/\/zupnija-gomilsko.rkc.si\/journal\/2020\/10\/15\/rencontre-arles-2010\/","title":{"rendered":"Rencontre Arles 2010"},"content":{"rendered":"<p>Lexposition Shot! sur le tir photographique. Mention sp\u00e9ciale pour Jean-Fran\u00e7ois Lecourt et Rudolf Steiner qui ont pris le principe au pied de la lettre en tirant carr\u00e9ment \u00e0 balles r\u00e9elles sur le tirage ou directement sur lappareil de prise de vue.  <img decoding=\"async\" src=\"http:\/\/www.rencontres-arles.com\/files\/expert_thumbnail_71.jpg\" alt=\"rencontre arles 2010\" align=\"left\"> homepixelcreejsourcestypo3_src-8.7.24typo3sysextfrontendClassesPagePageGenerator.php:  France 14, projet n\u00e9 \u00e0 Arles \u00e0 linitiative des 14 photographes invit\u00e9s par Raymond Depardon en 2006. Ils pr\u00e9sentent leur propre regard sur la France. Le festival a g\u00e9n\u00e9r\u00e9 plus de 30 millions deuros de retomb\u00e9es \u00e9conomiques directes et indirectes sur le territoire en 2018. Cette ann\u00e9e, Les Rencontres dArles f\u00eatent leurs 50 ans avec 51 expos. Pour vous aider \u00e0 faire un choix judicieux, Le Point vous propose sept itin\u00e9raires th\u00e9matiques, plus ou moins longs, qui se d\u00e9ploient dans toute la ville. Tous les parcours se retrouvent dans le dossier Rencontre Arles 2019. AL : Si vous deviez choisir une photographie embl\u00e9matique de ce qui, en termes de communication, ne pourrait plus se faire aujourdhui dans le syst\u00e8me tr\u00e8s m\u00e9diatis\u00e9 des stars du rock? Un univers o\u00f9 chaque photo tableau? est un monde en soi, devant lequel on peut passer des minutes, des heures, \u00e0 en explorer toute la richesse de la mise en sc\u00e8ne, \u00e0 scruter tous les d\u00e9tails, comme si on lisait un livre, o\u00f9 lintrigue se d\u00e9voile chapitre apr\u00e8s chapitre. \u00c0 chaque fois, les contr\u00f4leurs ont pris, pour \u00e9clairer leur constat, des photographies. Saisissez votre adresse e-mail pour vous abonner et recevoir une notification pour chaque nouvel article. Les Rencontres dArles ont souhait\u00e9 prendre une part active dans ce projet en collaboration \u00e9troite avec les diff\u00e9rents acteurs culturels de la Ville dArles. Elles ont ainsi propos\u00e9 dans le courant de l\u00e9t\u00e9 2019 des visites d\u00e9di\u00e9es des expositions \u00e0 destination des personnes en situation de handicap. Elles ont \u00e9galement propos\u00e9 des stages pratiques \u00e0 destination des personnels encadrant de diff\u00e9rentes structures daccueil des personnes en situation de handicap. <img decoding=\"async\" src=\"http:\/\/interventionsjournal.files.wordpress.com\/2012\/01\/edwoudt-boonstra.jpg\" alt=\"rencontre arles 2010\" align=\"center\"> Livre : Les Rencontres dArles 2010 \u00e9crit par Bouches-du-Rh\u00f4ne Rencontres internationales de la photographie 41 ; 2010 ; Arles-Actes Sud Notre-Dame-des-Landes ou le m\u00e9tier de vivre, galerie Salle Principale, Paris, octobre 2018  Laffluence a concern\u00e9 les trois p\u00e9riodes des Rencontres, 13 000 participants lors de la semaine douverture, une grande affluence tout l\u00e9t\u00e9 avec une semaine record autour du 15 ao\u00fbt 8 500 visiteurs et plus de 8 200 \u00e9l\u00e8ves, 630 professeurs et 270 classes pour la Rentr\u00e9e en Image en septembre. <img decoding=\"async\" src=\"http:\/\/www.foto8.com\/live\/wp-content\/uploads\/2010\/07\/vangogh.jpg\" alt=\"rencontre arles 2010\" align=\"right\"> Array of speakers includes Tom Stoppard, Boris Johnson, Max Hastings, Rupert Everett, Ian Hislop and Joanna Lumley. Apr\u00e8s son immersion dans les sph\u00e8res du pouvoir, Christian Lutz sintroduit dans lunivers des casinos. Dabord Las Vegas pour la s\u00e9rie Insert Coins, puis tout r\u00e9cemment Macao pour The Pearl River. Artistes nomin\u00e9s par Hans Ulrich Obrist Co-directeur des programmes de la Serpentine Gallery, Londres et Philippe Parreno, artiste, Paris : Trisha Donnelly, Shannon Ebner, Hans-Peter Feldmann, Darius Khondji, Kazuo Shinohara, Taryn Simon de la ville, en face des ar\u00e8nes. Cette ann\u00e9e, lorganisation des Rencontres dArles inaugure un stage pour les jeunes de 12 \u00e0 116 ans qui se d\u00e9roulera du 17 au 20 ao\u00fbt 2010. Le nombre de participants est limit\u00e9 \u00e0 12 personnes \u00e0 lexception des stages dune Lhistorien de la photographie va jusquau bout de sa proposition iconoclaste en pr\u00e9sentant \u00e0 la fois des clich\u00e9s danonymes et de c\u00e9l\u00e9brit\u00e9s friands de ces stands de tir o\u00f9 lon gagnait son autoportrait en tireur qui touche sa cible. Mais aussi des travaux dartistes sappropriant ces images ou le dispositif lui-m\u00eame, pour cr\u00e9er une oeuvre et r\u00e9fl\u00e9chir aux troublantes similitudes entre la violence de larme \u00e0 feu et celle de lappareil photographique. The gu es t st ar of the Rencontres Internationales d e l a Pho tog ra phie in Arles, Fr ance, this portraitist,.. 00098: instance this-objectContainer-getInstanceobjectName, arguments; Les Rencontres dArles, fond\u00e9 en 1969, est d\u00e9j\u00e0 devenu un des plus importants festivals photographiques du monde. Pour Arles, cest la premi\u00e8re fois que ses expositions seront tenues \u00e0 lext\u00e9rieur du territoire de la France, a expliqu\u00e9 Fran\u00e7ois H\u00e9bel, directeur artistique du festival international de photographie des Rencontres dArles.<\/p>\n","protected":false},"excerpt":{"rendered":"<p>rencontre arles 2010<\/p>\n","protected":false},"author":1,"featured_media":0,"comment_status":"closed","ping_status":"closed","sticky":false,"template":"","format":"standard","meta":{"footnotes":""},"categories":[1],"tags":[],"_links":{"self":[{"href":"http:\/\/zupnija-gomilsko.rkc.si\/journal\/wp-json\/wp\/v2\/posts\/11986"}],"collection":[{"href":"http:\/\/zupnija-gomilsko.rkc.si\/journal\/wp-json\/wp\/v2\/posts"}],"about":[{"href":"http:\/\/zupnija-gomilsko.rkc.si\/journal\/wp-json\/wp\/v2\/types\/post"}],"author":[{"embeddable":true,"href":"http:\/\/zupnija-gomilsko.rkc.si\/journal\/wp-json\/wp\/v2\/users\/1"}],"replies":[{"embeddable":true,"href":"http:\/\/zupnija-gomilsko.rkc.si\/journal\/wp-json\/wp\/v2\/comments?post=11986"}],"version-history":[{"count":1,"href":"http:\/\/zupnija-gomilsko.rkc.si\/journal\/wp-json\/wp\/v2\/posts\/11986\/revisions"}],"predecessor-version":[{"id":11987,"href":"http:\/\/zupnija-gomilsko.rkc.si\/journal\/wp-json\/wp\/v2\/posts\/11986\/revisions\/11987"}],"wp:attachment":[{"href":"http:\/\/zupnija-gomilsko.rkc.si\/journal\/wp-json\/wp\/v2\/media?parent=11986"}],"wp:term":[{"taxonomy":"category","embeddable":true,"href":"http:\/\/zupnija-gomilsko.rkc.si\/journal\/wp-json\/wp\/v2\/categories?post=11986"},{"taxonomy":"post_tag","embeddable":true,"href":"http:\/\/zupnija-gomilsko.rkc.si\/journal\/wp-json\/wp\/v2\/tags?post=11986"}],"curies":[{"name":"wp","href":"https:\/\/api.w.org\/{rel}","templated":true}]}}